{"id":12371,"date":"2013-11-27T09:51:12","date_gmt":"2013-11-27T07:51:12","guid":{"rendered":"http:\/\/www.bbyhaber.com\/bby\/?p=12371"},"modified":"2013-11-27T09:51:12","modified_gmt":"2013-11-27T07:51:12","slug":"kulu-halk-kutuphanesi%e2%80%99ndeki-kitaplar-milas-sisteminde","status":"publish","type":"post","link":"https:\/\/www.bbyhaber.com\/bby\/2013\/11\/27\/kulu-halk-kutuphanesi%e2%80%99ndeki-kitaplar-milas-sisteminde","title":{"rendered":"Kulu Halk K\u00fct\u00fcphanesi\u2019ndeki Kitaplar Milas Sisteminde"},"content":{"rendered":"<p style=\"text-align: justify;\"><img loading=\"lazy\" decoding=\"async\" class=\"alignleft\" src=\"http:\/\/www.elazighaberi.com\/images\/haberler\/kulu_halk_kutuphanesindeki_kitaplar_milas_sisteminde.jpg\" alt=\"\" width=\"261\" height=\"135\" \/>Konya\u2019n\u0131n Kulu il\u00e7esinde bulunan Halk K\u00fct\u00fcphanesi\u2019ndeki kitaplar Milas K\u00fct\u00fcphane Otomasyon Sistemi\u2019ne kaydedildi. K\u00fct\u00fcphane sorumlusu Cemal \u00c7al\u0131\u015fkan, Kulu Halk K\u00fct\u00fcphanesi\u2019nde bulunan kitaplar\u0131n tamam\u0131n\u0131n Milas K\u00fct\u00fcphane Otomasyon Sistemi\u2019ne kay\u0131tlar\u0131n\u0131n yap\u0131ld\u0131\u011f\u0131n\u0131 belirterek,<!--more--> \u201cHerhangi bir konu ile ilgili bilgilerden faydalanmak i\u00e7in konu hakk\u0131ndaki kitab\u0131n bilgisayar ortam\u0131nda hangi rafta, hangi b\u00f6l\u00fcmde olup, olmad\u0131\u011f\u0131n\u0131 an\u0131nda bulunabilir. Ayr\u0131ca istenilen kitab\u0131n ve dergilerin k\u00fct\u00fcphanede mevcut olup olmad\u0131\u011f\u0131 da an\u0131nda \u00f6\u011frenilebilir. K\u00fct\u00fcphanede hi\u00e7bir \u00fccret \u00f6demeden \u00f6\u011frenciler dersler konusunda yard\u0131mc\u0131 bilgilere ula\u015fabiliyor. K\u00fct\u00fcphanede \u00f6d\u00fcn\u00e7 kitap al\u0131p vermede \u00f6\u011frenci say\u0131s\u0131nda g\u00fcn ge\u00e7tik\u00e7e art\u0131\u015f ya\u015fan\u0131yor\u201d dedi.<\/p>\n<p style=\"text-align: justify;\">Kaynak: http:\/\/www.elazighaberi.com<\/p>\n","protected":false},"excerpt":{"rendered":"<p>Konya\u2019n\u0131n Kulu il\u00e7esinde bulunan Halk K\u00fct\u00fcphanesi\u2019ndeki kitaplar Milas K\u00fct\u00fcphane Otomasyon Sistemi\u2019ne kaydedildi. K\u00fct\u00fcphane sorumlusu Cemal \u00c7al\u0131\u015fkan, Kulu Halk K\u00fct\u00fcphanesi\u2019nde bulunan kitaplar\u0131n tamam\u0131n\u0131n Milas K\u00fct\u00fcphane Otomasyon Sistemi\u2019ne kay\u0131tlar\u0131n\u0131n yap\u0131ld\u0131\u011f\u0131n\u0131 belirterek,<\/p>\n","protected":false},"author":1,"featured_media":0,"comment_status":"open","ping_status":"open","sticky":false,"template":"","format":"standard","meta":{"footnotes":""},"categories":[1],"tags":[848],"class_list":["post-12371","post","type-post","status-publish","format-standard","hentry","category-genel","tag-halk-kutuphaneleri"],"_links":{"self":[{"href":"https:\/\/www.bbyhaber.com\/bby\/wp-json\/wp\/v2\/posts\/12371"}],"collection":[{"href":"https:\/\/www.bbyhaber.com\/bby\/wp-json\/wp\/v2\/posts"}],"about":[{"href":"https:\/\/www.bbyhaber.com\/bby\/wp-json\/wp\/v2\/types\/post"}],"author":[{"embeddable":true,"href":"https:\/\/www.bbyhaber.com\/bby\/wp-json\/wp\/v2\/users\/1"}],"replies":[{"embeddable":true,"href":"https:\/\/www.bbyhaber.com\/bby\/wp-json\/wp\/v2\/comments?post=12371"}],"version-history":[{"count":0,"href":"https:\/\/www.bbyhaber.com\/bby\/wp-json\/wp\/v2\/posts\/12371\/revisions"}],"wp:attachment":[{"href":"https:\/\/www.bbyhaber.com\/bby\/wp-json\/wp\/v2\/media?parent=12371"}],"wp:term":[{"taxonomy":"category","embeddable":true,"href":"https:\/\/www.bbyhaber.com\/bby\/wp-json\/wp\/v2\/categories?post=12371"},{"taxonomy":"post_tag","embeddable":true,"href":"https:\/\/www.bbyhaber.com\/bby\/wp-json\/wp\/v2\/tags?post=12371"}],"curies":[{"name":"wp","href":"https:\/\/api.w.org\/{rel}","templated":true}]}}