{"id":12366,"date":"2013-11-26T10:58:28","date_gmt":"2013-11-26T08:58:28","guid":{"rendered":"http:\/\/www.bbyhaber.com\/bby\/?p=12366"},"modified":"2014-07-01T13:13:00","modified_gmt":"2014-07-01T10:13:00","slug":"kulubeden-kutuphaneye-uzanan-eller","status":"publish","type":"post","link":"https:\/\/www.bbyhaber.com\/bby\/2013\/11\/26\/kulubeden-kutuphaneye-uzanan-eller","title":{"rendered":"Kul\u00fcbeden K\u00fct\u00fcphaneye Uzanan Eller"},"content":{"rendered":"<p style=\"text-align: justify;\">Sakarya \u00dcniversitesi Hendek E\u011fitim Fak\u00fcltesi T\u00fcrk\u00e7e \u00d6\u011fretmenli\u011fi 2.s\u0131n\u0131f \u00f6\u011frencilerinin \u00f6zverili \u00e7al\u0131\u015fmalar\u0131yla kurulan kitapevi, toplad\u0131\u011f\u0131 ilk kitaplar\u0131 Erzurum\u2019un Pasinler il\u00e7esine ba\u011fl\u0131 Epsemce K\u00f6y\u00fc\u2019ne k\u00fct\u00fcphane kurmak amac\u0131yla yollad\u0131.\u00a0K\u00fc\u00e7\u00fck bir kitapevinden T\u00fcrkiye\u2019de kitaba ihtiya\u00e7 duyulan her yere yard\u0131m eli uzat\u0131l\u0131yor. Sakarya \u00dcniversitesi \u00f6\u011frencileri ve Hendek il\u00e7e halk\u0131n\u0131n ortakla\u015fa \u00e7al\u0131\u015fmalar\u0131yla, her \u00e7e\u015fit kitap ve dergiyle, faaliyet g\u00f6steren kitapevi 7\u2032den 70\u2032e her ya\u015f grubuna hitap ediyor.<!--more--><\/p>\n<p style=\"text-align: justify;\">Projenin ilk ad\u0131m\u0131n\u0131 atan SA\u00dc E\u011fitim Fak\u00fcltesi \u00f6\u011frencilerinden O\u011fuz Uz ve Cengiz Y\u0131ld\u0131r\u0131m, Erzurum\u2019un Pasinler il\u00e7esinde ba\u011fl\u0131 bir k\u00f6y okulu olan Epsemce Ortaokulu\u2019ndaki idealist k\u00f6y \u00f6\u011fretmenin yard\u0131m \u00e7a\u011fr\u0131s\u0131na kay\u0131ts\u0131z kalamam\u0131\u015f ve bu k\u00f6yde bir k\u00fct\u00fcphane kurmak i\u00e7in harekete ge\u00e7mi\u015f.<\/p>\n<p style=\"text-align: justify;\">\u0130lk olarak T\u00fcrk\u00e7e \u00d6\u011fretmenli\u011fi b\u00f6l\u00fcm\u00fcne, daha sonra da Hendek E\u011fitim Fak\u00fcltesi\u2019ne durumu haber veren \u00f6\u011frenciler Hendek Belediyesi\u2019ne ait olan Kitabevi\u2019nin bak\u0131m\u0131n\u0131 \u00fcstlenerek durumu Hendek halk\u0131na da iletmi\u015fler. Ba\u015fta \u00f6\u011frencilerin ve Hendek halk\u0131n\u0131n kitabevine yapt\u0131\u011f\u0131 kitap yard\u0131mlar\u0131yla toplanan kitaplardan olu\u015fan dokuz koli kitab\u0131, 30 Ekim 2013 tarihinde Epsemce Ortaokuluna yollam\u0131\u015flar. A\u00e7\u0131lan ilk k\u00fct\u00fcphanenin yenilerini a\u00e7ma isteklerini art\u0131rd\u0131\u011f\u0131n\u0131 s\u00f6yleyen Uz ve Y\u0131ld\u0131r\u0131m; \u201c Daha \u00e7ok okula yard\u0131m edebilmek i\u00e7in hay\u0131rsever vatanda\u015flar\u0131n ve \u00fcniversitemiz \u00f6\u011frencilerinin, kitabevimize kitap ba\u011f\u0131\u015f\u0131 yapmalar\u0131n\u0131 bekliyoruz.<\/p>\n<p style=\"text-align: justify;\">Herkesin evinde i\u015fine yaramad\u0131\u011f\u0131n\u0131 d\u00fc\u015f\u00fcnd\u00fc\u011f\u00fc bir kitap ya da dergi muhakkak vard\u0131r. Bu ba\u011f\u0131\u015flar k\u00f6y okullar\u0131nda g\u00fc\u00e7 \u015fartlarda e\u011fitimlerini s\u00fcrd\u00fcren \u00f6\u011frencilerin e\u011fitimleri i\u00e7in faydal\u0131 olabilir. Gelece\u011fimiz i\u00e7in umut olabilir\u201d diyerek \u00e7al\u0131\u015fmalar\u0131na ba\u015flad\u0131klar\u0131 g\u00fcnk\u00fc hevesle devam edeceklerini dile getirdiler.<\/p>\n<p style=\"text-align: justify;\">Kaynak:http:\/\/www.abbasguclu.com.tr<\/p>\n","protected":false},"excerpt":{"rendered":"<p>Sakarya \u00dcniversitesi Hendek E\u011fitim Fak\u00fcltesi T\u00fcrk\u00e7e \u00d6\u011fretmenli\u011fi 2.s\u0131n\u0131f \u00f6\u011frencilerinin \u00f6zverili \u00e7al\u0131\u015fmalar\u0131yla kurulan kitapevi, toplad\u0131\u011f\u0131 ilk kitaplar\u0131 Erzurum\u2019un Pasinler il\u00e7esine ba\u011fl\u0131 Epsemce K\u00f6y\u00fc\u2019ne k\u00fct\u00fcphane kurmak amac\u0131yla yollad\u0131.\u00a0K\u00fc\u00e7\u00fck bir kitapevinden T\u00fcrkiye\u2019de kitaba ihtiya\u00e7 duyulan her yere yard\u0131m eli uzat\u0131l\u0131yor. Sakarya \u00dcniversitesi \u00f6\u011frencileri ve Hendek il\u00e7e halk\u0131n\u0131n ortakla\u015fa \u00e7al\u0131\u015fmalar\u0131yla, her \u00e7e\u015fit kitap ve dergiyle, faaliyet g\u00f6steren kitapevi 7\u2032den [&hellip;]<\/p>\n","protected":false},"author":1,"featured_media":0,"comment_status":"open","ping_status":"open","sticky":false,"template":"","format":"standard","meta":{"footnotes":""},"categories":[1],"tags":[],"class_list":["post-12366","post","type-post","status-publish","format-standard","hentry","category-genel"],"_links":{"self":[{"href":"https:\/\/www.bbyhaber.com\/bby\/wp-json\/wp\/v2\/posts\/12366"}],"collection":[{"href":"https:\/\/www.bbyhaber.com\/bby\/wp-json\/wp\/v2\/posts"}],"about":[{"href":"https:\/\/www.bbyhaber.com\/bby\/wp-json\/wp\/v2\/types\/post"}],"author":[{"embeddable":true,"href":"https:\/\/www.bbyhaber.com\/bby\/wp-json\/wp\/v2\/users\/1"}],"replies":[{"embeddable":true,"href":"https:\/\/www.bbyhaber.com\/bby\/wp-json\/wp\/v2\/comments?post=12366"}],"version-history":[{"count":0,"href":"https:\/\/www.bbyhaber.com\/bby\/wp-json\/wp\/v2\/posts\/12366\/revisions"}],"wp:attachment":[{"href":"https:\/\/www.bbyhaber.com\/bby\/wp-json\/wp\/v2\/media?parent=12366"}],"wp:term":[{"taxonomy":"category","embeddable":true,"href":"https:\/\/www.bbyhaber.com\/bby\/wp-json\/wp\/v2\/categories?post=12366"},{"taxonomy":"post_tag","embeddable":true,"href":"https:\/\/www.bbyhaber.com\/bby\/wp-json\/wp\/v2\/tags?post=12366"}],"curies":[{"name":"wp","href":"https:\/\/api.w.org\/{rel}","templated":true}]}}