{"id":12359,"date":"2013-11-25T23:57:41","date_gmt":"2013-11-25T21:57:41","guid":{"rendered":"http:\/\/www.bbyhaber.com\/bby\/?p=12359"},"modified":"2013-11-26T00:02:42","modified_gmt":"2013-11-25T22:02:42","slug":"turkiyeden-dailymotiona-erisim-engellendi","status":"publish","type":"post","link":"https:\/\/www.bbyhaber.com\/bby\/2013\/11\/25\/turkiyeden-dailymotiona-erisim-engellendi","title":{"rendered":"T\u00fcrkiye&#8217;den Dailymotion&#8217;a eri\u015fim engellendi!"},"content":{"rendered":"<p style=\"text-align: justify;\"><a href=\"http:\/\/www.polis.web.tr\/images\/haberler\/turkiyeden_dailymotiona_erisim_engellendi_h3888.jpg\"><img loading=\"lazy\" decoding=\"async\" class=\"alignleft\" src=\"http:\/\/www.polis.web.tr\/images\/haberler\/turkiyeden_dailymotiona_erisim_engellendi_h3888.jpg\" alt=\"\" width=\"193\" height=\"154\" \/><\/a>Pop\u00fcler Video payla\u015f\u0131m sitesi olan <span style=\"color: #0000ff;\"><a href=\"http:\/\/www.dailymotion.com\/\" target=\"_blank\"><span style=\"color: #0000ff;\">Dailymotion<\/span><\/a><\/span>&#8216;a bug\u00fcn T\u00fcrkiye&#8217;den eri\u015fim engellendi.25 Kas\u0131m Pazartesi g\u00fcn\u00fc\u00a0Dailymotion&#8217;a girmek isteyen kullan\u0131c\u0131lar &#8220;Ula\u015fmaya \u00e7al\u0131\u015ft\u0131\u011f\u0131n\u0131z internet sitesi a\u015fa\u011f\u0131da say\u0131lan mahkeme kararlar\u0131 ile eri\u015fime engellenmi\u015ftir. T.C.Beyo\u011flu Cumhuriyet Ba\u015fsavc\u0131l\u0131\u011f\u0131&#8217;n\u0131n 24.03.2009 tarih ve 2009\/25 say\u0131l\u0131 karar\u0131 gere\u011fi eri\u015fime kapanm\u0131\u015ft\u0131r.\u00a0 Adana 9. Sulh Ceza Mahkemesi&#8217;n\u0131n 08.11.2013 tarihli 2013\/2422 D. \u0130\u015f ve \/ say\u0131l\u0131 karar&#8221; yaz\u0131s\u0131 ile kar\u015f\u0131la\u015f\u0131yor.<\/p>\n<p><!--more--><\/p>\n<p style=\"text-align: justify;\">Kaynak: http:\/\/www.polis.web.tr<\/p>\n","protected":false},"excerpt":{"rendered":"<p>Pop\u00fcler Video payla\u015f\u0131m sitesi olan Dailymotion&#8216;a bug\u00fcn T\u00fcrkiye&#8217;den eri\u015fim engellendi.25 Kas\u0131m Pazartesi g\u00fcn\u00fc\u00a0Dailymotion&#8217;a girmek isteyen kullan\u0131c\u0131lar &#8220;Ula\u015fmaya \u00e7al\u0131\u015ft\u0131\u011f\u0131n\u0131z internet sitesi a\u015fa\u011f\u0131da say\u0131lan mahkeme kararlar\u0131 ile eri\u015fime engellenmi\u015ftir. T.C.Beyo\u011flu Cumhuriyet Ba\u015fsavc\u0131l\u0131\u011f\u0131&#8217;n\u0131n 24.03.2009 tarih ve 2009\/25 say\u0131l\u0131 karar\u0131 gere\u011fi eri\u015fime kapanm\u0131\u015ft\u0131r.\u00a0 Adana 9. Sulh Ceza Mahkemesi&#8217;n\u0131n 08.11.2013 tarihli 2013\/2422 D. \u0130\u015f ve \/ say\u0131l\u0131 karar&#8221; yaz\u0131s\u0131 ile [&hellip;]<\/p>\n","protected":false},"author":1,"featured_media":0,"comment_status":"open","ping_status":"open","sticky":false,"template":"","format":"standard","meta":{"footnotes":""},"categories":[1],"tags":[],"class_list":["post-12359","post","type-post","status-publish","format-standard","hentry","category-genel"],"_links":{"self":[{"href":"https:\/\/www.bbyhaber.com\/bby\/wp-json\/wp\/v2\/posts\/12359"}],"collection":[{"href":"https:\/\/www.bbyhaber.com\/bby\/wp-json\/wp\/v2\/posts"}],"about":[{"href":"https:\/\/www.bbyhaber.com\/bby\/wp-json\/wp\/v2\/types\/post"}],"author":[{"embeddable":true,"href":"https:\/\/www.bbyhaber.com\/bby\/wp-json\/wp\/v2\/users\/1"}],"replies":[{"embeddable":true,"href":"https:\/\/www.bbyhaber.com\/bby\/wp-json\/wp\/v2\/comments?post=12359"}],"version-history":[{"count":0,"href":"https:\/\/www.bbyhaber.com\/bby\/wp-json\/wp\/v2\/posts\/12359\/revisions"}],"wp:attachment":[{"href":"https:\/\/www.bbyhaber.com\/bby\/wp-json\/wp\/v2\/media?parent=12359"}],"wp:term":[{"taxonomy":"category","embeddable":true,"href":"https:\/\/www.bbyhaber.com\/bby\/wp-json\/wp\/v2\/categories?post=12359"},{"taxonomy":"post_tag","embeddable":true,"href":"https:\/\/www.bbyhaber.com\/bby\/wp-json\/wp\/v2\/tags?post=12359"}],"curies":[{"name":"wp","href":"https:\/\/api.w.org\/{rel}","templated":true}]}}