{"id":1235,"date":"2010-10-05T16:50:53","date_gmt":"2010-10-05T16:50:53","guid":{"rendered":"http:\/\/www.bbyhaber.com\/bby\/?p=1235"},"modified":"2011-11-18T16:51:17","modified_gmt":"2011-11-18T16:51:17","slug":"dumlupinar-universitesi-merkez-kutuphane-acildi","status":"publish","type":"post","link":"https:\/\/www.bbyhaber.com\/bby\/2010\/10\/05\/dumlupinar-universitesi-merkez-kutuphane-acildi","title":{"rendered":"Dumlup\u0131nar \u00dcniversitesi Merkez K\u00fct\u00fcphane A\u00e7\u0131ld\u0131"},"content":{"rendered":"<p style=\"text-align: justify;\" align=\"justify\">K\u00fctahya Dumlup\u0131nar \u00dcniversitesi Merekez K\u00fct\u00fcphanesi, \u0130ktisadi ve \u0130dari Bilimler Fak\u00fcltesi&#8217;nde d\u00fczenlenen 2010-2011 e\u011fitim-\u00f6\u011fretim y\u0131l\u0131 t\u00f6reninden sonra K\u00fctahya Valisi \u015e\u00fckr\u00fc Kocatepe ve kat\u0131l\u0131mc\u0131lar taraf\u0131ndan a\u00e7\u0131ld\u0131. Yakla\u015f\u0131k 18 bin metrekare kullan\u0131m alan\u0131 olan, mimarisiyle ve fonksiyonelli\u011fiyle dikkat \u00e7ekici bir k\u00fct\u00fcphane oldu\u011funu ifade eden Rekt\u00f6r Prof. Dr. G\u00fcner \u00d6nce, &#8220;\u0130\u00e7inde 90 bin kitap, bin 200 ki\u015filik oturma kapasitesi, 280 dergi aboneli\u011fi, 12 veritaban\u0131 program\u0131 vas\u0131tas\u0131yla 12 bin dergi ve 34 bin 500 kitap aboneli\u011fi, 4 bin adet film koleksiyonu gibi \u00e7e\u015fitli \u00f6zellikleri bulunmaktad\u0131r&#8221; dedi.<\/p>\n<p>A\u00e7\u0131l\u0131\u015f kurdelesinin kesilmesinden sonra Vali Kocatepe ve kat\u0131l\u0131mc\u0131lar k\u00fct\u00fcphaneyi gezerek bilgiler ald\u0131lar. T\u00f6rene, K\u00fctahya Valisi \u015e\u00fckr\u00fc Kocatepe, Hava Er E\u011fitim Tugay ve Garnizon Komutan\u0131 Hava Piyade Tu\u011fgeneral Sami F\u0131nd\u0131ko\u011flu, Belediye Ba\u015fkan\u0131 Mustafa \u0130\u00e7a, Cumhuriyet Ba\u015fsavc\u0131s\u0131 R\u0131za Can, daire amirleri ve \u00f6\u011fretim \u00fcyeleri kat\u0131ld\u0131.\u00a0<strong><\/strong><\/p>\n<p style=\"text-align: justify;\">Kaynak: <a href=\"http:\/\/www.beyazgazete.com\/\" target=\"_blank\">http:\/\/www.beyazgazete.com<\/a><\/p>\n","protected":false},"excerpt":{"rendered":"<p>K\u00fctahya Dumlup\u0131nar \u00dcniversitesi Merekez K\u00fct\u00fcphanesi, \u0130ktisadi ve \u0130dari Bilimler Fak\u00fcltesi&#8217;nde d\u00fczenlenen 2010-2011 e\u011fitim-\u00f6\u011fretim y\u0131l\u0131 t\u00f6reninden sonra K\u00fctahya Valisi \u015e\u00fckr\u00fc Kocatepe ve kat\u0131l\u0131mc\u0131lar taraf\u0131ndan a\u00e7\u0131ld\u0131. Yakla\u015f\u0131k 18 bin metrekare kullan\u0131m alan\u0131 olan, mimarisiyle ve fonksiyonelli\u011fiyle dikkat \u00e7ekici bir k\u00fct\u00fcphane oldu\u011funu ifade eden Rekt\u00f6r Prof. Dr. G\u00fcner \u00d6nce, &#8220;\u0130\u00e7inde 90 bin kitap, bin 200 ki\u015filik oturma kapasitesi, [&hellip;]<\/p>\n","protected":false},"author":1,"featured_media":0,"comment_status":"open","ping_status":"open","sticky":false,"template":"","format":"standard","meta":{"footnotes":""},"categories":[1],"tags":[],"class_list":["post-1235","post","type-post","status-publish","format-standard","hentry","category-genel"],"_links":{"self":[{"href":"https:\/\/www.bbyhaber.com\/bby\/wp-json\/wp\/v2\/posts\/1235"}],"collection":[{"href":"https:\/\/www.bbyhaber.com\/bby\/wp-json\/wp\/v2\/posts"}],"about":[{"href":"https:\/\/www.bbyhaber.com\/bby\/wp-json\/wp\/v2\/types\/post"}],"author":[{"embeddable":true,"href":"https:\/\/www.bbyhaber.com\/bby\/wp-json\/wp\/v2\/users\/1"}],"replies":[{"embeddable":true,"href":"https:\/\/www.bbyhaber.com\/bby\/wp-json\/wp\/v2\/comments?post=1235"}],"version-history":[{"count":0,"href":"https:\/\/www.bbyhaber.com\/bby\/wp-json\/wp\/v2\/posts\/1235\/revisions"}],"wp:attachment":[{"href":"https:\/\/www.bbyhaber.com\/bby\/wp-json\/wp\/v2\/media?parent=1235"}],"wp:term":[{"taxonomy":"category","embeddable":true,"href":"https:\/\/www.bbyhaber.com\/bby\/wp-json\/wp\/v2\/categories?post=1235"},{"taxonomy":"post_tag","embeddable":true,"href":"https:\/\/www.bbyhaber.com\/bby\/wp-json\/wp\/v2\/tags?post=1235"}],"curies":[{"name":"wp","href":"https:\/\/api.w.org\/{rel}","templated":true}]}}