{"id":1233,"date":"2010-10-05T16:50:04","date_gmt":"2010-10-05T13:50:04","guid":{"rendered":"http:\/\/www.bbyhaber.com\/bby\/?p=1233"},"modified":"2016-04-01T18:15:31","modified_gmt":"2016-04-01T15:15:31","slug":"esekli-kutuphaneyi-kim-baslatti-tartismasi","status":"publish","type":"post","link":"https:\/\/www.bbyhaber.com\/bby\/2010\/10\/05\/esekli-kutuphaneyi-kim-baslatti-tartismasi","title":{"rendered":"&#8216;E\u015fekli K\u00fct\u00fcphaneyi Kim Ba\u015flatt\u0131?&#8217; Tart\u0131\u015fmas\u0131"},"content":{"rendered":"<p style=\"text-align: justify;\" align=\"justify\">Emekli e\u011fitimci Rasim Pehlivano\u011flu, Nev\u015fehir&#8217;in \u00dcrg\u00fcp il\u00e7esine ba\u011fl\u0131 Karain k\u00f6y\u00fcnde k\u00fct\u00fcphane kurulmas\u0131na ve bunun &#8216;E\u015fekli K\u00fct\u00fcphaneye&#8217; d\u00f6n\u00fc\u015fmesine Mustafa G\u00fczelg\u00f6z&#8217;\u00fcn de\u011fil, Hac\u0131 Bekir Koca&#8217;n\u0131n \u00f6nc\u00fcl\u00fck etti\u011fini \u00f6ne s\u00fcrd\u00fc.Kayseri&#8217;de hayat\u0131n\u0131 s\u00fcrd\u00fcren Pahlivano\u011flu, AA muhabirine yapt\u0131\u011f\u0131 a\u00e7\u0131klamada, mesle\u011fe 1947 y\u0131l\u0131nda Karain k\u00f6y\u00fcndeki ilkokulda ba\u015f\u00f6\u011fretmen olarak ba\u015flad\u0131\u011f\u0131n\u0131, 1957 y\u0131l\u0131nda k\u00f6yde k\u00fct\u00fcphane a\u00e7\u0131lmas\u0131n\u0131n \u00e7e\u015fitli safhalar\u0131nda g\u00f6rev ald\u0131\u011f\u0131n\u0131 anlatt\u0131.<!--more--><\/p>\n<p style=\"text-align: justify;\" align=\"justify\">Karain k\u00f6y\u00fcndeki k\u00fct\u00fcphaneye, 1959&#8217;da Hac\u0131 Bekir Koca&#8217;n\u0131n memur olarak atand\u0131\u011f\u0131n\u0131 belirten Pehlivano\u011flu, \u015fu bilgileri verdi:<\/p>\n<p style=\"text-align: justify;\" align=\"justify\">&#8216; Karl\u0131k, Tahar, A\u011fca\u00f6ren ve Boyal\u0131 k\u00f6ylerinden \u00dcrg\u00fcp&#8217;e giden yol, k\u00f6y k\u00fct\u00fcphanesinin \u00f6n\u00fcnden ge\u00e7erdi. Hac\u0131 Bekir Koca, gelip, ge\u00e7en herkese kitap okutup, k\u00f6ylerine kitap g\u00f6t\u00fcr\u00fcp getirmelerini sa\u011flard\u0131. K\u00fct\u00fcphaneler M\u00fcd\u00fcrl\u00fc\u011f\u00fc&#8217;n\u00fcn g\u00f6nderdi\u011fi 15 Aral\u0131k 1957 tarihli yaz\u0131da ge\u00e7en &#8216;K\u00f6yde kurulacak servise ait kitaplar k\u00f6yl\u00fclere sand\u0131klar i\u00e7erisinde sevk edilir, muayyen zamanlarda yeni partilerle de\u011fi\u015ftirilir&#8217; ifadesi, Hac\u0131 Bekir Koca&#8217;da bir fikir uyand\u0131rd\u0131. E\u015fe\u011fiyle k\u00f6ylere kitap g\u00f6t\u00fcrme d\u00fc\u015f\u00fcncesini, amiri olan Mustafa G\u00fczelg\u00f6z ile payla\u015ft\u0131. G\u00fczelg\u00f6z de kitap sand\u0131klar\u0131 yapt\u0131rarak, Bekir Koca&#8217;n\u0131n \u00e7evre k\u00f6ylere kitap ula\u015ft\u0131rmas\u0131na f\u0131rsat vermi\u015f. \u0130lk e\u015fekli k\u00fct\u00fcphanenin, merhum Bekir Koca oldu\u011funu \u00f6nemle belirtiyorum.&#8217;<\/p>\n<p style=\"text-align: justify;\" align=\"justify\">G\u00fczelg\u00f6z&#8217;\u00fcn, &#8216;e\u015fekli k\u00fct\u00fcphane&#8217; i\u00e7in \u00e7aba g\u00f6sterenleri, &#8216;kendini \u00f6n plana \u00e7\u0131karma arzusuyla ikinci plana itti\u011fini&#8217; \u00f6ne s\u00fcren Pehlivano\u011flu, &#8216;Uluslararas\u0131 G\u00f6n\u00fcll\u00fc \u00d6d\u00fcl Komitesi, 1963 y\u0131l\u0131nda Mustafa G\u00fczelg\u00f6z&#8217;e Onursal Takdirname \u00f6d\u00fcl\u00fc vermi\u015fti. Bu \u00f6d\u00fcl\u00fc, 2005 y\u0131l\u0131nda vefat eden G\u00fczelg\u00f6z de\u011fil, Hac\u0131 Bekir Koca hak etmi\u015fti&#8217; diye konu\u015ftu.<\/p>\n<p style=\"text-align: justify;\">Kaynak: http:\/\/www.haberler.com<\/p>\n","protected":false},"excerpt":{"rendered":"<p>Emekli e\u011fitimci Rasim Pehlivano\u011flu, Nev\u015fehir&#8217;in \u00dcrg\u00fcp il\u00e7esine ba\u011fl\u0131 Karain k\u00f6y\u00fcnde k\u00fct\u00fcphane kurulmas\u0131na ve bunun &#8216;E\u015fekli K\u00fct\u00fcphaneye&#8217; d\u00f6n\u00fc\u015fmesine Mustafa G\u00fczelg\u00f6z&#8217;\u00fcn de\u011fil, Hac\u0131 Bekir Koca&#8217;n\u0131n \u00f6nc\u00fcl\u00fck etti\u011fini \u00f6ne s\u00fcrd\u00fc.Kayseri&#8217;de hayat\u0131n\u0131 s\u00fcrd\u00fcren Pahlivano\u011flu, AA muhabirine yapt\u0131\u011f\u0131 a\u00e7\u0131klamada, mesle\u011fe 1947 y\u0131l\u0131nda Karain k\u00f6y\u00fcndeki ilkokulda ba\u015f\u00f6\u011fretmen olarak ba\u015flad\u0131\u011f\u0131n\u0131, 1957 y\u0131l\u0131nda k\u00f6yde k\u00fct\u00fcphane a\u00e7\u0131lmas\u0131n\u0131n \u00e7e\u015fitli safhalar\u0131nda g\u00f6rev ald\u0131\u011f\u0131n\u0131 anlatt\u0131.<\/p>\n","protected":false},"author":1,"featured_media":0,"comment_status":"open","ping_status":"open","sticky":false,"template":"","format":"standard","meta":{"footnotes":""},"categories":[1575,1],"tags":[177],"class_list":["post-1233","post","type-post","status-publish","format-standard","hentry","category-esekli-kutuphaneci","category-genel","tag-mustafa-guzelgoz"],"_links":{"self":[{"href":"https:\/\/www.bbyhaber.com\/bby\/wp-json\/wp\/v2\/posts\/1233"}],"collection":[{"href":"https:\/\/www.bbyhaber.com\/bby\/wp-json\/wp\/v2\/posts"}],"about":[{"href":"https:\/\/www.bbyhaber.com\/bby\/wp-json\/wp\/v2\/types\/post"}],"author":[{"embeddable":true,"href":"https:\/\/www.bbyhaber.com\/bby\/wp-json\/wp\/v2\/users\/1"}],"replies":[{"embeddable":true,"href":"https:\/\/www.bbyhaber.com\/bby\/wp-json\/wp\/v2\/comments?post=1233"}],"version-history":[{"count":0,"href":"https:\/\/www.bbyhaber.com\/bby\/wp-json\/wp\/v2\/posts\/1233\/revisions"}],"wp:attachment":[{"href":"https:\/\/www.bbyhaber.com\/bby\/wp-json\/wp\/v2\/media?parent=1233"}],"wp:term":[{"taxonomy":"category","embeddable":true,"href":"https:\/\/www.bbyhaber.com\/bby\/wp-json\/wp\/v2\/categories?post=1233"},{"taxonomy":"post_tag","embeddable":true,"href":"https:\/\/www.bbyhaber.com\/bby\/wp-json\/wp\/v2\/tags?post=1233"}],"curies":[{"name":"wp","href":"https:\/\/api.w.org\/{rel}","templated":true}]}}