{"id":12317,"date":"2013-11-23T11:31:41","date_gmt":"2013-11-23T09:31:41","guid":{"rendered":"http:\/\/www.bbyhaber.com\/bby\/?p=12317"},"modified":"2013-11-23T11:31:53","modified_gmt":"2013-11-23T09:31:53","slug":"kutuphaneden-ornek-uygulama-inegol","status":"publish","type":"post","link":"https:\/\/www.bbyhaber.com\/bby\/2013\/11\/23\/kutuphaneden-ornek-uygulama-inegol","title":{"rendered":"K\u00fct\u00fcphaneden \u00d6rnek Uygulama-\u0130neg\u00f6l"},"content":{"rendered":"<p style=\"text-align: justify;\"><a href=\"http:\/\/www.inegolhaber.com.tr\/d\/news\/78409.jpg\"><img loading=\"lazy\" decoding=\"async\" class=\"alignleft\" src=\"http:\/\/www.inegolhaber.com.tr\/d\/news\/78409.jpg\" alt=\"\" width=\"250\" height=\"150\" \/><\/a>\u0130neg\u00f6l \u0130shakpa\u015fa K\u00fct\u00fcphanesi il\u00e7ede bir yenilik daha yaparak k\u00fct\u00fcphane giri\u015fine g\u00f6rme engelliler i\u00e7in hissedilebilir y\u00fczey \u00e7al\u0131\u015fmas\u0131 yapt\u0131. Ger\u00e7ekle\u015ftirilen bu \u00e7al\u0131\u015fma sonucunda g\u00f6rme engelli vatanda\u015flar k\u00fct\u00fcphaneye geldikleri zaman herhangi bir yard\u0131m almadan k\u00fct\u00fcphane yetkililerine ula\u015fabilecekler. \u0130neg\u00f6l \u0130shakpa\u015fa K\u00fct\u00fcphanesi\u2019nin K\u00fclt\u00fcr ve Turizm Bakanl\u0131\u011f\u0131\u2019n\u0131n \u00e7ok \u00f6nemli k\u00fct\u00fcphanelerinden bir tanesi oldu\u011funu belirterek konu\u015fmas\u0131na ba\u015flayan \u0130neg\u00f6l \u0130shakpa\u015fa K\u00fct\u00fcphanesi M\u00fcd\u00fcr\u00fc Kenan Kahraman, <!--more-->\u201cHatta \u015f\u00f6yle s\u00f6yleyebilirim; Marmara\u2019n\u0131n fiziki y\u00f6n\u00fcnden ve i\u00e7erik y\u00f6n\u00fcnden \u00f6rnek g\u00f6sterilebilecek k\u00fct\u00fcphanelerinden bir tanesidir. Bu k\u00fct\u00fcphanemiz de her ge\u00e7en g\u00fcn fiziki olsun i\u00e7erik olsun de\u011fi\u015fik ilaveler yaparak daha da g\u00fczel yerlere g\u00f6t\u00fcrmeye \u00e7al\u0131\u015f\u0131yoruz.<\/p>\n<p style=\"text-align: justify;\">Avrupa Birli\u011fi Uyum Yasalar\u0131 nedeniyle resmi dairelerin \u00f6z\u00fcrl\u00fcler i\u00e7in d\u00fczenlenmesi gereken baz\u0131 yapt\u0131r\u0131mlar var. Onlar da resmi dairelerce takip ediliyor. Biz de \u0130neg\u00f6l\u2019de resmi daireler i\u00e7erisinde ilk defa \u0130neg\u00f6l Halk K\u00fct\u00fcphanesi olarak g\u00f6rme engelliler i\u00e7in hissedilebilir y\u00fczey d\u00f6\u015feme \u00e7al\u0131\u015fmas\u0131 yap\u0131yoruz. Bunun ismi \u2018g\u00f6rme engelliler i\u00e7in hissedilebilir y\u00fczey \u00e7al\u0131\u015fmas\u0131\u2019. Bir g\u00f6rme engelli vatanda\u015f\u0131m\u0131z, karde\u015fimiz, a\u011fabeyimiz, ablam\u0131z geldi\u011finde hi\u00e7 kimsenin yard\u0131m\u0131n\u0131 almaks\u0131z\u0131n k\u00fct\u00fcphanemizdeki yetkililere ula\u015fabilecektir. Bunun i\u00e7in Kocaeli\u2019nden ilgili firma ile anla\u015fma yapt\u0131k. Bug\u00fcn geldiler ve d\u00f6\u015feme yap\u0131yorlar. Bu d\u00f6\u015feme sonucunda bundan sonra k\u00fct\u00fcphanemize gelecek olan engelliler rahatl\u0131kla giri\u015f kap\u0131s\u0131ndan itibaren hizmet veren arkada\u015flar\u0131m\u0131za ula\u015fabileceklerdir. Bu bas\u0131n arac\u0131l\u0131\u011f\u0131 ile di\u011fer devlet dairelerine veya ba\u015fka kurumlara birer \u00f6rnek olsun. Gelsinler ayn\u0131 \u015fekilde vatanda\u015flara y\u00f6nelik b\u00f6yle bir \u00e7al\u0131\u015fma yaps\u0131nlar. Buna da \u00f6rnek olal\u0131m istedik. \u0130n\u015fallah hay\u0131rl\u0131 olur diye d\u00fc\u015f\u00fcn\u00fcyorum\u201d dedi.<\/p>\n<p>Kaynak: http:\/\/www.inegolhaber.com.tr<\/p>\n","protected":false},"excerpt":{"rendered":"<p>\u0130neg\u00f6l \u0130shakpa\u015fa K\u00fct\u00fcphanesi il\u00e7ede bir yenilik daha yaparak k\u00fct\u00fcphane giri\u015fine g\u00f6rme engelliler i\u00e7in hissedilebilir y\u00fczey \u00e7al\u0131\u015fmas\u0131 yapt\u0131. Ger\u00e7ekle\u015ftirilen bu \u00e7al\u0131\u015fma sonucunda g\u00f6rme engelli vatanda\u015flar k\u00fct\u00fcphaneye geldikleri zaman herhangi bir yard\u0131m almadan k\u00fct\u00fcphane yetkililerine ula\u015fabilecekler. \u0130neg\u00f6l \u0130shakpa\u015fa K\u00fct\u00fcphanesi\u2019nin K\u00fclt\u00fcr ve Turizm Bakanl\u0131\u011f\u0131\u2019n\u0131n \u00e7ok \u00f6nemli k\u00fct\u00fcphanelerinden bir tanesi oldu\u011funu belirterek konu\u015fmas\u0131na ba\u015flayan \u0130neg\u00f6l \u0130shakpa\u015fa K\u00fct\u00fcphanesi M\u00fcd\u00fcr\u00fc Kenan [&hellip;]<\/p>\n","protected":false},"author":1,"featured_media":0,"comment_status":"open","ping_status":"open","sticky":false,"template":"","format":"standard","meta":{"footnotes":""},"categories":[1,1487],"tags":[848],"class_list":["post-12317","post","type-post","status-publish","format-standard","hentry","category-genel","category-gorme-engelli-kutuphane","tag-halk-kutuphaneleri"],"_links":{"self":[{"href":"https:\/\/www.bbyhaber.com\/bby\/wp-json\/wp\/v2\/posts\/12317"}],"collection":[{"href":"https:\/\/www.bbyhaber.com\/bby\/wp-json\/wp\/v2\/posts"}],"about":[{"href":"https:\/\/www.bbyhaber.com\/bby\/wp-json\/wp\/v2\/types\/post"}],"author":[{"embeddable":true,"href":"https:\/\/www.bbyhaber.com\/bby\/wp-json\/wp\/v2\/users\/1"}],"replies":[{"embeddable":true,"href":"https:\/\/www.bbyhaber.com\/bby\/wp-json\/wp\/v2\/comments?post=12317"}],"version-history":[{"count":0,"href":"https:\/\/www.bbyhaber.com\/bby\/wp-json\/wp\/v2\/posts\/12317\/revisions"}],"wp:attachment":[{"href":"https:\/\/www.bbyhaber.com\/bby\/wp-json\/wp\/v2\/media?parent=12317"}],"wp:term":[{"taxonomy":"category","embeddable":true,"href":"https:\/\/www.bbyhaber.com\/bby\/wp-json\/wp\/v2\/categories?post=12317"},{"taxonomy":"post_tag","embeddable":true,"href":"https:\/\/www.bbyhaber.com\/bby\/wp-json\/wp\/v2\/tags?post=12317"}],"curies":[{"name":"wp","href":"https:\/\/api.w.org\/{rel}","templated":true}]}}