{"id":12314,"date":"2013-11-22T14:20:29","date_gmt":"2013-11-22T12:20:29","guid":{"rendered":"http:\/\/www.bbyhaber.com\/bby\/?p=12314"},"modified":"2013-11-22T14:20:29","modified_gmt":"2013-11-22T12:20:29","slug":"dersimde-ve-izmir%e2%80%99de-yasayan-namik-kuyumcu-adina-kutuphane-acildi","status":"publish","type":"post","link":"https:\/\/www.bbyhaber.com\/bby\/2013\/11\/22\/dersimde-ve-izmir%e2%80%99de-yasayan-namik-kuyumcu-adina-kutuphane-acildi","title":{"rendered":"Dersim&#8217;de ve \u0130zmir\u2019de ya\u015fayan Nam\u0131k Kuyumcu ad\u0131na k\u00fct\u00fcphane a\u00e7\u0131ld\u0131"},"content":{"rendered":"<p style=\"text-align: justify;\"><a href=\"http:\/\/www.durusgazetesi.com\/images\/haberler\/dersimde_ve_izmirde_yasayan_namik_kuyumcu_adina_kutuphane_acildi_h11936.jpg\"><img loading=\"lazy\" decoding=\"async\" class=\"alignleft\" src=\"http:\/\/www.durusgazetesi.com\/images\/haberler\/dersimde_ve_izmirde_yasayan_namik_kuyumcu_adina_kutuphane_acildi_h11936.jpg\" alt=\"\" width=\"250\" height=\"200\" \/><\/a>Nam\u0131k Kuyumcu,\u201dKonya Ere\u011fli do\u011fumlu olmas\u0131na, etnik ve k\u00f6ken yak\u0131nl\u0131\u011f\u0131 olmamas\u0131na ra\u011fmen; o b\u00f6lgede ad\u0131na k\u00fct\u00fcphane a\u00e7\u0131lmas\u0131n\u0131, bar\u0131\u015f\u0131n, karde\u015fli\u011fin, bir arada ya\u015faman\u0131n ve payla\u015fman\u0131n \u00e7ok \u00f6nemli giri\u015fimlerinden birisi olarak de\u011ferlendirdi. Bar\u0131\u015f ve karde\u015flik hi\u00e7 kimsenin de\u011fil, hepimizindir ve buna \u015fimdi daha \u00e7ok ihtiyac\u0131m\u0131z bulunmaktad\u0131r\u201d dedi.<!--more--><\/p>\n<p style=\"text-align: justify;\">\u201c\u0130\u00e7inden \u0130vriz \u00c7ay\u0131\u2019n\u0131n ge\u00e7ti\u011fi yerde ( Konya- Ere\u011fli) do\u011fup, i\u00e7inden Munzur \u00c7ay\u0131\u2019n\u0131n ge\u00e7ti\u011fi \u015fiirkent Dersim\u2019de ( Tunceli), bu ya\u015fta, \u0130zmir\u2019de ya\u015farken, ad\u0131ma; k\u00fct\u00fcphane a\u00e7\u0131laca\u011f\u0131n\u0131 hi\u00e7 d\u00fc\u015f\u00fcnemezdim\u2026\u201d diyerek;<\/p>\n<p style=\"text-align: justify;\">N. Kuyumcu, k\u00fct\u00fcphanenin kurulu\u015f \u00f6yk\u00fcs\u00fcn\u00fc \u015f\u00f6yle anlatt\u0131; \u201c\u0130ki y\u0131l \u00f6nce, imzama g\u00fcl\u00fc\u015f\u00fcyle gelen, Tunceli Fen Lisesi M\u00fcd\u00fcr Yard\u0131mc\u0131s\u0131 Nermin \u015een Pekmezci\u2019nin; \u201c Hocam okulumuza bir k\u00fct\u00fcphane kurmak istiyoruz ama olanaklar\u0131m\u0131z \u00e7ok k\u0131s\u0131tl\u0131. Sizin, Dersim\u2019e olan duyarl\u0131l\u0131\u011f\u0131n\u0131z\u0131 biliyoruz. Bize birka\u00e7 kitab\u0131n\u0131z\u0131 imzalay\u0131p hediye ederseniz, \u00e7ok seviniriz\u201d, s\u00f6z\u00fcyle ba\u015flayan s\u00fcrecin; 5 bin kitap ve 20 bilgisayarla; \u00e7ok g\u00fczel bir k\u00fclt\u00fcr alan\u0131na d\u00f6n\u00fc\u015fece\u011fini; o an, kitaplar\u0131m\u0131 imzalarken, ben de bilemezdim\u2026<\/p>\n<p style=\"text-align: justify;\">\u0130ki y\u0131ll\u0131k \u00e7abam\u0131z\u0131n sonucunda, Nermin \u015een Pekmezci arayarak; \u201c Hocam k\u00fct\u00fcphaneyi olu\u015fturduk sayenizde. Hemen b\u00fct\u00fcn kitaplar ve k\u00fct\u00fcphane sizin \u00e7abalar\u0131n\u0131zla olu\u015ftu. Verdi\u011finiz emek ve sa\u011flad\u0131\u011f\u0131n\u0131z enerjiyle her \u015feyi tamamlad\u0131k. Okul y\u00f6netimi ve Dersimliler olarak da, k\u00fct\u00fcphaneye sizin ad\u0131n\u0131z\u0131 vermek istiyoruz. Bu bizi \u00e7ok mutlu edecektir. \u201c s\u00f6z\u00fc, en \u00e7ok beni \u015fa\u015f\u0131rtm\u0131\u015f ve mutlu etmi\u015ftir.<\/p>\n<p style=\"text-align: justify;\">Beni b\u00f6ylesi \u00f6nemli bir bulu\u015fmada yaln\u0131z b\u0131rakmayan sanat\u00e7\u0131 ve edebiyat\u00e7\u0131 arkada\u015flar\u0131mdan; Pen Yazarlar \u00d6rg\u00fct\u00fc Ege Temsilcisi Asuman Susam, K\u0131br\u0131s Yazarlar Sendikas\u0131 Ba\u015fkan\u0131 Ne\u015fe Ya\u015f\u0131n, \u015fair, oyuncu, televizyoncu ve gazeteci Pelin Batu, yazar ve gazeteci Nermin Bezmen, sinema oyuncusu ve tiyatrocu Tolga Savac\u0131, foto\u011fraf sanat\u00e7\u0131s\u0131 Hakan Kuyumcu, Destek Yay\u0131n ve Prod\u00fcksiyon Grubu Ba\u015fkan\u0131 yay\u0131nc\u0131, yazar, gazeteci ve televizyoncu Yelda Cumal\u0131o\u011flu, m\u00fczisyen Haluk \u00c7etin ve ara\u015ft\u0131rmac\u0131 yazar Cemal Ta\u015f\u2019\u0131n kat\u0131l\u0131m\u0131yla, ge\u00e7ti\u011fimiz g\u00fcnlerde, Tunceli Fen Lisesi\u2019nde, \u201cTunceli Fen Lisesi Nam\u0131k Kuyumcu K\u00fct\u00fcphanesi\u201dni a\u00e7mak sevincini, co\u015fkusunu ya\u015fad\u0131k\u2026 Sa\u011fl\u0131k ve ba\u015fka nedenlerle son anda \u00fcz\u00fclerek kat\u0131lamayan ama aram\u0131zda duygular\u0131yla ve mesajlar\u0131yla var olan; sanat\u00e7\u0131 Vahide G\u00f6rd\u00fcm, Nil\u00fcfer A\u00e7\u0131kal\u0131n ve \u015eenay G\u00fcrler arkada\u015flar\u0131ma da \u00e7ok te\u015fekk\u00fcr ederim,\u201d dedi.<\/p>\n<p style=\"text-align: justify;\">N. Kuyumcu, \u201cKonak Belediye Ba\u015fkan\u0131m\u0131z Dr. Hakan Tartan\u2019da, kendi kitapl\u0131\u011f\u0131ndan bin adet kitap ve bilgisayar arma\u011fan ederek, bu s\u00fcrece kat\u0131lmaktan ve desteklemekten sevin\u00e7 duyaca\u011f\u0131n\u0131\u201d dile getirdi. Bu da \u00e7ok de\u011ferli ve anlaml\u0131d\u0131r\u201d dedi.<\/p>\n<p style=\"text-align: justify;\">S\u00f6zlerine: \u201cBir ilke daha s\u00f6z verdik! Hep birlikte Dersim\u2019li t\u00fcm \u00f6\u011frenci, \u00f6\u011fretmen, vali ve halka da a\u00e7\u0131klad\u0131k: Olabilecek ilk bulu\u015fmam\u0131zda ( 2014 May\u0131s\u2019\u0131n son haftas\u0131 d\u00fc\u015f\u00fcn\u00fcl\u00fcyor) ; Dersim b\u00f6lgesindeki yetenekli t\u00fcm \u00f6\u011frencilerin; \u015fiir, \u00f6yk\u00fc t\u00fcr\u00fcndeki iki ayr\u0131 kitap \u00e7al\u0131\u015fmas\u0131n\u0131n imzas\u0131nda ve s\u00f6yle\u015fisinde bulu\u015faca\u011f\u0131z. Bu kez \u00f6\u011frenciler bize kitaplar\u0131n\u0131 imzalay\u0131p, arma\u011fan edecekler. \u015eiirler okuyacaklar\u2026 Bu kitaplar\u0131n bas\u0131m sponsorlu\u011funu Destek Yay\u0131nlar\u0131 Grubu \u00fcstlendi. Ba\u015far\u0131l\u0131 \u00f6\u011frenciler, kitaplar\u0131n\u0131; \u015fehrin merkezinde ve meydan\u0131nda; t\u00fcm Tunceli halk\u0131na, \u00fccretsiz imzalayacaklar. Bunun da \u00f6n \u00e7al\u0131\u015fmas\u0131 ba\u015flam\u0131\u015f bulunmaktad\u0131r\u2026<\/p>\n<p style=\"text-align: justify;\">Foto\u011fraf sanat\u00e7\u0131s\u0131 Hakan Kuyumcu\u2019da, Dersimli \u00f6\u011frencilerle, foto\u011fraf at\u00f6lyesi kurup, \u00e7ektikleri ve se\u00e7tikleri foto\u011fraflarla; ilk bulu\u015fmam\u0131zda; \u201cDersimli \u00d6\u011frenciler Foto\u011fraf Sergisi 1\u201d a\u00e7mak s\u00f6z\u00fcn\u00fc verdi\u2026 Bu da b\u00f6lgedeki gen\u00e7lik \u00e7al\u0131\u015fmalar\u0131n\u0131n ilkini olu\u015fturacakt\u0131r.\u201d diye devam etti.<\/p>\n<p style=\"text-align: justify;\">N. Kuyumcu, s\u00f6zlerini \u015f\u00f6yle tamamlad\u0131: Yine hep birlikte s\u00f6zle\u015ftik; \u201chedefimiz iki y\u0131l sonra 10 bin kitap ve 50 bilgisayarl\u0131 bir k\u00fct\u00fcphanede bulu\u015fmak\u2026 B\u00f6lgenin en zengin k\u00fct\u00fcphanesinde, \u015fark\u0131lar s\u00f6ylemek, dans etmek \u00fczere. Bar\u0131\u015f\u0131, bir arada ya\u015famay\u0131, \u00f6tekile\u015ftirmemeyi ve karde\u015fli\u011fi; bilgi sa\u011flar, bilgiyi ve e\u011fitimi de; kitaplar, kitapl\u0131klar ve k\u00fct\u00fcphaneler. Ayr\u0131ca \u00f6\u011fretmenler, g\u00f6n\u00fcll\u00fcler ve sanat\u00e7\u0131lar da, bu i\u015fin ba\u015f mimar\u0131d\u0131rlar\u2026 Kunduzlar gibi, ak\u0131nt\u0131ya kar\u015f\u0131 k\u00fcrek ve y\u00fcrek \u00e7ekerler!\u201d<\/p>\n<p style=\"text-align: justify;\">Kaynak:http:\/\/www.durusgazetesi.com\/<\/p>\n","protected":false},"excerpt":{"rendered":"<p>Nam\u0131k Kuyumcu,\u201dKonya Ere\u011fli do\u011fumlu olmas\u0131na, etnik ve k\u00f6ken yak\u0131nl\u0131\u011f\u0131 olmamas\u0131na ra\u011fmen; o b\u00f6lgede ad\u0131na k\u00fct\u00fcphane a\u00e7\u0131lmas\u0131n\u0131, bar\u0131\u015f\u0131n, karde\u015fli\u011fin, bir arada ya\u015faman\u0131n ve payla\u015fman\u0131n \u00e7ok \u00f6nemli giri\u015fimlerinden birisi olarak de\u011ferlendirdi. Bar\u0131\u015f ve karde\u015flik hi\u00e7 kimsenin de\u011fil, hepimizindir ve buna \u015fimdi daha \u00e7ok ihtiyac\u0131m\u0131z bulunmaktad\u0131r\u201d dedi.<\/p>\n","protected":false},"author":1,"featured_media":0,"comment_status":"open","ping_status":"open","sticky":false,"template":"","format":"standard","meta":{"footnotes":""},"categories":[1],"tags":[845],"class_list":["post-12314","post","type-post","status-publish","format-standard","hentry","category-genel","tag-okul-kutuphaneleri"],"_links":{"self":[{"href":"https:\/\/www.bbyhaber.com\/bby\/wp-json\/wp\/v2\/posts\/12314"}],"collection":[{"href":"https:\/\/www.bbyhaber.com\/bby\/wp-json\/wp\/v2\/posts"}],"about":[{"href":"https:\/\/www.bbyhaber.com\/bby\/wp-json\/wp\/v2\/types\/post"}],"author":[{"embeddable":true,"href":"https:\/\/www.bbyhaber.com\/bby\/wp-json\/wp\/v2\/users\/1"}],"replies":[{"embeddable":true,"href":"https:\/\/www.bbyhaber.com\/bby\/wp-json\/wp\/v2\/comments?post=12314"}],"version-history":[{"count":0,"href":"https:\/\/www.bbyhaber.com\/bby\/wp-json\/wp\/v2\/posts\/12314\/revisions"}],"wp:attachment":[{"href":"https:\/\/www.bbyhaber.com\/bby\/wp-json\/wp\/v2\/media?parent=12314"}],"wp:term":[{"taxonomy":"category","embeddable":true,"href":"https:\/\/www.bbyhaber.com\/bby\/wp-json\/wp\/v2\/categories?post=12314"},{"taxonomy":"post_tag","embeddable":true,"href":"https:\/\/www.bbyhaber.com\/bby\/wp-json\/wp\/v2\/tags?post=12314"}],"curies":[{"name":"wp","href":"https:\/\/api.w.org\/{rel}","templated":true}]}}