{"id":12298,"date":"2013-11-21T17:23:58","date_gmt":"2013-11-21T15:23:58","guid":{"rendered":"http:\/\/www.bbyhaber.com\/bby\/?p=12298"},"modified":"2019-05-24T09:37:17","modified_gmt":"2019-05-24T06:37:17","slug":"ulkemizin-ilk-zorunlu-acik-erisim-politikasi-izmir-yuksek-teknoloji-enstitusu","status":"publish","type":"post","link":"https:\/\/www.bbyhaber.com\/bby\/2013\/11\/21\/ulkemizin-ilk-zorunlu-acik-erisim-politikasi-izmir-yuksek-teknoloji-enstitusu","title":{"rendered":"\u00dclkemizin ilk &#8220;Zorunlu A\u00e7\u0131k Eri\u015fim Politikas\u0131&#8221;-\u0130zmir Y\u00fcksek Teknoloji Enstit\u00fcs\u00fc"},"content":{"rendered":"<p style=\"text-align: justify;\"><img loading=\"lazy\" decoding=\"async\" class=\"alignleft\" src=\"http:\/\/www.bbyhaber.com\/bby\/wp-content\/uploads\/dosyalar\/acikerisim\/resimler\/acik-erisim-logosu-turkiye.png\" alt=\"\" width=\"153\" height=\"161\" \/>\u0130zmir Y\u00fcksek Teknoloji Enstit\u00fcs\u00fc (\u0130YTE) ev sahipli\u011finde d\u00fczenlenen 2. Ulusal A\u00e7\u0131k Eri\u015fim \u00c7al\u0131\u015ftay\u0131 esnas\u0131nda \u0130YTE Rekt\u00f6r\u00fc taraf\u0131ndan duyurulan \u201c<strong>Zorunlu A\u00e7\u0131k Eri\u015fim Politikas\u0131<\/strong>\u201d,\u00a0 \u0130YTE Senatosu taraf\u0131ndan 08\/10\/2013 tarihli karar ile onayland\u0131. A\u015fa\u011f\u0131da yer alan bu dok\u00fcman\u0131 t\u00fcm \u00fcniversiteler, haz\u0131rlayacaklar\u0131 A\u00e7\u0131k Eri\u015fim politika \u00e7al\u0131\u015fmalar\u0131nda kaynak olarak kullanabilirler.<!--more--><\/p>\n<p style=\"text-align: justify;\">Ayr\u0131ca MedOANet projesi kapsam\u0131nda haz\u0131rlanan \u201cA\u00e7\u0131k Eri\u015fim Politikalar\u0131 Uygulama Rehberi\u201d ni kullanarak kurumlar\u0131n\u0131z i\u00e7in A\u00e7\u0131k Eri\u015fim politikalar\u0131 olu\u015fturabilirsiniz.<\/p>\n<ul>\n<li><strong><a href=\"http:\/\/www.bbyhaber.com\/bby\/wp-content\/uploads\/dosyalar\/acikerisim\/belgeler\/iyte-acikerisim-senatokarari.pdf\" target=\"_blank\" rel=\"noopener\"><span style=\"color: #0000ff;\">\u0130YTE Zorunlu A\u00e7\u0131k Eri\u015fim Politikas\u0131 i\u00e7in t\u0131klay\u0131n\u0131z<\/span><\/a><\/strong><\/li>\n<\/ul>\n","protected":false},"excerpt":{"rendered":"<p>\u0130zmir Y\u00fcksek Teknoloji Enstit\u00fcs\u00fc (\u0130YTE) ev sahipli\u011finde d\u00fczenlenen 2. Ulusal A\u00e7\u0131k Eri\u015fim \u00c7al\u0131\u015ftay\u0131 esnas\u0131nda \u0130YTE Rekt\u00f6r\u00fc taraf\u0131ndan duyurulan \u201cZorunlu A\u00e7\u0131k Eri\u015fim Politikas\u0131\u201d,\u00a0 \u0130YTE Senatosu taraf\u0131ndan 08\/10\/2013 tarihli karar ile onayland\u0131. A\u015fa\u011f\u0131da yer alan bu dok\u00fcman\u0131 t\u00fcm \u00fcniversiteler, haz\u0131rlayacaklar\u0131 A\u00e7\u0131k Eri\u015fim politika \u00e7al\u0131\u015fmalar\u0131nda kaynak olarak kullanabilirler.<\/p>\n","protected":false},"author":1,"featured_media":0,"comment_status":"open","ping_status":"open","sticky":false,"template":"","format":"standard","meta":{"footnotes":""},"categories":[1472,1473,1,1501],"tags":[],"class_list":["post-12298","post","type-post","status-publish","format-standard","hentry","category-acik-arsiv","category-acik-erisim","category-genel","category-open-access"],"_links":{"self":[{"href":"https:\/\/www.bbyhaber.com\/bby\/wp-json\/wp\/v2\/posts\/12298"}],"collection":[{"href":"https:\/\/www.bbyhaber.com\/bby\/wp-json\/wp\/v2\/posts"}],"about":[{"href":"https:\/\/www.bbyhaber.com\/bby\/wp-json\/wp\/v2\/types\/post"}],"author":[{"embeddable":true,"href":"https:\/\/www.bbyhaber.com\/bby\/wp-json\/wp\/v2\/users\/1"}],"replies":[{"embeddable":true,"href":"https:\/\/www.bbyhaber.com\/bby\/wp-json\/wp\/v2\/comments?post=12298"}],"version-history":[{"count":1,"href":"https:\/\/www.bbyhaber.com\/bby\/wp-json\/wp\/v2\/posts\/12298\/revisions"}],"predecessor-version":[{"id":26663,"href":"https:\/\/www.bbyhaber.com\/bby\/wp-json\/wp\/v2\/posts\/12298\/revisions\/26663"}],"wp:attachment":[{"href":"https:\/\/www.bbyhaber.com\/bby\/wp-json\/wp\/v2\/media?parent=12298"}],"wp:term":[{"taxonomy":"category","embeddable":true,"href":"https:\/\/www.bbyhaber.com\/bby\/wp-json\/wp\/v2\/categories?post=12298"},{"taxonomy":"post_tag","embeddable":true,"href":"https:\/\/www.bbyhaber.com\/bby\/wp-json\/wp\/v2\/tags?post=12298"}],"curies":[{"name":"wp","href":"https:\/\/api.w.org\/{rel}","templated":true}]}}