{"id":12292,"date":"2013-11-21T13:04:26","date_gmt":"2013-11-21T11:04:26","guid":{"rendered":"http:\/\/www.bbyhaber.com\/bby\/?p=12292"},"modified":"2013-11-21T13:15:16","modified_gmt":"2013-11-21T11:15:16","slug":"yazma-eserler-dunyanin-her-yerinden-incelenebilecek","status":"publish","type":"post","link":"https:\/\/www.bbyhaber.com\/bby\/2013\/11\/21\/yazma-eserler-dunyanin-her-yerinden-incelenebilecek","title":{"rendered":"Yazma Eserler D\u00fcnyan\u0131n Her Yerinden \u0130ncelenebilecek"},"content":{"rendered":"<p style=\"text-align: justify;\"><img loading=\"lazy\" decoding=\"async\" class=\"alignleft\" src=\"http:\/\/www.bbyhaber.com\/bby\/wp-content\/uploads\/2013\/01\/yazmaeser.jpg\" alt=\"\" width=\"200\" height=\"150\" \/>T\u00fcrkiye Yazma Eserler Kurumu Ba\u015fkanl\u0131\u011f\u0131 Yazma ve Nadir Eserler Dairesi Ba\u015fkan\u0131 H\u00fcseyin Kutan, kurum ba\u015fkanl\u0131\u011f\u0131nca yazma eserler i\u00e7in uygulanacak otomasyon program\u0131 sayesinde d\u00fcnyan\u0131n her yerinden istenilen bilgi ve esere dijital ortamda ula\u015f\u0131labilece\u011fini belirterek, &#8220;Vatanda\u015flar\u0131m\u0131z istedikleri eseri ve bilgiyi bu otomasyon sistemiyle g\u00f6r\u00fcp ara\u015ft\u0131rmalar\u0131n\u0131 yapabilecek&#8221; dedi.<!--more--><\/p>\n<p style=\"text-align: justify;\">Kutan, AA muhabirine yapt\u0131\u011f\u0131 a\u00e7\u0131klamada, K\u00fclt\u00fcr ve Turizm Bakanl\u0131\u011f\u0131&#8217;na ba\u011fl\u0131 T\u00fcrkiye Yazma Eserler Kurumu Ba\u015fkanl\u0131\u011f\u0131n\u0131n k\u00fct\u00fcphanelerinde <strong>165 bin yazma eser, yakla\u015f\u0131k 250 bin de matbu ese<\/strong>r bulundu\u011funu s\u00f6yledi.<\/p>\n<p style=\"text-align: justify;\">Kitaplar\u0131n iklimlendirilmi\u015f ortamlarda muhafaza edilmesi i\u00e7in \u00e7al\u0131\u015fma yapt\u0131klar\u0131n\u0131 ifade eden Kutan, &#8220;Bunun en b\u00fcy\u00fck g\u00f6stergesi, yeni nesil depolama sistemleriyle d\u00fcnyadaki en son teknolojiye sahip tek k\u00fct\u00fcphane olan ba\u015fkanl\u0131\u011f\u0131m\u0131za ba\u011fl\u0131 \u0130stanbul B\u00f6lge M\u00fcd\u00fcrl\u00fc\u011f\u00fc S\u00fcleymaniye Yazma Eser K\u00fct\u00fcphanesidir&#8221; diye konu\u015ftu.<\/p>\n<p style=\"text-align: justify;\">Kutan, yazma eserlerin tamam\u0131n\u0131n dijital ortama aktar\u0131ld\u0131\u011f\u0131n\u0131 bildirdi. Bu \u00e7al\u0131\u015fmayla, eserlerin, ara\u015ft\u0131rma yapmak isteyenlerin hizmetine sunuldu\u011funu dile getiren Kutan, \u015f\u00f6yle devam etti:<\/p>\n<p style=\"text-align: justify;\">&#8220;Ba\u015fkanl\u0131\u011f\u0131m\u0131z Yazma ve Nadir Eserler Daire Ba\u015fkanl\u0131\u011f\u0131 b\u00fcnyesinde, 2014&#8217;\u00fcn ilk aylar\u0131nda hizmete girecek bir otomasyon program\u0131 haz\u0131rland\u0131. Ara\u015ft\u0131rmac\u0131lar\u0131m\u0131z, Bursa K\u00fct\u00fcphanesinin mevcut koleksiyonlar\u0131n\u0131 sadece Bursa&#8217;da \u00e7al\u0131\u015fabiliyor, Diyarbak\u0131r&#8217;\u0131n dijitalle\u015ftirilmi\u015f kitaplar\u0131n\u0131 sadece Diyarbak\u0131r&#8217;da okuyabiliyordu. Yazma eserlerin hepsi bir merkezde toplanm\u0131\u015f de\u011fil. Bu program sayesinde d\u00fcnyan\u0131n neresinde olursa olsun isteyen herkes, ba\u015fkanl\u0131\u011f\u0131m\u0131z\u0131n t\u00fcm koleksiyonlar\u0131na <a href=\"http:\/\/www.yek.gov.tr\" target=\"_blank\">http:\/\/www.yek.gov.tr<\/a> internet adresinden ula\u015fabilecek. Vatanda\u015flar\u0131m\u0131z istedikleri eseri ve bilgiyi bu otomasyon sistemiyle g\u00f6r\u00fcp ara\u015ft\u0131rmalar\u0131n\u0131 yapabilecek.&#8221;<\/p>\n<p style=\"text-align: justify;\">Ba\u015fkanl\u0131\u011fa ba\u011fl\u0131 k\u00fct\u00fcphanelerde \u0130bn-i Sina&#8217;n\u0131n t\u0131p kitaplar\u0131ndan Evliya \u00c7elebi&#8217;nin &#8220;Seyahatname&#8221;sine kadar \u00e7a\u015fitli alanlarda binlerce eserin oldu\u011funa dikkati \u00e7eken Kutan, koleksiyonlar\u0131nda hicri 4. y\u00fczy\u0131la ait yazma eserlerin de bulundu\u011funu anlatt\u0131. Kutan, nadir eserleri muhafaza ederek, insanl\u0131\u011f\u0131n hizmetine a\u00e7may\u0131 hedeflediklerini aktard\u0131.<\/p>\n<p style=\"text-align: justify;\">5 y\u0131l i\u00e7inde k\u00fct\u00fcphanelerin s\u0131k\u0131nt\u0131s\u0131 kalmayacak<\/p>\n<p style=\"text-align: justify;\">Ba\u015fbakan Recep Tayyip Erdo\u011fan ile K\u00fclt\u00fcr ve Turizm Bakan\u0131 \u00d6mer \u00c7elik&#8217;in projelerin hayata ge\u00e7irilmesinde b\u00fcy\u00fck deste\u011fi oldu\u011funu vurgulayan Kutan, \u015funlar\u0131 kaydetti:<\/p>\n<p style=\"text-align: justify;\">&#8220;\u00dcmit ediyoruz ki 5 y\u0131l i\u00e7erisinde T\u00fcrkiye&#8217;de yazma eserler k\u00fct\u00fcphanelerinin hi\u00e7birinin depolama, dijitalle\u015ftirme ve restorasyonla ilgili s\u0131k\u0131nt\u0131s\u0131 kalmayacak. Yazma Eserler Kurumu Ba\u015fkanl\u0131\u011f\u0131nda bulunan eserleri, Arap\u00e7a, Fars\u00e7a, Osmanl\u0131ca ve T\u00fcrk\u00e7e olarak vatanda\u015f\u0131m\u0131z\u0131n hizmetine sunaca\u011f\u0131z. \u00c7\u00fcnk\u00fc eserler, bu \u015fekilde yaz\u0131lm\u0131\u015f. Bu nedenle Osmanl\u0131ca kurslar\u0131na \u00f6nem veriyoruz. Bu, sadece bizim de\u011fil, Cumhurba\u015fkan\u0131m\u0131z\u0131n da bizzat ilgilendi\u011fi bir proje. Bu kitaplar\u0131n ilim d\u00fcnyas\u0131na sunulmas\u0131 gerekiyor. Biz bunu t\u00fcm d\u00fcnyaya a\u00e7aca\u011f\u0131z. Bunlar\u0131n hepsi ayr\u0131 bir ilim ve insanlar\u0131n bu ilimden faydalanmas\u0131 gerekiyor. Amac\u0131m\u0131z, hedefimiz bu.<\/p>\n<p style=\"text-align: justify;\">Kaynak:\u00a0http:\/\/www.haberler.com\/<\/p>\n","protected":false},"excerpt":{"rendered":"<p>T\u00fcrkiye Yazma Eserler Kurumu Ba\u015fkanl\u0131\u011f\u0131 Yazma ve Nadir Eserler Dairesi Ba\u015fkan\u0131 H\u00fcseyin Kutan, kurum ba\u015fkanl\u0131\u011f\u0131nca yazma eserler i\u00e7in uygulanacak otomasyon program\u0131 sayesinde d\u00fcnyan\u0131n her yerinden istenilen bilgi ve esere dijital ortamda ula\u015f\u0131labilece\u011fini belirterek, &#8220;Vatanda\u015flar\u0131m\u0131z istedikleri eseri ve bilgiyi bu otomasyon sistemiyle g\u00f6r\u00fcp ara\u015ft\u0131rmalar\u0131n\u0131 yapabilecek&#8221; dedi.<\/p>\n","protected":false},"author":1,"featured_media":0,"comment_status":"open","ping_status":"open","sticky":false,"template":"","format":"standard","meta":{"footnotes":""},"categories":[1,1509],"tags":[438,1441],"class_list":["post-12292","post","type-post","status-publish","format-standard","hentry","category-genel","category-yazma-eserler","tag-el-yazmalari","tag-yazma-eser-kutuphaneleri"],"_links":{"self":[{"href":"https:\/\/www.bbyhaber.com\/bby\/wp-json\/wp\/v2\/posts\/12292"}],"collection":[{"href":"https:\/\/www.bbyhaber.com\/bby\/wp-json\/wp\/v2\/posts"}],"about":[{"href":"https:\/\/www.bbyhaber.com\/bby\/wp-json\/wp\/v2\/types\/post"}],"author":[{"embeddable":true,"href":"https:\/\/www.bbyhaber.com\/bby\/wp-json\/wp\/v2\/users\/1"}],"replies":[{"embeddable":true,"href":"https:\/\/www.bbyhaber.com\/bby\/wp-json\/wp\/v2\/comments?post=12292"}],"version-history":[{"count":0,"href":"https:\/\/www.bbyhaber.com\/bby\/wp-json\/wp\/v2\/posts\/12292\/revisions"}],"wp:attachment":[{"href":"https:\/\/www.bbyhaber.com\/bby\/wp-json\/wp\/v2\/media?parent=12292"}],"wp:term":[{"taxonomy":"category","embeddable":true,"href":"https:\/\/www.bbyhaber.com\/bby\/wp-json\/wp\/v2\/categories?post=12292"},{"taxonomy":"post_tag","embeddable":true,"href":"https:\/\/www.bbyhaber.com\/bby\/wp-json\/wp\/v2\/tags?post=12292"}],"curies":[{"name":"wp","href":"https:\/\/api.w.org\/{rel}","templated":true}]}}