{"id":12287,"date":"2013-11-21T10:03:25","date_gmt":"2013-11-21T08:03:25","guid":{"rendered":"http:\/\/www.bbyhaber.com\/bby\/?p=12287"},"modified":"2013-11-21T10:06:19","modified_gmt":"2013-11-21T08:06:19","slug":"il-halk-kutuphanesi-10-bin-uyeyi-buldu-sakarya","status":"publish","type":"post","link":"https:\/\/www.bbyhaber.com\/bby\/2013\/11\/21\/il-halk-kutuphanesi-10-bin-uyeyi-buldu-sakarya","title":{"rendered":"\u0130l Halk K\u00fct\u00fcphanesi 10 bin \u00fcyeyi buldu-Sakarya"},"content":{"rendered":"<p style=\"text-align: justify;\"><img loading=\"lazy\" decoding=\"async\" class=\"alignleft\" src=\"http:\/\/sakaryayenigun.com.tr\/images\/il1-20131120-105908.jpg\" alt=\"\" width=\"250\" height=\"200\" \/>\u0130l Halk K\u00fct\u00fcphanesine olan ilginin her ge\u00e7en g\u00fcn artt\u0131\u011f\u0131n\u0131 s\u00f6yleyen M\u00fcd\u00fcr \u00d6z\u00e7ay\u0131r, \u201cK\u00fct\u00fcphanemize olan ilgi her ge\u00e7en g\u00fcn artarken, bu durum da bizleri memnun ediyor\u201d dedi. Okuma al\u0131\u015fkanl\u0131\u011f\u0131n\u0131n geli\u015ftirilmesini \u00f6nemsediklerini s\u00f6yleyen \u00d6z\u00e7ay\u0131r, \u201cAktif \u00fcye olarak 9 bin 853 \u00fcyemiz var, bu \u00fcyelerimiz aktif olanlar, yani son 1 y\u0131l i\u00e7erisinde kitap almayan \u00fcyelerimiz bu say\u0131ya dahil edilmiyor\u201d dedi.<!--more--><\/p>\n<p style=\"text-align: justify;\">Kitap edinmeler<\/p>\n<p style=\"text-align: justify;\">18 ya\u015f\u0131ndan b\u00fcy\u00fcklerin, n\u00fcfus c\u00fczdanlar\u0131 ile ba\u015fvurmalar\u0131 durumunda, form doldurarak \u00fcye yap\u0131ld\u0131\u011f\u0131n\u0131 s\u00f6yleyen \u00d6z\u00e7ay\u0131r, \u201c18 ya\u015f\u0131ndan k\u00fc\u00e7\u00fck \u00e7ocuklar\u0131m\u0131z ise velileri ile gelerek \u00fcye olabiliyor. Ayr\u0131va, velilerinde imza al\u0131p, okullar\u0131ndan onaylatarak da \u00fcye olabiliyorlar. Al\u0131nan kitaplar\u0131 15 g\u00fcn boyunca okuyabiliyorlar, olmad\u0131\u011f\u0131nda ise 1 g\u00fcn \u00f6ncesinden arayarak, telefonlar bu s\u00fcreyi uzatabiliyorlar\u201d diye konu\u015ftu.<\/p>\n<p style=\"text-align: justify;\">50 bine yak\u0131n kitap<\/p>\n<p style=\"text-align: justify;\">K\u00fct\u00fcphanelerinde 45 binden fazla kitap bulundu\u011funu s\u00f6yleyen M\u00fcd\u00fcr \u00d6z\u00e7ay\u0131r, \u201cBu say\u0131 en fazla 50 bin olabilir, zira buralar\u0131 \u2018Tip\u2019 k\u00fct\u00fcphaneler, bizde bu durumda en fazla okunan kitaplar\u0131 bulunduruyoruz\u201d dedi. \u00d6z\u00e7ay\u0131r ayr\u0131ca, anaokulu ve \u00e7ocuk k\u00fct\u00fcphanesi, ara\u015ft\u0131rma b\u00f6l\u00fcm\u00fc, internet ve satran\u00e7 b\u00f6l\u00fcm\u00fc ile hizmetin en iyisini vermeye devam edeceklerini ifade ederek, vatanda\u015flar\u0131 kitap okumaya davet etti.<\/p>\n<p style=\"text-align: justify;\">Kaynak:\u00a0http:\/\/sakaryayenigun.com.tr<\/p>\n","protected":false},"excerpt":{"rendered":"<p>\u0130l Halk K\u00fct\u00fcphanesine olan ilginin her ge\u00e7en g\u00fcn artt\u0131\u011f\u0131n\u0131 s\u00f6yleyen M\u00fcd\u00fcr \u00d6z\u00e7ay\u0131r, \u201cK\u00fct\u00fcphanemize olan ilgi her ge\u00e7en g\u00fcn artarken, bu durum da bizleri memnun ediyor\u201d dedi. Okuma al\u0131\u015fkanl\u0131\u011f\u0131n\u0131n geli\u015ftirilmesini \u00f6nemsediklerini s\u00f6yleyen \u00d6z\u00e7ay\u0131r, \u201cAktif \u00fcye olarak 9 bin 853 \u00fcyemiz var, bu \u00fcyelerimiz aktif olanlar, yani son 1 y\u0131l i\u00e7erisinde kitap almayan \u00fcyelerimiz bu say\u0131ya dahil [&hellip;]<\/p>\n","protected":false},"author":1,"featured_media":0,"comment_status":"open","ping_status":"open","sticky":false,"template":"","format":"standard","meta":{"footnotes":""},"categories":[1],"tags":[848],"class_list":["post-12287","post","type-post","status-publish","format-standard","hentry","category-genel","tag-halk-kutuphaneleri"],"_links":{"self":[{"href":"https:\/\/www.bbyhaber.com\/bby\/wp-json\/wp\/v2\/posts\/12287"}],"collection":[{"href":"https:\/\/www.bbyhaber.com\/bby\/wp-json\/wp\/v2\/posts"}],"about":[{"href":"https:\/\/www.bbyhaber.com\/bby\/wp-json\/wp\/v2\/types\/post"}],"author":[{"embeddable":true,"href":"https:\/\/www.bbyhaber.com\/bby\/wp-json\/wp\/v2\/users\/1"}],"replies":[{"embeddable":true,"href":"https:\/\/www.bbyhaber.com\/bby\/wp-json\/wp\/v2\/comments?post=12287"}],"version-history":[{"count":0,"href":"https:\/\/www.bbyhaber.com\/bby\/wp-json\/wp\/v2\/posts\/12287\/revisions"}],"wp:attachment":[{"href":"https:\/\/www.bbyhaber.com\/bby\/wp-json\/wp\/v2\/media?parent=12287"}],"wp:term":[{"taxonomy":"category","embeddable":true,"href":"https:\/\/www.bbyhaber.com\/bby\/wp-json\/wp\/v2\/categories?post=12287"},{"taxonomy":"post_tag","embeddable":true,"href":"https:\/\/www.bbyhaber.com\/bby\/wp-json\/wp\/v2\/tags?post=12287"}],"curies":[{"name":"wp","href":"https:\/\/api.w.org\/{rel}","templated":true}]}}