{"id":12262,"date":"2013-11-20T12:48:28","date_gmt":"2013-11-20T10:48:28","guid":{"rendered":"http:\/\/www.bbyhaber.com\/bby\/?p=12262"},"modified":"2013-11-27T17:29:19","modified_gmt":"2013-11-27T15:29:19","slug":"turk-kutuphaneciligi-yeni-web-sayfasi-yayinda","status":"publish","type":"post","link":"https:\/\/www.bbyhaber.com\/bby\/2013\/11\/20\/turk-kutuphaneciligi-yeni-web-sayfasi-yayinda","title":{"rendered":"T\u00fcrk K\u00fct\u00fcphanecili\u011fi yeni web sayfas\u0131 yay\u0131nda"},"content":{"rendered":"<p style=\"text-align: justify;\"><a href=\"http:\/\/www.bbyhaber.com\/bby\/wp-content\/uploads\/bby-dernek-logolar\/turk-kutuphaneciligi-dergi-kapagi.jpg\"><img loading=\"lazy\" decoding=\"async\" class=\"alignleft size-thumbnail wp-image-5238\" title=\"turk-kutuphaneciligi-dergi-kapagi\" src=\"http:\/\/www.bbyhaber.com\/bby\/wp-content\/uploads\/bby-dernek-logolar\/turk-kutuphaneciligi-dergi-kapagi.jpg\" alt=\"\" width=\"150\" height=\"107\" \/><\/a>T\u00fcrk K\u00fct\u00fcphanecili\u011fi dergisinin sunucu de\u011fi\u015fikli\u011fi s\u00fcreci tamamlanarak yeni alan ad\u0131 <span style=\"color: #0000ff;\"><a href=\"http:\/\/www.tk.org.tr \" target=\"_blank\"><span style=\"color: #0000ff;\">http:\/\/www.tk.org.tr<\/span><\/a><\/span> olarak tan\u0131mlanm\u0131\u015ft\u0131r. Dergi ar\u015fivinin OJS 2.4.2 versiyonu \u00fczerinden g\u00fcncelleme i\u015flemi yar\u0131lanm\u0131\u015ft\u0131r, ara\u015ft\u0131rmalar\u0131n\u0131za eski h\u0131z\u0131yla devam edebilmeniz i\u00e7in dergimizi mevcut haliyle <span style=\"color: #0000ff;\"><a href=\"http:\/\/www.tk.org.tr \" target=\"_blank\"><span style=\"color: #0000ff;\">http:\/\/www.tk.org.tr<\/span><\/a><\/span> adresinden hizmetinize sunuyoruz.<!--more--><\/p>\n<p style=\"text-align: justify;\">Bu vesile ile sistemin kurulum a\u015famas\u0131ndaki teknik sorunlar\u0131n giderilmesinde yard\u0131m ve deste\u011fini esirgemeyen Bilgi D\u00fcnyas\u0131 Dergisi Yay\u0131n Kurulu \u00fcyesi H\u00fcseyin K\u00f6rpeo\u011flu\u2019na te\u015fekk\u00fcr ederiz.<\/p>\n<p style=\"text-align: justify;\">Bu s\u00fcre\u00e7te veri giri\u015f i\u015flemini yapmakta olan derne\u011fimizin gen\u00e7lik birimi Kamp\u00fcs Grubu\u2019na sab\u0131rl\u0131 ve verimli \u00e7al\u0131\u015fmalar\u0131 i\u00e7in te\u015fekk\u00fcr ederiz. \u00c7al\u0131\u015fmalar\u0131 ba\u015f\u0131ndan bu yana sab\u0131r ve \u00f6zveri ile koordine eden Yay\u0131n Kurulu \u00fcyemiz Rahmi Akk\u0131l\u0131k ve \u00e7al\u0131\u015fmalar kapsam\u0131nda yurt d\u0131\u015f\u0131 ba\u011flant\u0131lar\u0131m\u0131z\u0131 bildirerek ileti\u015fim kanallar\u0131n\u0131 s\u00fcrekli a\u00e7\u0131k tutan Yay\u0131n Kurulu \u00fcyemiz Zehra Ta\u015fk\u0131n\u2019a te\u015fekk\u00fcr ederiz.<\/p>\n<p style=\"text-align: justify;\">Yeni alan ad\u0131 al\u0131nmas\u0131 s\u00fcrecini k\u0131saltmak i\u00e7in olanaklar\u0131n\u0131 kullanan TKD Y\u00f6netim Kurulu \u00fcyesi Emre H. Akbayrak ve meslekta\u015f\u0131m\u0131z Re\u015fit Sar\u0131g\u00fcl\u2019e ayr\u0131ca te\u015fekk\u00fcr ederiz.<\/p>\n<p style=\"text-align: justify;\">Bu s\u00fcre\u00e7te manevi deste\u011fi ile bizleri yaln\u0131z b\u0131rakmayan, \u00e7al\u0131\u015fman\u0131n her a\u015famas\u0131 ile ilgilenen Say\u0131n Genel Ba\u015fkan\u0131m\u0131z Ali Fuat Kartal\u2019a \u00f6zel te\u015fekk\u00fcrlerimizi sunar\u0131z.<\/p>\n<p style=\"text-align: justify;\">\u00c7al\u0131\u015fma s\u00fcrecinde bizleri anlay\u0131\u015f ve sab\u0131rla kar\u015f\u0131layan siz de\u011ferli meslekta\u015flar\u0131m\u0131za sayg\u0131lar\u0131m\u0131z\u0131 sunar, yap\u0131c\u0131 ele\u015ftiri, \u00f6neri ve yorumlar\u0131n\u0131z\u0131 bekleriz.<\/p>\n<p style=\"text-align: justify;\"><strong><em>T\u00fcrk K\u00fct\u00fcphanecili\u011fi Yay\u0131n Kurulu<\/em><\/strong><\/p>\n<p style=\"text-align: justify;\"><strong><span style=\"color: #0000ff;\"><a href=\"http:\/\/www.facebook.com\/turkkutuphaneciligi\" target=\"_blank\"><span style=\"color: #0000ff;\">TK Facebook sayfas\u0131 i\u00e7in t\u0131klay\u0131n\u0131z<\/span><\/a><\/span><\/strong><\/p>\n","protected":false},"excerpt":{"rendered":"<p>T\u00fcrk K\u00fct\u00fcphanecili\u011fi dergisinin sunucu de\u011fi\u015fikli\u011fi s\u00fcreci tamamlanarak yeni alan ad\u0131 http:\/\/www.tk.org.tr olarak tan\u0131mlanm\u0131\u015ft\u0131r. Dergi ar\u015fivinin OJS 2.4.2 versiyonu \u00fczerinden g\u00fcncelleme i\u015flemi yar\u0131lanm\u0131\u015ft\u0131r, ara\u015ft\u0131rmalar\u0131n\u0131za eski h\u0131z\u0131yla devam edebilmeniz i\u00e7in dergimizi mevcut haliyle http:\/\/www.tk.org.tr adresinden hizmetinize sunuyoruz.<\/p>\n","protected":false},"author":1,"featured_media":0,"comment_status":"open","ping_status":"open","sticky":false,"template":"","format":"standard","meta":{"footnotes":""},"categories":[],"tags":[1416],"class_list":["post-12262","post","type-post","status-publish","format-standard","hentry","tag-turk-kutuphaneciligi"],"_links":{"self":[{"href":"https:\/\/www.bbyhaber.com\/bby\/wp-json\/wp\/v2\/posts\/12262"}],"collection":[{"href":"https:\/\/www.bbyhaber.com\/bby\/wp-json\/wp\/v2\/posts"}],"about":[{"href":"https:\/\/www.bbyhaber.com\/bby\/wp-json\/wp\/v2\/types\/post"}],"author":[{"embeddable":true,"href":"https:\/\/www.bbyhaber.com\/bby\/wp-json\/wp\/v2\/users\/1"}],"replies":[{"embeddable":true,"href":"https:\/\/www.bbyhaber.com\/bby\/wp-json\/wp\/v2\/comments?post=12262"}],"version-history":[{"count":0,"href":"https:\/\/www.bbyhaber.com\/bby\/wp-json\/wp\/v2\/posts\/12262\/revisions"}],"wp:attachment":[{"href":"https:\/\/www.bbyhaber.com\/bby\/wp-json\/wp\/v2\/media?parent=12262"}],"wp:term":[{"taxonomy":"category","embeddable":true,"href":"https:\/\/www.bbyhaber.com\/bby\/wp-json\/wp\/v2\/categories?post=12262"},{"taxonomy":"post_tag","embeddable":true,"href":"https:\/\/www.bbyhaber.com\/bby\/wp-json\/wp\/v2\/tags?post=12262"}],"curies":[{"name":"wp","href":"https:\/\/api.w.org\/{rel}","templated":true}]}}