{"id":1225,"date":"2010-10-18T16:46:27","date_gmt":"2010-10-18T16:46:27","guid":{"rendered":"http:\/\/www.bbyhaber.com\/bby\/?p=1225"},"modified":"2011-11-18T16:46:54","modified_gmt":"2011-11-18T16:46:54","slug":"seferihisar%e2%80%99da-80-bin-kitaplik-kutuphane","status":"publish","type":"post","link":"https:\/\/www.bbyhaber.com\/bby\/2010\/10\/18\/seferihisar%e2%80%99da-80-bin-kitaplik-kutuphane","title":{"rendered":"Seferihisar\u2019da 80 bin kitapl\u0131k k\u00fct\u00fcphane"},"content":{"rendered":"<p style=\"text-align: justify;\" align=\"justify\">\u0130zmir\u2019in Seferihisar il\u00e7esinde 80 bin cilt kitaba sahip bir k\u00fct\u00fcphane var. Bir baba ve d\u00f6rt o\u011flunun Viyana\u2019da ba\u015flayan kitap a\u015fk\u0131, koli koli Seferihisar\u2019a ta\u015f\u0131nd\u0131 ve b\u00f6ylece Ak\u015fit K\u00fclt\u00fcr ortaya \u00e7\u0131kt\u0131. \u00dcstelik, kitaplar\u0131n yar\u0131s\u0131 Almanca.<\/p>\n<p style=\"text-align: justify;\" align=\"justify\">TEVF\u0130K Ak\u015fit, K\u00f6y Enstit\u00fcs\u00fc k\u00f6kenli bir \u00f6\u011fretmen. \u00c7olu\u011funu \u00e7ocu\u011funu yan\u0131na al\u0131p Viyana\u2019n\u0131n yolunu tutuyor bundan 25 y\u0131l \u00f6nce. Kendisi kadar \u00e7ocuklar\u0131 da merakl\u0131 okumaya. B\u00f6ylece herkes kendi ba\u015f\u0131na kitap toplamaya ba\u015fl\u0131yor. \u201cViyana\u2019n\u0131n \u015fehir merkezinde diyor\u201d Hakan Ak\u015fit, \u201cb\u00fcy\u00fck k\u00fc\u00e7\u00fck otuzu a\u015fk\u0131n k\u00fct\u00fcphane vard\u0131 ve zaman zaman kitap tasfiye ediyorlard\u0131. Bunlar a\u011f\u0131r eserler oldu\u011fu i\u00e7in sadece benim gibi kitap kurtlar\u0131na g\u00f6reydi.\u201d B\u00f6ylece kitap toplamaya ba\u015fl\u0131yor Hakan Ak\u015fit ve k\u00fct\u00fcphanecilik e\u011fitimi ald\u0131ktan sonra Viyana\u2019da \u00fc\u00e7 y\u0131l kitabevi i\u015fletiyor.<\/p>\n<p style=\"text-align: justify;\" align=\"justify\">Arkas\u0131ndan, k\u00fc\u00e7\u00fck karde\u015fi de onunla \u00e7al\u0131\u015fmaya ba\u015fl\u0131yor.Baba Tevfik Ak\u015fit, kitaplar\u0131n s\u00fcrekli \u00e7o\u011fald\u0131\u011f\u0131n\u0131 g\u00f6r\u00fcnce, halka a\u00e7\u0131k bir k\u00fct\u00fcphane kurmaya karar veriyor bir s\u00fcre sonra. Haz\u0131rl\u0131klar, ba\u015fvurular derken, k\u00fct\u00fcphane hizmete a\u00e7\u0131l\u0131yor. 2005\u2019te aile T\u00fcrkiye\u2019ye d\u00f6nmeye karar veriyor, tabii k\u00fct\u00fcphane ile birlikte. Uygun bir yer ararken, Seferihisar\u2019\u0131n \u00dcrkmez beldesini kestiriyorlar g\u00f6zlerine. Bina bulunuyor, yenileniyor, kitaplar ta\u015f\u0131n\u0131yor ve nihayet 2008\u2019de Ak\u015fit K\u00fclt\u00fcr faaliyete ge\u00e7iyor.<\/p>\n<p style=\"text-align: justify;\" align=\"justify\"><strong>Konaklamal\u0131 k\u00fct\u00fcphane<\/strong><\/p>\n<p style=\"text-align: justify;\" align=\"justify\">Ancak, k\u00fct\u00fcphaneyi \u00f6yle s\u0131radan bir \u015fey sanmamak gerek. 80 bin kitab\u0131n yar\u0131s\u0131 yani 40 bini Almanca\u2019d\u0131r ve bu niteli\u011fiyle T\u00fcrkiye\u2019nin en b\u00fcy\u00fck Almanca kitap koleksiyonudur bu. Ak\u015fit K\u00fclt\u00fcr, sadece k\u00fct\u00fcphaneden de ibaret de\u011fildir. \u00dc\u00e7 bin metrekare bah\u00e7e i\u00e7inde y\u00fczme havuzu, konuk evleri ve lokantalar\u0131yla bir girenin bir daha \u00e7\u0131kmak istemeyece\u011fi bir merkez olu\u015fturulmu\u015f. \u201cT\u00fcrkiye\u2019nin ilk konaklamal\u0131 k\u00fct\u00fcphanesi bizimkisi\u201d diyor Hakan Ak\u015fit gururla.<\/p>\n<p style=\"text-align: justify;\" align=\"justify\"><strong>Sadece k\u00fct\u00fcphane de\u011fil k\u00fclt\u00fcr ve bilim merkezi<\/strong><\/p>\n<p style=\"text-align: justify;\" align=\"justify\">AK\u015e\u0130T K\u00fclt\u00fcr yaln\u0131z bir k\u00fct\u00fcphane de\u011fil, ayn\u0131 zamanda k\u00fclt\u00fcr ve sanat merkezi. Y\u0131l boyu k\u00fclt\u00fcr, sanat ve bilim faaliyetleri birbirini koval\u0131yor. Viyana\u2019da ge\u00e7en 25 y\u0131l ve 40 bin cilt Almanca kitap dolay\u0131s\u0131yla bilhassa Almanca konu\u015fan \u00fclkelerle s\u0131k\u0131 ili\u015fki i\u00e7indeler. \u00c7e\u015fitli ortak projeler \u00fcretiyorlar yahut onlar\u0131n projelerine \u00e7e\u015fitli \u015fekillerde katk\u0131 veriyorlar. Ayr\u0131ca, gen\u00e7 \u00e7evirmenlerden olu\u015fan bir \u00e7eviri ekibi mevcut. Kendi \u00e7evirdikleri eserleri kendileri yay\u0131mlad\u0131klar\u0131 gibi, \u00e7e\u015fitli kurumlardan gelen \u00e7eviri isteklerini de kar\u015f\u0131l\u0131yorlar.<strong style=\"text-align: justify;\"><\/strong><\/p>\n<p style=\"text-align: justify;\" align=\"justify\">Kaynak: <a href=\"http:\/\/www.hurriyet.com.tr\/\" target=\"_blank\">http:\/\/www.hurriyet.com.tr\/<\/a><\/p>\n","protected":false},"excerpt":{"rendered":"<p>\u0130zmir\u2019in Seferihisar il\u00e7esinde 80 bin cilt kitaba sahip bir k\u00fct\u00fcphane var. Bir baba ve d\u00f6rt o\u011flunun Viyana\u2019da ba\u015flayan kitap a\u015fk\u0131, koli koli Seferihisar\u2019a ta\u015f\u0131nd\u0131 ve b\u00f6ylece Ak\u015fit K\u00fclt\u00fcr ortaya \u00e7\u0131kt\u0131. \u00dcstelik, kitaplar\u0131n yar\u0131s\u0131 Almanca. TEVF\u0130K Ak\u015fit, K\u00f6y Enstit\u00fcs\u00fc k\u00f6kenli bir \u00f6\u011fretmen. \u00c7olu\u011funu \u00e7ocu\u011funu yan\u0131na al\u0131p Viyana\u2019n\u0131n yolunu tutuyor bundan 25 y\u0131l \u00f6nce. Kendisi kadar \u00e7ocuklar\u0131 [&hellip;]<\/p>\n","protected":false},"author":1,"featured_media":0,"comment_status":"open","ping_status":"open","sticky":false,"template":"","format":"standard","meta":{"footnotes":""},"categories":[1],"tags":[],"class_list":["post-1225","post","type-post","status-publish","format-standard","hentry","category-genel"],"_links":{"self":[{"href":"https:\/\/www.bbyhaber.com\/bby\/wp-json\/wp\/v2\/posts\/1225"}],"collection":[{"href":"https:\/\/www.bbyhaber.com\/bby\/wp-json\/wp\/v2\/posts"}],"about":[{"href":"https:\/\/www.bbyhaber.com\/bby\/wp-json\/wp\/v2\/types\/post"}],"author":[{"embeddable":true,"href":"https:\/\/www.bbyhaber.com\/bby\/wp-json\/wp\/v2\/users\/1"}],"replies":[{"embeddable":true,"href":"https:\/\/www.bbyhaber.com\/bby\/wp-json\/wp\/v2\/comments?post=1225"}],"version-history":[{"count":0,"href":"https:\/\/www.bbyhaber.com\/bby\/wp-json\/wp\/v2\/posts\/1225\/revisions"}],"wp:attachment":[{"href":"https:\/\/www.bbyhaber.com\/bby\/wp-json\/wp\/v2\/media?parent=1225"}],"wp:term":[{"taxonomy":"category","embeddable":true,"href":"https:\/\/www.bbyhaber.com\/bby\/wp-json\/wp\/v2\/categories?post=1225"},{"taxonomy":"post_tag","embeddable":true,"href":"https:\/\/www.bbyhaber.com\/bby\/wp-json\/wp\/v2\/tags?post=1225"}],"curies":[{"name":"wp","href":"https:\/\/api.w.org\/{rel}","templated":true}]}}