{"id":12240,"date":"2013-11-19T09:27:08","date_gmt":"2013-11-19T07:27:08","guid":{"rendered":"http:\/\/www.bbyhaber.com\/bby\/?p=12240"},"modified":"2013-11-19T09:36:21","modified_gmt":"2013-11-19T07:36:21","slug":"metin-goktepenin-ismi-kutuphanede-yasayacak","status":"publish","type":"post","link":"https:\/\/www.bbyhaber.com\/bby\/2013\/11\/19\/metin-goktepenin-ismi-kutuphanede-yasayacak","title":{"rendered":"Metin G\u00f6ktepe\u2019nin ismi k\u00fct\u00fcphanede ya\u015fayacak"},"content":{"rendered":"<p style=\"text-align: justify;\"><a href=\"http:\/\/birgun.net\/icerikler\/resimler\/haberler\/metin-goktepenin-ismi-kutuphanede-yasayacak-1.jpg\"><img loading=\"lazy\" decoding=\"async\" class=\"alignleft\" src=\"http:\/\/birgun.net\/icerikler\/resimler\/haberler\/metin-goktepenin-ismi-kutuphanede-yasayacak-1.jpg\" alt=\"\" width=\"250\" height=\"150\" \/><\/a>\u0130zmir\/Torbal\u0131\u2019n\u0131n Karak\u0131zlar K\u00f6y\u00fc\u2019nde olu\u015fturulmaya ba\u015flanan k\u00fct\u00fcphane i\u00e7in b\u00fcy\u00fck emek harcayan gazeteci G\u00f6k\u00e7ay \u201cMetin G\u00f6ktepe katledildi\u011finde ortaokul \u00f6\u011frencisiydim ve bir gazetecinin \u00f6ld\u00fcr\u00fclmesine \u00e7ok \u00fcz\u00fclm\u00fc\u015ft\u00fcm. B\u00fcy\u00fcd\u00fc\u011f\u00fcmde gazeteci olmay\u0131 istedim. \u015eimdi ise gazetecilik yapmaya \u00e7al\u0131\u015f\u0131yorum. Metin G\u00f6ktepe\u2019nin Torbal\u0131\u2019da da tan\u0131nmas\u0131 ve ya\u015famas\u0131 i\u00e7in bir k\u00fct\u00fcphane kurmay\u0131 d\u00fc\u015f\u00fcnd\u00fcm\u201d diye konu\u015ftu.<!--more--> Torbal\u0131 Gazeteciler Cemiyeti\u2019nin de projeye destek verdi\u011fini belirten G\u00f6k\u00e7ay, ge\u00e7ti\u011fimiz y\u0131l \u00e7al\u0131\u015fmalar\u0131 ba\u015flayan Da\u011f K\u0131z\u0131lc\u0131k K\u00f6y\u00fc\u2019ndeki k\u00fct\u00fcphaneye de Van depreminde hayat\u0131n\u0131 kaybeden Cem Emir ve Sebahattin Y\u0131lmaz\u2019\u0131n isimlerinin verildi\u011fini ifade etti. G\u00f6k\u00e7ay, \u201cOrada on bin kitapl\u0131k bir k\u00fct\u00fcphanemiz olu\u015ftu, ard\u0131ndan Metin G\u00f6ktepe K\u00fct\u00fcphanesi i\u00e7in \u00e7al\u0131\u015fmalara ba\u015flad\u0131k yine sosyal medya \u00fczerinden \u00f6rg\u00fctlenerek iki binin \u00fczerinde kitaba ula\u015ft\u0131k. Metin G\u00f6ktepe\u2019nin ad\u0131n\u0131 k\u00f6ylerde ya\u015fatmaya ve k\u00fct\u00fcphanesi olmayan \u00e7ocuklara kitap kazand\u0131rmaya g\u00fcc\u00fcm\u00fcz yetti\u011fince devam edece\u011fiz\u201d \u015feklinde konu\u015ftu.<\/p>\n<p style=\"text-align: justify;\">SOL A\u00c7IK\u2019TAN DESTEK<br \/>\nMetin G\u00f6ktepe K\u00fct\u00fcphanesi\u2019nin, G\u00f6ktepe\u2019nin \u00f6ld\u00fcr\u00fcld\u00fc\u011f\u00fc 9 Ocak haftas\u0131nda G\u00f6ktepe\u2019nin ablas\u0131 Meryem G\u00f6ktepe ve annesi Fadime G\u00f6ktepe\u2019nin kat\u0131l\u0131mlar\u0131 ile a\u00e7\u0131lmas\u0131 planlan\u0131yor. Fenerbah\u00e7e taraftar grubu Sol A\u00e7\u0131k da projeye destek veriyor. Sol A\u00e7\u0131k taraftar grubu \u00fcyeleri, ge\u00e7ti\u011fimiz g\u00fcnlerde Torbal\u0131\u2019ya giderek Karak\u0131zlar K\u00f6y\u00fc\u2019nde kurulmakta olan Metin G\u00f6ktepe K\u00fct\u00fcphanesi i\u00e7in toplad\u0131klar\u0131 kitaplar\u0131 teslim etti.<\/p>\n<p style=\"text-align: justify;\">Kaynak:http:\/\/birgun.net\/<\/p>\n","protected":false},"excerpt":{"rendered":"<p>\u0130zmir\/Torbal\u0131\u2019n\u0131n Karak\u0131zlar K\u00f6y\u00fc\u2019nde olu\u015fturulmaya ba\u015flanan k\u00fct\u00fcphane i\u00e7in b\u00fcy\u00fck emek harcayan gazeteci G\u00f6k\u00e7ay \u201cMetin G\u00f6ktepe katledildi\u011finde ortaokul \u00f6\u011frencisiydim ve bir gazetecinin \u00f6ld\u00fcr\u00fclmesine \u00e7ok \u00fcz\u00fclm\u00fc\u015ft\u00fcm. B\u00fcy\u00fcd\u00fc\u011f\u00fcmde gazeteci olmay\u0131 istedim. \u015eimdi ise gazetecilik yapmaya \u00e7al\u0131\u015f\u0131yorum. Metin G\u00f6ktepe\u2019nin Torbal\u0131\u2019da da tan\u0131nmas\u0131 ve ya\u015famas\u0131 i\u00e7in bir k\u00fct\u00fcphane kurmay\u0131 d\u00fc\u015f\u00fcnd\u00fcm\u201d diye konu\u015ftu.<\/p>\n","protected":false},"author":1,"featured_media":0,"comment_status":"open","ping_status":"open","sticky":false,"template":"","format":"standard","meta":{"footnotes":""},"categories":[1],"tags":[],"class_list":["post-12240","post","type-post","status-publish","format-standard","hentry","category-genel"],"_links":{"self":[{"href":"https:\/\/www.bbyhaber.com\/bby\/wp-json\/wp\/v2\/posts\/12240"}],"collection":[{"href":"https:\/\/www.bbyhaber.com\/bby\/wp-json\/wp\/v2\/posts"}],"about":[{"href":"https:\/\/www.bbyhaber.com\/bby\/wp-json\/wp\/v2\/types\/post"}],"author":[{"embeddable":true,"href":"https:\/\/www.bbyhaber.com\/bby\/wp-json\/wp\/v2\/users\/1"}],"replies":[{"embeddable":true,"href":"https:\/\/www.bbyhaber.com\/bby\/wp-json\/wp\/v2\/comments?post=12240"}],"version-history":[{"count":0,"href":"https:\/\/www.bbyhaber.com\/bby\/wp-json\/wp\/v2\/posts\/12240\/revisions"}],"wp:attachment":[{"href":"https:\/\/www.bbyhaber.com\/bby\/wp-json\/wp\/v2\/media?parent=12240"}],"wp:term":[{"taxonomy":"category","embeddable":true,"href":"https:\/\/www.bbyhaber.com\/bby\/wp-json\/wp\/v2\/categories?post=12240"},{"taxonomy":"post_tag","embeddable":true,"href":"https:\/\/www.bbyhaber.com\/bby\/wp-json\/wp\/v2\/tags?post=12240"}],"curies":[{"name":"wp","href":"https:\/\/api.w.org\/{rel}","templated":true}]}}