{"id":12237,"date":"2013-11-19T09:12:05","date_gmt":"2013-11-19T07:12:05","guid":{"rendered":"http:\/\/www.bbyhaber.com\/bby\/?p=12237"},"modified":"2013-11-19T09:12:05","modified_gmt":"2013-11-19T07:12:05","slug":"milli-kutuphanedeki-346-bin-kitap-gun-yuzune-cikarilacak","status":"publish","type":"post","link":"https:\/\/www.bbyhaber.com\/bby\/2013\/11\/19\/milli-kutuphanedeki-346-bin-kitap-gun-yuzune-cikarilacak","title":{"rendered":"Milli K\u00fct\u00fcphane&#8217;deki 346 bin kitap g\u00fcn y\u00fcz\u00fcne \u00e7\u0131kar\u0131lacak"},"content":{"rendered":"<p style=\"text-align: justify;\"><img loading=\"lazy\" decoding=\"async\" class=\"alignleft\" src=\"http:\/\/www.netgazete.com\/files\/\/k__t__phane_445163018.jpg\" alt=\"\" width=\"250\" height=\"150\" \/>K\u00fclt\u00fcr ve Turizm Bakan\u0131 \u00d6mer \u00c7elik, Milli K\u00fct\u00fcphane&#8217;de 10 y\u0131ld\u0131r a\u00e7\u0131lmam\u0131\u015f \u00fc\u00e7 deponun a\u00e7\u0131ld\u0131\u011f\u0131n\u0131, depolarda yer alan toplam 346 bin kitab\u0131n i\u015flem g\u00f6rmedi\u011fini, bu kitaplar\u0131n i\u015fleme \u00e7al\u0131\u015fmalar\u0131n\u0131n ba\u015flat\u0131ld\u0131\u011f\u0131n\u0131 a\u00e7\u0131klad\u0131.\u00a0Millet olarak ayakta tutabilecek manevi mirasa sahip olundu\u011funu vurgulayan \u00c7elik, K\u00fclt\u00fcr Bakanl\u0131\u011f\u0131 olarak kendilerine d\u00fc\u015fen g\u00f6revin ise bu miras\u0131 ayakta tutmak oldu\u011funu kaydetti.<!--more--> Milli K\u00fct\u00fcphane konusunda \u00c7elik, 10 y\u0131l boyunca a\u00e7\u0131lmam\u0131\u015f 3 deponun a\u00e7\u0131ld\u0131\u011f\u0131n\u0131 belirterek bu depolarda yer alan 60 bin, 250 bin ve 36 bin kitap olmak \u00fczere toplam 346 bin kitab\u0131n i\u015flem g\u00f6rmemi\u015f durumda oldu\u011funu ve \u00e7al\u0131\u015fmalar\u0131n hemen ba\u015flat\u0131ld\u0131\u011f\u0131n\u0131 s\u00f6yledi. Buradan yola \u00e7\u0131karak Milli K\u00fct\u00fcphane&#8217;nin ne halde oldu\u011funun daha iyi anla\u015f\u0131laca\u011f\u0131n\u0131 dile getiren \u00c7elik, baz\u0131 kitaplar\u0131n hurdaya ayr\u0131ld\u0131\u011f\u0131 y\u00f6n\u00fcndeki iddialar\u0131n ise incelendi\u011fini kaydetti.<\/p>\n<p>Kaynak:http:\/\/www.haber3.com\/<\/p>\n","protected":false},"excerpt":{"rendered":"<p>K\u00fclt\u00fcr ve Turizm Bakan\u0131 \u00d6mer \u00c7elik, Milli K\u00fct\u00fcphane&#8217;de 10 y\u0131ld\u0131r a\u00e7\u0131lmam\u0131\u015f \u00fc\u00e7 deponun a\u00e7\u0131ld\u0131\u011f\u0131n\u0131, depolarda yer alan toplam 346 bin kitab\u0131n i\u015flem g\u00f6rmedi\u011fini, bu kitaplar\u0131n i\u015fleme \u00e7al\u0131\u015fmalar\u0131n\u0131n ba\u015flat\u0131ld\u0131\u011f\u0131n\u0131 a\u00e7\u0131klad\u0131.\u00a0Millet olarak ayakta tutabilecek manevi mirasa sahip olundu\u011funu vurgulayan \u00c7elik, K\u00fclt\u00fcr Bakanl\u0131\u011f\u0131 olarak kendilerine d\u00fc\u015fen g\u00f6revin ise bu miras\u0131 ayakta tutmak oldu\u011funu kaydetti.<\/p>\n","protected":false},"author":1,"featured_media":0,"comment_status":"open","ping_status":"open","sticky":false,"template":"","format":"standard","meta":{"footnotes":""},"categories":[1475,1],"tags":[],"class_list":["post-12237","post","type-post","status-publish","format-standard","hentry","category-ankara-milli-kutuphane","category-genel"],"_links":{"self":[{"href":"https:\/\/www.bbyhaber.com\/bby\/wp-json\/wp\/v2\/posts\/12237"}],"collection":[{"href":"https:\/\/www.bbyhaber.com\/bby\/wp-json\/wp\/v2\/posts"}],"about":[{"href":"https:\/\/www.bbyhaber.com\/bby\/wp-json\/wp\/v2\/types\/post"}],"author":[{"embeddable":true,"href":"https:\/\/www.bbyhaber.com\/bby\/wp-json\/wp\/v2\/users\/1"}],"replies":[{"embeddable":true,"href":"https:\/\/www.bbyhaber.com\/bby\/wp-json\/wp\/v2\/comments?post=12237"}],"version-history":[{"count":0,"href":"https:\/\/www.bbyhaber.com\/bby\/wp-json\/wp\/v2\/posts\/12237\/revisions"}],"wp:attachment":[{"href":"https:\/\/www.bbyhaber.com\/bby\/wp-json\/wp\/v2\/media?parent=12237"}],"wp:term":[{"taxonomy":"category","embeddable":true,"href":"https:\/\/www.bbyhaber.com\/bby\/wp-json\/wp\/v2\/categories?post=12237"},{"taxonomy":"post_tag","embeddable":true,"href":"https:\/\/www.bbyhaber.com\/bby\/wp-json\/wp\/v2\/tags?post=12237"}],"curies":[{"name":"wp","href":"https:\/\/api.w.org\/{rel}","templated":true}]}}