{"id":1223,"date":"2010-10-21T16:44:42","date_gmt":"2010-10-21T16:44:42","guid":{"rendered":"http:\/\/www.bbyhaber.com\/bby\/?p=1223"},"modified":"2012-05-30T13:14:41","modified_gmt":"2012-05-30T13:14:41","slug":"gezici-kutuphane-ogrencilerin-hizmetinde-adiyaman","status":"publish","type":"post","link":"https:\/\/www.bbyhaber.com\/bby\/2010\/10\/21\/gezici-kutuphane-ogrencilerin-hizmetinde-adiyaman","title":{"rendered":"Gezici k\u00fct\u00fcphane \u00f6\u011frencilerin hizmetinde-Ad\u0131yaman"},"content":{"rendered":"<p style=\"text-align: justify;\" align=\"justify\">Ad\u0131yaman Valisi Ramazan Sodan, Belediye ba\u015fkan\u0131 Necip B\u00fcy\u00fckaslan, Milli E\u011fitim M\u00fcd\u00fcr\u00fc Hasan Alak\u00f6se, \u0130l K\u00fclt\u00fcr M\u00fcd\u00fcr\u00fc Mustafa Ekinci ve kurum amirlerinin kat\u0131ld\u0131\u011f\u0131 teslim t\u00f6reninde Ad\u0131yaman \u0130l Halk K\u00fct\u00fcphanesine 108 Adet Yeti\u015fkin Sandalyesi, 18 Adet Yeti\u015fkin Masas\u0131, 160 Adet \u00c7ocuk Sandalyesi, 20 Adet \u00c7ocuk Masas\u0131 ve 14 Adet Kitapl\u0131k raf\u0131 al\u0131narak teslim edildi.<!--more--><\/p>\n<p style=\"text-align: justify;\">2008 y\u0131l\u0131 SODES projelerinden artan parayla Merkez K\u00f6ylere Hizmet G\u00f6t\u00fcrme Birli\u011fi taraf\u0131ndan 1 Adet Gezici K\u00fct\u00fcphane Arac\u0131 sat\u0131n al\u0131nd\u0131\u011f\u0131n\u0131 belirten Sodan, &#8221;al\u0131nan gezici k\u00fct\u00fcphaneyle Ad\u0131yaman&#8217;\u0131n k\u0131rsal yerlerinde ya\u015fayan halk\u0131m\u0131zda kitapla bulu\u015fmas\u0131 sa\u011flanm\u0131\u015ft\u0131r&#8221; dedi. Vali Sodan, \u015fu bilgileri verdi:<\/p>\n<p style=\"text-align: justify;\">&#8221;Uzun u\u011fra\u015flar\u0131n ard\u0131ndan sonunda Ad\u0131yaman&#8217;a getirilen gezici k\u00fct\u00fcphane arac\u0131 Ad\u0131yaman&#8217;da 15 mahalle ve semt, k\u0131rsal kesimde 20 k\u00f6y ve kasaba olmak \u00fczere toplamda 35 yerle\u015fim birimine 15 g\u00fcnde bir d\u00f6n\u00fc\u015f\u00fcml\u00fc olarak hizmet verecek. 1971 y\u0131l\u0131ndan beri Ad\u0131yaman&#8217;da gezici k\u00fct\u00fcphane olarak hizmet veren arac\u0131n, eskimesi ve bu nedenle trafikten men edilmesinin ard\u0131ndan y\u0131llar sonra gezici k\u00fct\u00fcphane arac\u0131na kavu\u015fan Ad\u0131yaman&#8217;da ta\u015frada ya\u015fayan \u00e7ocuklar\u0131m\u0131z da g\u00f6n\u00fcllerince kitap okuyup e\u011fitimlerine g\u00fczel bir \u015fekilde devam edecek.&#8221;<strong> <\/strong><\/p>\n<p style=\"text-align: justify;\" align=\"justify\">Kaynak: http:\/\/www.memlekethaber.com<\/p>\n","protected":false},"excerpt":{"rendered":"<p>Ad\u0131yaman Valisi Ramazan Sodan, Belediye ba\u015fkan\u0131 Necip B\u00fcy\u00fckaslan, Milli E\u011fitim M\u00fcd\u00fcr\u00fc Hasan Alak\u00f6se, \u0130l K\u00fclt\u00fcr M\u00fcd\u00fcr\u00fc Mustafa Ekinci ve kurum amirlerinin kat\u0131ld\u0131\u011f\u0131 teslim t\u00f6reninde Ad\u0131yaman \u0130l Halk K\u00fct\u00fcphanesine 108 Adet Yeti\u015fkin Sandalyesi, 18 Adet Yeti\u015fkin Masas\u0131, 160 Adet \u00c7ocuk Sandalyesi, 20 Adet \u00c7ocuk Masas\u0131 ve 14 Adet Kitapl\u0131k raf\u0131 al\u0131narak teslim edildi.<\/p>\n","protected":false},"author":1,"featured_media":0,"comment_status":"open","ping_status":"open","sticky":false,"template":"","format":"standard","meta":{"footnotes":""},"categories":[1486],"tags":[1440],"class_list":["post-1223","post","type-post","status-publish","format-standard","hentry","category-gezici-kutuphane","tag-gezici-kutuphaneler"],"_links":{"self":[{"href":"https:\/\/www.bbyhaber.com\/bby\/wp-json\/wp\/v2\/posts\/1223"}],"collection":[{"href":"https:\/\/www.bbyhaber.com\/bby\/wp-json\/wp\/v2\/posts"}],"about":[{"href":"https:\/\/www.bbyhaber.com\/bby\/wp-json\/wp\/v2\/types\/post"}],"author":[{"embeddable":true,"href":"https:\/\/www.bbyhaber.com\/bby\/wp-json\/wp\/v2\/users\/1"}],"replies":[{"embeddable":true,"href":"https:\/\/www.bbyhaber.com\/bby\/wp-json\/wp\/v2\/comments?post=1223"}],"version-history":[{"count":0,"href":"https:\/\/www.bbyhaber.com\/bby\/wp-json\/wp\/v2\/posts\/1223\/revisions"}],"wp:attachment":[{"href":"https:\/\/www.bbyhaber.com\/bby\/wp-json\/wp\/v2\/media?parent=1223"}],"wp:term":[{"taxonomy":"category","embeddable":true,"href":"https:\/\/www.bbyhaber.com\/bby\/wp-json\/wp\/v2\/categories?post=1223"},{"taxonomy":"post_tag","embeddable":true,"href":"https:\/\/www.bbyhaber.com\/bby\/wp-json\/wp\/v2\/tags?post=1223"}],"curies":[{"name":"wp","href":"https:\/\/api.w.org\/{rel}","templated":true}]}}