{"id":12214,"date":"2013-11-17T14:22:27","date_gmt":"2013-11-17T12:22:27","guid":{"rendered":"http:\/\/www.bbyhaber.com\/bby\/?p=12214"},"modified":"2015-02-17T13:53:18","modified_gmt":"2015-02-17T11:53:18","slug":"kutuphane-yoneticileri-edirnede-bulustu","status":"publish","type":"post","link":"https:\/\/www.bbyhaber.com\/bby\/2013\/11\/17\/kutuphane-yoneticileri-edirnede-bulustu","title":{"rendered":"K\u00fct\u00fcphane Y\u00f6neticileri Edirne&#8217;de Bulu\u015ftu"},"content":{"rendered":"<p style=\"text-align: justify;\">Trakya \u00dcniversitesi ev sahipli\u011finde d\u00fczenlenen ANKOS (Anadolu \u00dcniversite K\u00fct\u00fcphaneleri Konsorsiyumu) K\u00fct\u00fcphane ve Bilgi Merkezi Y\u00f6neticileri toplant\u0131s\u0131 15 &#8211; 16 Kas\u0131m tarihlerinde Edirne\u2019de ger\u00e7ekle\u015fti. \u00dclkemizdeki t\u00fcm akademik k\u00fct\u00fcphaneleri bir araya getiren toplant\u0131n\u0131n a\u00e7\u0131l\u0131\u015f\u0131nda Trakya \u00dcniversitesi K\u00fct\u00fcphane ve Dok\u00fcmantasyon Daire Ba\u015fkan\u0131 Recep Zogo konu\u015fmas\u0131nda, \u201c\u00dclkemizde Akademik K\u00fct\u00fcphaneleri\u2019nin<!--more--> geli\u015fmesinde \u00f6nemli rol oynayan Anadolu \u00dcniversite K\u00fct\u00fcphaneleri Konsorsiyumu k\u0131sa ad\u0131yla ANKOS bug\u00fcn itibar\u0131yla 13 ya\u015f\u0131n\u0131 doldurmu\u015f bulunmaktad\u0131r. Bug\u00fcn ve yar\u0131n d\u00fczenlenecek toplant\u0131larda geldi\u011fimiz noktay\u0131 de\u011ferlendirecek, gelecekte yap\u0131lacaklar hakk\u0131nda bir strateji belirleyece\u011fiz. G\u00fcndem yo\u011fun. Toplant\u0131ya kat\u0131l\u0131m y\u00fcksek. Kat\u0131l\u0131m\u0131n\u0131zdan dolay\u0131 hepinize tekrar te\u015fekk\u00fcr ederim.<\/p>\n<p style=\"text-align: justify;\">K\u00fct\u00fcphanemiz, \u00dcniversitemizin g\u00f6zbebe\u011fidir. Bu y\u0131l bir\u00e7ok \u00fcniversite k\u00fct\u00fcphanesinin uygulamaya koydu\u011fu 7\/24 uygulamas\u0131nda ikinci y\u0131l\u0131m\u0131za girdik. Bu uygulama ile kullan\u0131c\u0131lar\u0131m\u0131za, zaman s\u0131n\u0131r\u0131 olmaks\u0131z\u0131n ara\u015ft\u0131rma yapma ve ders d\u0131\u015f\u0131 \u00e7al\u0131\u015fma imkan\u0131 sunmaktay\u0131z. Son d\u00f6nemde Rekt\u00f6r\u00fcm\u00fcz\u00fcn verdi\u011fi destekle, bas\u0131l\u0131 ve elektronik kaynaklarda \u00f6nemli art\u0131\u015flar sa\u011flad\u0131k. Zengin g\u00f6rsel materyale sahibiz. RFID sistemini kurd\u0131k ve kullanmaktay\u0131z. K\u00fct\u00fcphane binas\u0131nda s\u0131cak-so\u011fuk klima sistemi mevcuttur. Binam\u0131zda, konferans, seminer ve sergi salonumuz vard\u0131r. Bug\u00fcn toplant\u0131 sonunda beraberce k\u00fct\u00fcphaneyi ziyaret edece\u011fiz. Bu esnada sizlere k\u00fct\u00fcphanemizi daha yak\u0131ndan tan\u0131taca\u011f\u0131m. Ayr\u0131ca ziyaret esnas\u0131nda \u00f6zel bir \u00e7al\u0131\u015fma olan, D\u00fcnya Miras\u0131; Selimiye adl\u0131 foto\u011fraf sergisinin a\u00e7\u0131l\u0131\u015f\u0131n\u0131 yapaca\u011f\u0131z\u201d dedi.<\/p>\n<p style=\"text-align: justify;\">Ankos Ba\u015fkan\u0131 Ertu\u011frul \u00c7imen:<\/p>\n<p style=\"text-align: justify;\">\u201cT\u00fcm \u00fcniversite k\u00fct\u00fcphanelerinin \u00fcyesi oldu\u011fu, ANKOS\u2019un temel amac\u0131, \u00dcniversite k\u00fct\u00fcphanelerinin elektronik kaynaklara eri\u015fim sa\u011flama noktas\u0131nda kollektif hareket ederek, yay\u0131n al\u0131mlar\u0131nda ki maliyeti payla\u015fmakt\u0131r. Bilgiye ula\u015fmada ortaya \u00e7\u0131kan y\u00fcksek maliyetlerin b\u00f6l\u00fc\u015f\u00fclmesi esast\u0131r.<\/p>\n<p style=\"text-align: justify;\">\u00dclkemizde \u00e7ok fazla alanda rastlanmayan bu t\u00fcr g\u00f6n\u00fcll\u00fc olu\u015fumlar sayesinde, \u00fclke kaynaklar\u0131nda \u00f6nemli tasarruflar sa\u011flanm\u0131\u015f ve sa\u011flanmaya devam etmektedir. Bu payla\u015f\u0131m, k\u00fct\u00fcphaneleri mali a\u00e7\u0131dan korudu\u011fu gibi, yeni kurulan ve k\u00fc\u00e7\u00fck \u00f6l\u00e7ekli k\u00fct\u00fcphanelerin geli\u015fmesine de \u00f6nemli katk\u0131 sa\u011flamaktad\u0131r.\u201d dedi.<\/p>\n<p style=\"text-align: justify;\">Trakya \u00dcniversitesi Rekt\u00f6r\u00fc Prof. Dr. Yener Y\u00d6R\u00dcK yapt\u0131\u011f\u0131 konu\u015fmas\u0131nda,<\/p>\n<p style=\"text-align: justify;\">\u201cBilgi ve kitap avc\u0131lar\u0131, Ankos toplant\u0131s\u0131n\u0131 burada yapman\u0131z Trakya \u00dcniversitesi a\u00e7\u0131s\u0131ndan memnuniyet vericidir, bundan sevin\u00e7 duyduk. \u00dcniversitelerin amac\u0131 bilgiye, hakikate ve realiteye ula\u015fmakt\u0131r. K\u00fct\u00fcphane \u00e7al\u0131\u015fanlar\u0131 olarak sizler, Div\u00e2nu L\u00fcgati&#8217;t-T\u00fcrk\u2019\u00fcn pe\u015finde ko\u015fan Ali Em\u00eer\u00ee Efendi\u2019lersiniz. Ankos kuruldu\u011fu g\u00fcnden bug\u00fcne de\u011fin ba\u015far\u0131 grafi\u011fini hep ileri g\u00f6t\u00fcrm\u00fc\u015f bir kurumdur. Bu arada genel bir \u00f6nerimi iletmek isterim Ankos ismine Trakya\u2019n\u0131n \u201ct\u201dsini eklenirse, Antkos olursa g\u00fczel olaca\u011f\u0131n\u0131 d\u00fc\u015f\u00fcnmekteyim.<\/p>\n<p style=\"text-align: justify;\">Bug\u00fcn\u00fcn d\u00fcnyas\u0131nda s\u0131n\u0131rlar art\u0131k suni\u2019dir. Sosyolojik a\u00e7\u0131dan bakarsak Balkan\u2019lar art\u0131k s\u0131n\u0131r kabul etmiyor. Trakya b\u00f6lgesi olarak bizler Anadolu ruhundan ayr\u0131 de\u011filiz, eminimki sizlerde Trakya\u2019y\u0131 bir kabul ediyorsunuzdur.<\/p>\n<p style=\"text-align: justify;\">Trakya \u00dcniversitesi asl\u0131nda 1480\u2019li y\u0131llarda kurulmu\u015f olan t\u0131p fak\u00fcltesi ve hastanesi ile e\u011fitime ve hizmete ba\u015flam\u0131\u015ft\u0131r. \u00dcniversitelerin ama\u00e7lar\u0131ndan bir di\u011feri de ara\u015ft\u0131rma ve geli\u015ftirmedir. Bu anlamda hastanemiz ara\u015ft\u0131rma ve geli\u015ftirme hastanesidir. \u0130stanbul \u00dcniversitesi\u2019nin kurulu\u015fu 1453 tarihine uzan\u0131rken Trakya \u00dcniversitesi de karde\u015f bir \u00fcniversite olarak kurulu\u015fu 1488\u2019dir.<\/p>\n<p style=\"text-align: justify;\">K\u00fct\u00fcphanemiz 7\/24 a\u00e7\u0131k bir k\u00fct\u00fcphanedir. G\u00f6reve geldi\u011fimiz g\u00fcnden itibaren k\u00fct\u00fcphane kaynaklar\u0131m\u0131z\u0131 iki kat\u0131na \u00e7\u0131kard\u0131k. Yat\u0131r\u0131m hedefimizi %3 olarak koyduk.\u201d diyerek s\u00f6zlerine son verdi.<\/p>\n<p style=\"text-align: justify;\">T\u00fcrkiye Bilimler Akademisi (T\u00dcBA) Ba\u015fkan\u0131 Prof. Dr. Ahmet Cevat ACAR konu\u015fmas\u0131nda,<\/p>\n<p style=\"text-align: justify;\">\u201c Edirne \u015fehrinin \u00f6zellikle Selimiye\u2019nin \u00fclkemiz miras\u0131 a\u00e7\u0131s\u0131ndan \u00f6nemli bir yeri oldu\u011funu d\u00fc\u015f\u00fcn\u00fcyorum. Trakya \u00dcniversitesi\u2019ne bu ikinci geli\u015fim oluyor. \u00dcniversitenizin bilimsel geli\u015fiminin h\u0131zla artt\u0131\u011f\u0131n\u0131 g\u00f6zlemliyorum. Burada bulunmaktan duydu\u011fum memnuniyetimi belirtiyorum. T\u00fcrkiye Bilimler Akademisi (T\u00dcBA) kurum olarak pek tan\u0131nm\u0131yor. 20 y\u0131ll\u0131k bir ge\u00e7mi\u015fe sahip bir kurumun y\u00f6neticisi olarak kurulu\u015fumuzun y\u0131ld\u00f6n\u00fcm\u00fcn\u00fc kutlamaya cesaret edemedim. Kurulu\u015fu binlerle ifade edilen bir milletin ve devletin, 20 y\u0131ll\u0131k bir akademisi var ve kutlan\u0131yor \u00e7eli\u015fkisini g\u00f6ze alamad\u0131m. Bir \u00fclkenin k\u00fcresel rekabet ortam\u0131nda rekabette \u00fcst\u00fcnl\u00fck kazanmas\u0131 ge\u00e7mi\u015fine ve ge\u00e7mi\u015f de\u011ferlerine ba\u011fl\u0131d\u0131r.<\/p>\n<p style=\"text-align: justify;\">Ankos olarak kurumsalla\u015fma ad\u0131na amat\u00f6r ruhunuzu da kaybetmeden neler yapabiliriz sorusunu bu toplant\u0131n\u0131zda tart\u0131\u015faca\u011f\u0131n\u0131z\u0131 umuyorum. Kitab\u0131n bizim k\u00fclt\u00fcr\u00fcm\u00fczde \u00f6nemli bir yeri vard\u0131r. Medeniyet ve k\u00fclt\u00fcr s\u00f6zkonusu oldu\u011funda kitap, k\u00fct\u00fcphane ve okuma kutsanan olgulard\u0131r. T\u00fcrk \u00dcniversiteleri \u00e7ok yak\u0131n zamanlara kadar \u00fcniversite olman\u0131n asgari \u015fartlar\u0131n\u0131 dahi yerine getiremiyorlard\u0131. \u00dcniversiteler k\u00fct\u00fcphaneler hak ettikleri yerde de\u011fildi. Vak\u0131f ve devlet \u00fcniversitelerinin k\u00fct\u00fcphane kalitesi \u00e7o\u011funda iyi g\u00f6r\u00fcnmemektedir. Bu yetersizliklerin sebebi siz k\u00fct\u00fcphaneciler de\u011filsiniz elbette. K\u00fct\u00fcphaneciler ihmal de\u011fil belki ama gerekli ilgiden yoksun kald\u0131. K\u00fct\u00fcphanecilerin bu \u015fartlar alt\u0131nda \u00f6zverili \u00e7al\u0131\u015fmalar\u0131ndan dolay\u0131 kutluyorum.\u201d dedi.<\/p>\n<p style=\"text-align: justify;\">Trakya \u00dcniversitesi Balkan Kongre Merkezinde d\u00fczenlenen oturumlarda, \u00fcniversite k\u00fct\u00fcphanelerinin elektronik kaynaklara eri\u015fim sa\u011flama, e-yay\u0131nlara yap\u0131lan yat\u0131r\u0131m\u0131 payla\u015fma, yay\u0131n de\u011fi\u015fimi, otomasyon ve ke\u015fif ara\u00e7lar\u0131 alan\u0131nda ki yenilikler ve k\u00fct\u00fcphanelerde yap\u0131lan \u00f6rnek uygulamalar g\u00fcndeme geldi.<\/p>\n<p style=\"text-align: justify;\">Toplant\u0131ya 109 \u00fcniversite ve ara\u015ft\u0131rma k\u00fct\u00fcphanesinin y\u00f6neticileri kat\u0131ld\u0131.<\/p>\n<p style=\"text-align: justify;\">Kaynak:http:\/\/www.trakya.edu.tr\/<\/p>\n","protected":false},"excerpt":{"rendered":"<p>Trakya \u00dcniversitesi ev sahipli\u011finde d\u00fczenlenen ANKOS (Anadolu \u00dcniversite K\u00fct\u00fcphaneleri Konsorsiyumu) K\u00fct\u00fcphane ve Bilgi Merkezi Y\u00f6neticileri toplant\u0131s\u0131 15 &#8211; 16 Kas\u0131m tarihlerinde Edirne\u2019de ger\u00e7ekle\u015fti. \u00dclkemizdeki t\u00fcm akademik k\u00fct\u00fcphaneleri bir araya getiren toplant\u0131n\u0131n a\u00e7\u0131l\u0131\u015f\u0131nda Trakya \u00dcniversitesi K\u00fct\u00fcphane ve Dok\u00fcmantasyon Daire Ba\u015fkan\u0131 Recep Zogo konu\u015fmas\u0131nda, \u201c\u00dclkemizde Akademik K\u00fct\u00fcphaneleri\u2019nin<\/p>\n","protected":false},"author":1,"featured_media":0,"comment_status":"open","ping_status":"open","sticky":false,"template":"","format":"standard","meta":{"footnotes":""},"categories":[],"tags":[1015],"class_list":["post-12214","post","type-post","status-publish","format-standard","hentry","tag-ankos"],"_links":{"self":[{"href":"https:\/\/www.bbyhaber.com\/bby\/wp-json\/wp\/v2\/posts\/12214"}],"collection":[{"href":"https:\/\/www.bbyhaber.com\/bby\/wp-json\/wp\/v2\/posts"}],"about":[{"href":"https:\/\/www.bbyhaber.com\/bby\/wp-json\/wp\/v2\/types\/post"}],"author":[{"embeddable":true,"href":"https:\/\/www.bbyhaber.com\/bby\/wp-json\/wp\/v2\/users\/1"}],"replies":[{"embeddable":true,"href":"https:\/\/www.bbyhaber.com\/bby\/wp-json\/wp\/v2\/comments?post=12214"}],"version-history":[{"count":0,"href":"https:\/\/www.bbyhaber.com\/bby\/wp-json\/wp\/v2\/posts\/12214\/revisions"}],"wp:attachment":[{"href":"https:\/\/www.bbyhaber.com\/bby\/wp-json\/wp\/v2\/media?parent=12214"}],"wp:term":[{"taxonomy":"category","embeddable":true,"href":"https:\/\/www.bbyhaber.com\/bby\/wp-json\/wp\/v2\/categories?post=12214"},{"taxonomy":"post_tag","embeddable":true,"href":"https:\/\/www.bbyhaber.com\/bby\/wp-json\/wp\/v2\/tags?post=12214"}],"curies":[{"name":"wp","href":"https:\/\/api.w.org\/{rel}","templated":true}]}}