{"id":12184,"date":"2013-11-15T13:11:50","date_gmt":"2013-11-15T11:11:50","guid":{"rendered":"http:\/\/www.bbyhaber.com\/bby\/?p=12184"},"modified":"2013-11-15T13:12:07","modified_gmt":"2013-11-15T11:12:07","slug":"meclisten-okullara-8-bin-100-kitap","status":"publish","type":"post","link":"https:\/\/www.bbyhaber.com\/bby\/2013\/11\/15\/meclisten-okullara-8-bin-100-kitap","title":{"rendered":"Meclis&#8217;ten okullara 8 bin 100 kitap"},"content":{"rendered":"<p style=\"text-align: justify;\">Meclis, 81 ildeki 81 okul k\u00fct\u00fcphanesine 8 bin 100 kitap g\u00f6nderiyor. TBMM, &#8220;Kitap Okuyoruz&#8221; slogan\u0131yla\u00a0ba\u015flatt\u0131\u011f\u0131\u00a0&#8220;81 ilde 81 Okul K\u00fct\u00fcphanesine 100&#8217;er Kitap Ba\u011f\u0131\u015f Kampanyas\u0131&#8221; \u00e7er\u00e7evesinde toplanan kitaplar\u0131, ihtiya\u00e7 sahibi okul k\u00fct\u00fcphanelerine ula\u015ft\u0131r\u0131lacak. TBMM K\u00fct\u00fcphane ve Ar\u015fiv Hizmetleri Ba\u015fkanl\u0131\u011f\u0131&#8217;n\u0131n organizasyonu ile s\u00fcrd\u00fcr\u00fclen kampanya, toplumda okumaya,<!--more--> kitaba ve k\u00fct\u00fcphaneye olan ilginin art\u0131r\u0131lmas\u0131n\u0131, okuma al\u0131\u015fkanl\u0131\u011f\u0131n\u0131n kazand\u0131r\u0131lmas\u0131nda toplumun dikkatinin \u00e7ekilmesi ve duyarl\u0131l\u0131\u011f\u0131n\u0131n canl\u0131 tutulmas\u0131n\u0131 ama\u00e7l\u0131yor.<\/p>\n<p style=\"text-align: justify;\">Kampanya ile toplanan\u00a08 bin 100 kitap,\u00a0Milli E\u011fitim Bakanl\u0131\u011f\u0131 taraf\u0131ndan tespit edilen 81 ildeki 81 ihtiya\u00e7 sahibi okul k\u00fct\u00fcphanesine 18 Kas\u0131m Pazartesi g\u00fcn\u00fc teslim edilecek.<\/p>\n<p style=\"text-align: justify;\">Kaynak: http:\/\/www.memurlar.net<\/p>\n","protected":false},"excerpt":{"rendered":"<p>Meclis, 81 ildeki 81 okul k\u00fct\u00fcphanesine 8 bin 100 kitap g\u00f6nderiyor. TBMM, &#8220;Kitap Okuyoruz&#8221; slogan\u0131yla\u00a0ba\u015flatt\u0131\u011f\u0131\u00a0&#8220;81 ilde 81 Okul K\u00fct\u00fcphanesine 100&#8217;er Kitap Ba\u011f\u0131\u015f Kampanyas\u0131&#8221; \u00e7er\u00e7evesinde toplanan kitaplar\u0131, ihtiya\u00e7 sahibi okul k\u00fct\u00fcphanelerine ula\u015ft\u0131r\u0131lacak. TBMM K\u00fct\u00fcphane ve Ar\u015fiv Hizmetleri Ba\u015fkanl\u0131\u011f\u0131&#8217;n\u0131n organizasyonu ile s\u00fcrd\u00fcr\u00fclen kampanya, toplumda okumaya,<\/p>\n","protected":false},"author":1,"featured_media":0,"comment_status":"open","ping_status":"open","sticky":false,"template":"","format":"standard","meta":{"footnotes":""},"categories":[1],"tags":[],"class_list":["post-12184","post","type-post","status-publish","format-standard","hentry","category-genel"],"_links":{"self":[{"href":"https:\/\/www.bbyhaber.com\/bby\/wp-json\/wp\/v2\/posts\/12184"}],"collection":[{"href":"https:\/\/www.bbyhaber.com\/bby\/wp-json\/wp\/v2\/posts"}],"about":[{"href":"https:\/\/www.bbyhaber.com\/bby\/wp-json\/wp\/v2\/types\/post"}],"author":[{"embeddable":true,"href":"https:\/\/www.bbyhaber.com\/bby\/wp-json\/wp\/v2\/users\/1"}],"replies":[{"embeddable":true,"href":"https:\/\/www.bbyhaber.com\/bby\/wp-json\/wp\/v2\/comments?post=12184"}],"version-history":[{"count":0,"href":"https:\/\/www.bbyhaber.com\/bby\/wp-json\/wp\/v2\/posts\/12184\/revisions"}],"wp:attachment":[{"href":"https:\/\/www.bbyhaber.com\/bby\/wp-json\/wp\/v2\/media?parent=12184"}],"wp:term":[{"taxonomy":"category","embeddable":true,"href":"https:\/\/www.bbyhaber.com\/bby\/wp-json\/wp\/v2\/categories?post=12184"},{"taxonomy":"post_tag","embeddable":true,"href":"https:\/\/www.bbyhaber.com\/bby\/wp-json\/wp\/v2\/tags?post=12184"}],"curies":[{"name":"wp","href":"https:\/\/api.w.org\/{rel}","templated":true}]}}