{"id":12168,"date":"2013-11-13T10:44:40","date_gmt":"2013-11-13T08:44:40","guid":{"rendered":"http:\/\/www.bbyhaber.com\/bby\/?p=12168"},"modified":"2013-11-24T00:30:54","modified_gmt":"2013-11-23T22:30:54","slug":"tubitak-ulakbim-ulusal-akademik-yayincilik-2013-toplantisi-23-kasim-2013","status":"publish","type":"post","link":"https:\/\/www.bbyhaber.com\/bby\/2013\/11\/13\/tubitak-ulakbim-ulusal-akademik-yayincilik-2013-toplantisi-23-kasim-2013","title":{"rendered":"T\u00dcB\u0130TAK ULAKB\u0130M Ulusal Akademik Yay\u0131nc\u0131l\u0131k 2013 Toplant\u0131s\u0131-23 Kas\u0131m 2013"},"content":{"rendered":"<p style=\"text-align: justify;\"><img loading=\"lazy\" decoding=\"async\" class=\"alignleft\" src=\"http:\/\/www.bbyhaber.com\/bby\/wp-content\/uploads\/slncklr\/ulakbim.jpg\" alt=\"\" width=\"176\" height=\"108\" \/>T\u00dcB\u0130TAK ULAKB\u0130M taraf\u0131ndan, 23 Kas\u0131m 2013 tarihinde &#8220;Ulusal Akademik Yay\u0131nc\u0131l\u0131k 2013&#8221; toplant\u0131s\u0131 organize edilmi\u015ftir. Toplant\u0131n\u0131n amac\u0131, T\u00fcrkiye&#8217;de yay\u0131nc\u0131l\u0131\u011f\u0131n mevcut durumu, ya\u015fan\u0131lan sorunlar ve ULAKB\u0130M taraf\u0131ndan ger\u00e7ekle\u015ftirilmesi planlanan projeler hakk\u0131nda bilgi payla\u015f\u0131m\u0131nda bulunmakt\u0131r. \u00d6\u011fleden sonra, farkl\u0131 salonlarda e\u015fzamanl\u0131 olarak &#8220;T\u00dcB\u0130TAK ULAKB\u0130M T\u00fcrkiye Dergileri Endeksi De\u011ferlendirme Kriterleri Neler Olmal\u0131d\u0131r?&#8221;<!--more--> ba\u015fl\u0131kl\u0131 etkile\u015fimli toplant\u0131 ve ULAKB\u0130M T\u0131p Veri Taban\u0131 Komitesi taraf\u0131ndan organize edilen, &#8220;Sa\u011fl\u0131k Bilimlerinde S\u00fcreli Yay\u0131nc\u0131l\u0131k 11. Ulusal Sempozyumu&#8221; d\u00fczenlenecektir.<\/p>\n<p>\u0130lgili toplant\u0131 t\u00fcm edit\u00f6rlere, yazarlara ve ara\u015ft\u0131rmac\u0131lara a\u00e7\u0131k olup kat\u0131l\u0131m \u00fccretsizdir.<\/p>\n<p>Organizasyonun sa\u011fl\u0131kl\u0131 y\u00fcr\u00fct\u00fclebilmesi i\u00e7in, kat\u0131l\u0131mc\u0131lar\u0131n a\u015fa\u011f\u0131daki ba\u011flant\u0131dan kay\u0131t olmalar\u0131 zorunludur.<\/p>\n<p>Not: Ankara d\u0131\u015f\u0131ndan gelecek kat\u0131l\u0131mc\u0131lar i\u00e7in ula\u015f\u0131m ve\/veya konaklama organizasyonu yap\u0131lmam\u0131\u015ft\u0131r. T\u00fcm kat\u0131l\u0131mc\u0131lar kendi imkanlar\u0131 ile toplant\u0131ya kat\u0131labilirler.<\/p>\n<p><strong>Bilgi ve ileti\u015fim:<\/strong><br \/>\nuay@ulakbim.gov.tr<br \/>\n0312 298 92 15<br \/>\n0312 298 92 17<\/p>\n<p><span style=\"color: #0000ff;\"><strong><a href=\"http:\/\/uvt.ulakbim.gov.tr\/toplanti\/uay13\/kayitform.uhtml\" target=\"_blank\"><span style=\"color: #0000ff;\">Kay\u0131t i\u00e7in t\u0131klay\u0131n\u0131z <\/span><\/a><\/strong><\/span><br \/>\n<a href=\"http:\/\/uvt.ulakbim.gov.tr\/toplanti\/uay13\/kayitli.php\" target=\"_blank\"><strong><span style=\"color: #0000ff;\">Kat\u0131l\u0131mc\u0131lar i\u00e7in t\u0131klay\u0131n\u0131z<\/span><\/strong> <\/a><br \/>\n<a href=\"http:\/\/uvt.ulakbim.gov.tr\/toplanti\/uay13\/UAY2013_program.pdf\" target=\"_blank\"><strong><span style=\"color: #0000ff;\">Program detay\u0131 i\u00e7in t\u0131klay\u0131n\u0131z<\/span><\/strong><\/a><\/p>\n<p style=\"text-align: justify;\"><a href=\"http:\/\/www.bbyhaber.com\/bby\/wp-content\/uploads\/slncklr\/uay_2013_afis.jpg\"><img loading=\"lazy\" decoding=\"async\" class=\"alignnone\" src=\"http:\/\/www.bbyhaber.com\/bby\/wp-content\/uploads\/slncklr\/uay_2013_afis.jpg\" alt=\"\" width=\"140\" height=\"150\" \/><\/a> <a href=\"http:\/\/www.bbyhaber.com\/bby\/wp-content\/uploads\/slncklr\/uay_2013_saglik_afis.jpg\"><img loading=\"lazy\" decoding=\"async\" class=\"alignnone\" src=\"http:\/\/www.bbyhaber.com\/bby\/wp-content\/uploads\/slncklr\/uay_2013_saglik_afis.jpg\" alt=\"\" width=\"140\" height=\"150\" \/><\/a><\/p>\n<p style=\"text-align: justify;\">\u00d6nceki y\u0131llarda ULAKB\u0130M taraf\u0131ndan d\u00fczenlenen veri tabanlar\u0131 toplant\u0131lar\u0131na <a href=\"http:\/\/uvt.ulakbim.gov.tr\/toplanti\/\" target=\"_blank\">toplanti adresi<\/a>nden ula\u015fabilirsiniz.<\/p>\n","protected":false},"excerpt":{"rendered":"<p>T\u00dcB\u0130TAK ULAKB\u0130M taraf\u0131ndan, 23 Kas\u0131m 2013 tarihinde &#8220;Ulusal Akademik Yay\u0131nc\u0131l\u0131k 2013&#8221; toplant\u0131s\u0131 organize edilmi\u015ftir. Toplant\u0131n\u0131n amac\u0131, T\u00fcrkiye&#8217;de yay\u0131nc\u0131l\u0131\u011f\u0131n mevcut durumu, ya\u015fan\u0131lan sorunlar ve ULAKB\u0130M taraf\u0131ndan ger\u00e7ekle\u015ftirilmesi planlanan projeler hakk\u0131nda bilgi payla\u015f\u0131m\u0131nda bulunmakt\u0131r. \u00d6\u011fleden sonra, farkl\u0131 salonlarda e\u015fzamanl\u0131 olarak &#8220;T\u00dcB\u0130TAK ULAKB\u0130M T\u00fcrkiye Dergileri Endeksi De\u011ferlendirme Kriterleri Neler Olmal\u0131d\u0131r?&#8221;<\/p>\n","protected":false},"author":1,"featured_media":0,"comment_status":"open","ping_status":"open","sticky":false,"template":"","format":"standard","meta":{"footnotes":""},"categories":[1560],"tags":[267,1395,201,247],"class_list":["post-12168","post","type-post","status-publish","format-standard","hentry","category-dijital-yayincilik","tag-akademik-veri-tabanlari","tag-bby-mesleki-etkinlikler-arsivi","tag-tubitak","tag-ulakbim"],"_links":{"self":[{"href":"https:\/\/www.bbyhaber.com\/bby\/wp-json\/wp\/v2\/posts\/12168"}],"collection":[{"href":"https:\/\/www.bbyhaber.com\/bby\/wp-json\/wp\/v2\/posts"}],"about":[{"href":"https:\/\/www.bbyhaber.com\/bby\/wp-json\/wp\/v2\/types\/post"}],"author":[{"embeddable":true,"href":"https:\/\/www.bbyhaber.com\/bby\/wp-json\/wp\/v2\/users\/1"}],"replies":[{"embeddable":true,"href":"https:\/\/www.bbyhaber.com\/bby\/wp-json\/wp\/v2\/comments?post=12168"}],"version-history":[{"count":0,"href":"https:\/\/www.bbyhaber.com\/bby\/wp-json\/wp\/v2\/posts\/12168\/revisions"}],"wp:attachment":[{"href":"https:\/\/www.bbyhaber.com\/bby\/wp-json\/wp\/v2\/media?parent=12168"}],"wp:term":[{"taxonomy":"category","embeddable":true,"href":"https:\/\/www.bbyhaber.com\/bby\/wp-json\/wp\/v2\/categories?post=12168"},{"taxonomy":"post_tag","embeddable":true,"href":"https:\/\/www.bbyhaber.com\/bby\/wp-json\/wp\/v2\/tags?post=12168"}],"curies":[{"name":"wp","href":"https:\/\/api.w.org\/{rel}","templated":true}]}}