{"id":1216,"date":"2010-10-25T16:39:41","date_gmt":"2010-10-25T16:39:41","guid":{"rendered":"http:\/\/www.bbyhaber.com\/bby\/?p=1216"},"modified":"2012-07-11T13:58:49","modified_gmt":"2012-07-11T13:58:49","slug":"artik-kitaplar-dijital-ortamda-okunacak-istanbulesenler","status":"publish","type":"post","link":"https:\/\/www.bbyhaber.com\/bby\/2010\/10\/25\/artik-kitaplar-dijital-ortamda-okunacak-istanbulesenler","title":{"rendered":"Art\u0131k Kitaplar Dijital Ortamda Okunacak-\u0130stanbul\/Esenler"},"content":{"rendered":"<p style=\"text-align: justify;\" align=\"justify\">Restore edilen tarihi yap\u0131da hizmet verecek olan T\u00fcrkiye&#8217;nin ilk dijital k\u00fct\u00fcphanesinin a\u00e7\u0131l\u0131\u015f\u0131 K\u00fclt\u00fcr ve Turizm Bakan\u0131 Ertu\u011frul G\u00fcnay&#8217;\u0131n kat\u0131l\u0131m\u0131yla ger\u00e7ekle\u015ftirilecek.Esenler&#8217;in en merkezi noktas\u0131ndaki tarihi bir yap\u0131 restore edilerek Dijital K\u00fct\u00fcphane ve Gen\u00e7lik Merkezi haline getirildi. T\u00fcrkiye&#8217;nin ilk % 100 dijital k\u00fct\u00fcphanesinde, ansiklopedilerden s\u00f6zl\u00fcklere, 100 temel eserden fen bilimlerine, sosyal bilimlerden tarih, co\u011frafya kitaplar\u0131na, yerli ve yabanc\u0131 klasik \u00f6yk\u00fc ve romanlara kadar geni\u015f bir yelpazede toplam 6 binin \u00fczerinde elektronik kitap bulunuyor.<!--more--><\/p>\n<p style=\"text-align: justify;\" align=\"justify\">Esenler Belediyesi&#8217;nin tarihi eserleri g\u00fcn y\u00fcz\u00fcne \u00e7\u0131karmak i\u00e7in ba\u015flatt\u0131\u011f\u0131 \u00e7al\u0131\u015fmalar kapsam\u0131nda restore edilen bir yap\u0131da faaliyet g\u00f6sterecek e\u011fitim kompleksi, ge\u00e7mi\u015fi ve gelece\u011fi birbirine ba\u011flayan yap\u0131s\u0131yla da dikkat \u00e7ekiyor. \u00d6\u011frenciler ve gen\u00e7lerle birlikte anne ve babalar i\u00e7in de sanal k\u00fct\u00fcphane seminerlerinin verilece\u011fi e-k\u00fct\u00fcphane ile ya\u015fam boyu \u00f6\u011frenimin de kap\u0131s\u0131 aralanm\u0131\u015f olacak. Bir b\u00f6l\u00fcm\u00fc g\u00f6rme engelli okuyucular i\u00e7in sesli dinleme imkan\u0131 sunacak \u015fekilde dizayn edilen Adnan B\u00fcy\u00fckdeniz Dijital K\u00fct\u00fcphanesi, K\u00fclt\u00fcr ve Turizm Bakan\u0131 Ertu\u011frul G\u00fcnay, Esenler Kaymakam\u0131 Naz\u0131m Madeno\u011flu, Esenler Belediye Ba\u015fkan\u0131 M. Tevfik G\u00f6ksu ve Albaraka Genel M\u00fcd\u00fcr\u00fc Fahrettin Yah\u015fi&#8217;nin de kat\u0131laca\u011f\u0131 bir t\u00f6renle hizmete girecek.<strong style=\"text-align: justify;\"><\/strong><\/p>\n<p style=\"text-align: justify;\">Kaynak:<a href=\"http:\/\/www.cafesiyaset.com\/\" target=\"_blank\">http:\/\/www.cafesiyaset.com<\/a><\/p>\n","protected":false},"excerpt":{"rendered":"<p>Restore edilen tarihi yap\u0131da hizmet verecek olan T\u00fcrkiye&#8217;nin ilk dijital k\u00fct\u00fcphanesinin a\u00e7\u0131l\u0131\u015f\u0131 K\u00fclt\u00fcr ve Turizm Bakan\u0131 Ertu\u011frul G\u00fcnay&#8217;\u0131n kat\u0131l\u0131m\u0131yla ger\u00e7ekle\u015ftirilecek.Esenler&#8217;in en merkezi noktas\u0131ndaki tarihi bir yap\u0131 restore edilerek Dijital K\u00fct\u00fcphane ve Gen\u00e7lik Merkezi haline getirildi. T\u00fcrkiye&#8217;nin ilk % 100 dijital k\u00fct\u00fcphanesinde, ansiklopedilerden s\u00f6zl\u00fcklere, 100 temel eserden fen bilimlerine, sosyal bilimlerden tarih, co\u011frafya kitaplar\u0131na, yerli ve [&hellip;]<\/p>\n","protected":false},"author":1,"featured_media":0,"comment_status":"open","ping_status":"open","sticky":false,"template":"","format":"standard","meta":{"footnotes":""},"categories":[1559,1],"tags":[87],"class_list":["post-1216","post","type-post","status-publish","format-standard","hentry","category-dijital-kutuphane","category-genel","tag-digital-library"],"_links":{"self":[{"href":"https:\/\/www.bbyhaber.com\/bby\/wp-json\/wp\/v2\/posts\/1216"}],"collection":[{"href":"https:\/\/www.bbyhaber.com\/bby\/wp-json\/wp\/v2\/posts"}],"about":[{"href":"https:\/\/www.bbyhaber.com\/bby\/wp-json\/wp\/v2\/types\/post"}],"author":[{"embeddable":true,"href":"https:\/\/www.bbyhaber.com\/bby\/wp-json\/wp\/v2\/users\/1"}],"replies":[{"embeddable":true,"href":"https:\/\/www.bbyhaber.com\/bby\/wp-json\/wp\/v2\/comments?post=1216"}],"version-history":[{"count":0,"href":"https:\/\/www.bbyhaber.com\/bby\/wp-json\/wp\/v2\/posts\/1216\/revisions"}],"wp:attachment":[{"href":"https:\/\/www.bbyhaber.com\/bby\/wp-json\/wp\/v2\/media?parent=1216"}],"wp:term":[{"taxonomy":"category","embeddable":true,"href":"https:\/\/www.bbyhaber.com\/bby\/wp-json\/wp\/v2\/categories?post=1216"},{"taxonomy":"post_tag","embeddable":true,"href":"https:\/\/www.bbyhaber.com\/bby\/wp-json\/wp\/v2\/tags?post=1216"}],"curies":[{"name":"wp","href":"https:\/\/api.w.org\/{rel}","templated":true}]}}