{"id":12158,"date":"2013-11-12T12:39:19","date_gmt":"2013-11-12T10:39:19","guid":{"rendered":"http:\/\/www.bbyhaber.com\/bby\/?p=12158"},"modified":"2015-03-10T09:04:52","modified_gmt":"2015-03-10T07:04:52","slug":"kitap-al-parasini-kutuphane-odesin","status":"publish","type":"post","link":"https:\/\/www.bbyhaber.com\/bby\/2013\/11\/12\/kitap-al-parasini-kutuphane-odesin","title":{"rendered":"Kitap al paras\u0131n\u0131 k\u00fct\u00fcphane \u00f6desin"},"content":{"rendered":"<p style=\"text-align: justify;\">\u00c7ocuk Kitaplar\u0131 Haftas\u0131 dolay\u0131s\u0131yla g\u00f6r\u00fc\u015ft\u00fc\u011f\u00fcm\u00fcz Bursa \u0130l\u00e7e Halk K\u00fct\u00fcphanesi M\u00fcd\u00fcr\u00fc Kenan Kahraman: \u201c\u00c7ocuklar\u0131m\u0131z\u0131n, halk\u0131m\u0131z\u0131n okumas\u0131 i\u00e7in her t\u00fcrl\u00fc \u00e7al\u0131\u015fmay\u0131 yap\u0131yoruz. Hatta istedi\u011fi kitab\u0131 k\u00fct\u00fcphanemizde bulamayanlar sat\u0131n al\u0131p fi\u015fini getirsinler. Hem istedi\u011fi kitab\u0131 okuma imkan\u0131 olsun; hem de k\u00fct\u00fcphanemiz bir kitap daha kazans\u0131n\u201d dedi.<!--more--><\/p>\n<div style=\"text-align: justify;\">YETER K\u0130 \u00c7OCUKLAR OKUSUN<\/div>\n<div style=\"text-align: justify;\">11-17 Kas\u0131m tarihleri aras\u0131nda kutlanan \u00c7ocuk Kitaplar\u0131 Haftas\u0131 dolay\u0131s\u0131yla K\u00fct\u00fcphane M\u00fcd\u00fcr\u00fc Kenan Kahraman ile g\u00f6r\u00fc\u015ft\u00fck. Kahraman, \u00e7ocuklar\u0131n ve il\u00e7e halk\u0131n\u0131n okumas\u0131 i\u00e7in her t\u00fcrl\u00fc \u00e7al\u0131\u015fmay\u0131 yapt\u0131klar\u0131n\u0131 s\u00f6yledi.<\/div>\n<div style=\"text-align: justify;\">ADINDAN S\u00d6Z ETT\u0130R\u0130YOR<\/div>\n<div style=\"text-align: justify;\">Halk K\u00fct\u00fcphanesinin binas\u0131, g\u00fczelli\u011fi, teknolojik yap\u0131s\u0131 ve koleksiyon zenginli\u011fi ile ad\u0131ndan s\u00f6z ettirdi\u011fini aktaran Kahraman: \u201cDaire ba\u015fkan\u0131m\u0131z bizi ziyarette \u00f6v\u00fcnd\u00fc\u011f\u00fcm\u00fcz bir yer buras\u0131 diyebiliyor. Bu bize \u00f6v\u00fcn\u00e7 veriyor. Halk K\u00fct\u00fcphanesi ve \u00c7ocuk K\u00fct\u00fcphanesinde her daim insan var. \u00c7ocuk K\u00fct\u00fcphanesi\u2019nde masalar\u0131n tamam\u0131n\u0131 renklendirdik. Duvarlar\u0131n\u0131 da rengarenk yapt\u0131k. Sunum \u00e7ok \u00f6nemli\u201d diye konu\u015ftu.<\/div>\n<div style=\"text-align: justify;\">\u0130K\u0130 K\u00dcT\u00dcPHANEY\u0130 BARINDIRIYORUZ<\/div>\n<div style=\"text-align: justify;\">Kahraman: \u201cBursa\u2019da b\u00fcnyesinde \u00e7ocuk k\u00fct\u00fcphanesi ve halk k\u00fct\u00fcphanesini birlikte bar\u0131nd\u0131ran tek il\u00e7eyiz. Burada 1961 y\u0131l\u0131nda kurulmu\u015f bir \u00e7ocuk k\u00fct\u00fcphanesi buldum. Ben geldi\u011fimde iki farkl\u0131 yerdeydi. \u00c7ocuk K\u00fct\u00fcphanesi\u2019ni kapatmad\u0131k. Binam\u0131z\u0131n m\u00fcsait olmas\u0131 dolay\u0131s\u0131yla koruyorum. Yeni geli\u015fen \u0130neg\u00f6l b\u00f6lgesinde bu k\u00fct\u00fcphaneyi orada Kaymakaml\u0131k oluruyla ta\u015f\u0131ma imk\u00e2n\u0131m\u0131z var. E\u011fer kapatm\u0131\u015f olsak K\u00fclt\u00fcr Bakanl\u0131\u011f\u0131 art\u0131k k\u00fct\u00fcphane a\u00e7m\u0131yor. Bir de hem halk k\u00fct\u00fcphanemize hem \u00e7ocuk k\u00fct\u00fcphanemize kitap geliyor. Hem de personel ve \u00f6denek konusunda iki k\u00fct\u00fcphane nedeniyle \u0131srarc\u0131 olabiliyoruz\u201d dedi.<\/div>\n<div style=\"text-align: justify;\">\u00c7OK FAZLA \u0130LT\u0130FAT VAR<\/div>\n<div style=\"text-align: justify;\">\u0130statistik yapt\u0131klar\u0131n\u0131 aktaran M\u00fcd\u00fcr Kahraman: \u201c\u0130statistikler yap\u0131yoruz ama \u00e7ok sa\u011fl\u0131kl\u0131 istatistikler de\u011fil. \u0130mza atabilir misiniz diyoruz ne imzas\u0131 deniyor. Defalarca s\u00f6yledi\u011fimiz oluyor. Bu bak\u0131mdan istatistikler sa\u011fl\u0131kl\u0131 de\u011fil. G\u00f6rsel olarak bu i\u015fin i\u00e7inden gelen biri olarak Halk K\u00fct\u00fcphanesi\u2019nden \u00e7ok \u00c7ocuk K\u00fct\u00fcphanesi\u2019ne daha fazla iltifat var. Baz\u0131 \u00f6\u011fretmenlerimiz derslerini K\u00fct\u00fcphane\u2019de yap\u0131yor. Okuyucular\u0131m\u0131z\u0131 k\u0131rmamaya \u00e7al\u0131\u015f\u0131yoruz. 735 g\u00fcn sonra kitap getiren oldu. Ama ona sadece arkada\u015flar\u0131n da bu kitaptan istifade edebilirdi diyoruz.\u201d<\/div>\n<div style=\"text-align: justify;\">SENEL\u0130K \u00dcCRET 2 TL<\/div>\n<div style=\"text-align: justify;\">\u00dcyelerden \u00e7ok c\u00fczi miktarda senelik b\u00fcy\u00fcklerde 3 TL, k\u00fc\u00e7\u00fcklerde 2 TL y\u0131ll\u0131k aidat ald\u0131klar\u0131n\u0131 aktaran Kahraman: \u201cBir \u00fcyemiz k\u00fct\u00fcphanemizde arad\u0131\u011f\u0131 kitab\u0131 bulamad\u0131. Git o kitab\u0131 bul, al, fi\u015fini getir. Biz onu \u00f6deyece\u011fiz diyoruz. Okullardan liste istiyoruz. O kitaplar\u0131 getiriyoruz. \u0130stenen kitap varsa ve \u0130neg\u00f6l\u2019de onu ald\u0131ysak \u00fcyemizi ar\u0131yoruz buyurun kitab\u0131n\u0131z geldi diye. Kitap okutmak i\u00e7in her \u015feyi yap\u0131yoruz. Hediyeler veriyoruz. T\u00dcB\u0130TAK Dergisi\u2019nden her ay 3 tane geliyor. Ben onlar\u0131 \u00e7ocuklar\u0131m\u0131za hediye ediyorum. K\u00fct\u00fcphane\u2019de herkesin istedi\u011fi kitab\u0131 yerinde bulabilmesi i\u00e7in bir sistem yapt\u0131r\u0131yoruz. Bakanl\u0131k k\u00fct\u00fcphane denilince akl\u0131m\u0131za \u0130neg\u00f6l geliyor diyor.\u201dKenan Kahraman bu hafta \u00e7ocuk kitaplar\u0131ndan olu\u015fan bir stant yapacaklar\u0131n\u0131, ayr\u0131ca hafta dolay\u0131s\u0131yla okullardan da ziyaretler yap\u0131laca\u011f\u0131n\u0131 s\u00f6zlerine ekledi.<\/div>\n<div style=\"text-align: justify;\">Kaynak: http:\/\/www.e-inegol.com<\/div>\n","protected":false},"excerpt":{"rendered":"<p>\u00c7ocuk Kitaplar\u0131 Haftas\u0131 dolay\u0131s\u0131yla g\u00f6r\u00fc\u015ft\u00fc\u011f\u00fcm\u00fcz Bursa \u0130l\u00e7e Halk K\u00fct\u00fcphanesi M\u00fcd\u00fcr\u00fc Kenan Kahraman: \u201c\u00c7ocuklar\u0131m\u0131z\u0131n, halk\u0131m\u0131z\u0131n okumas\u0131 i\u00e7in her t\u00fcrl\u00fc \u00e7al\u0131\u015fmay\u0131 yap\u0131yoruz. Hatta istedi\u011fi kitab\u0131 k\u00fct\u00fcphanemizde bulamayanlar sat\u0131n al\u0131p fi\u015fini getirsinler. Hem istedi\u011fi kitab\u0131 okuma imkan\u0131 olsun; hem de k\u00fct\u00fcphanemiz bir kitap daha kazans\u0131n\u201d dedi.<\/p>\n","protected":false},"author":1,"featured_media":0,"comment_status":"open","ping_status":"open","sticky":false,"template":"","format":"standard","meta":{"footnotes":""},"categories":[],"tags":[848],"class_list":["post-12158","post","type-post","status-publish","format-standard","hentry","tag-halk-kutuphaneleri"],"_links":{"self":[{"href":"https:\/\/www.bbyhaber.com\/bby\/wp-json\/wp\/v2\/posts\/12158"}],"collection":[{"href":"https:\/\/www.bbyhaber.com\/bby\/wp-json\/wp\/v2\/posts"}],"about":[{"href":"https:\/\/www.bbyhaber.com\/bby\/wp-json\/wp\/v2\/types\/post"}],"author":[{"embeddable":true,"href":"https:\/\/www.bbyhaber.com\/bby\/wp-json\/wp\/v2\/users\/1"}],"replies":[{"embeddable":true,"href":"https:\/\/www.bbyhaber.com\/bby\/wp-json\/wp\/v2\/comments?post=12158"}],"version-history":[{"count":0,"href":"https:\/\/www.bbyhaber.com\/bby\/wp-json\/wp\/v2\/posts\/12158\/revisions"}],"wp:attachment":[{"href":"https:\/\/www.bbyhaber.com\/bby\/wp-json\/wp\/v2\/media?parent=12158"}],"wp:term":[{"taxonomy":"category","embeddable":true,"href":"https:\/\/www.bbyhaber.com\/bby\/wp-json\/wp\/v2\/categories?post=12158"},{"taxonomy":"post_tag","embeddable":true,"href":"https:\/\/www.bbyhaber.com\/bby\/wp-json\/wp\/v2\/tags?post=12158"}],"curies":[{"name":"wp","href":"https:\/\/api.w.org\/{rel}","templated":true}]}}