{"id":12140,"date":"2013-11-11T13:56:07","date_gmt":"2013-11-11T11:56:07","guid":{"rendered":"http:\/\/www.bbyhaber.com\/bby\/?p=12140"},"modified":"2014-01-01T21:29:15","modified_gmt":"2014-01-01T19:29:15","slug":"2013-2-kpss-unvanlara-gore-kadrolar-aciklandi","status":"publish","type":"post","link":"https:\/\/www.bbyhaber.com\/bby\/2013\/11\/11\/2013-2-kpss-unvanlara-gore-kadrolar-aciklandi","title":{"rendered":"2013-2 KPSS unvanlara g\u00f6re kadrolar a\u00e7\u0131kland\u0131"},"content":{"rendered":"<p><img loading=\"lazy\" decoding=\"async\" class=\"alignleft\" src=\"http:\/\/www.bbyhaber.com\/bby\/wp-content\/uploads\/dosyalar\/kpss\/resimler\/bbykpss.jpg\" alt=\"\" width=\"70\" height=\"70\" \/><\/p>\n<p style=\"text-align: justify;\">Bakanlar Kurulu Karar\u0131 ile y\u00fcr\u00fcrl\u00fc\u011fe konulan \u201cKamu G\u00f6revlerine \u0130lk Defa Atanacaklar \u0130\u00e7in Yap\u0131lacak S\u0131navlar Hakk\u0131nda Genel Y\u00f6netmelik\u201d h\u00fck\u00fcmleri \u00e7er\u00e7evesinde bu Y\u00f6netmelikte (B) Grubu olarak adland\u0131r\u0131lan kadro ve pozisyonlar\u0131n kamu kurum ve kurulu\u015flar\u0131nca Devlet Personel Ba\u015fkanl\u0131\u011f\u0131\u2019na bildirilmesini m\u00fcteakip, bu kadro ve pozisyonlar Nitelik Kod K\u0131lavuzu ve mer-i mevzuat a\u00e7\u0131s\u0131ndan incelenerek ilan edilmek \u00fczere \u00d6SYM Ba\u015fkanl\u0131\u011f\u0131na g\u00f6nderilmekte ve bu Ba\u015fkanl\u0131k\u00e7a da KPSS Tercih k\u0131lavuzlar\u0131yla kadro ve pozisyonlar ilan edilmektedir.<!--more--><\/p>\n<p style=\"text-align: justify;\"><span style=\"color: #0000ff;\"><strong>BBY B\u00f6l\u00fcm\u00fcn\u00fc ilgilendirecek kadro say\u0131lar\u0131 a\u015fa\u011f\u0131daki gibidir:<\/strong><\/span><\/p>\n<p style=\"text-align: justify;\"><strong>K\u00fct\u00fcphaneci:<\/strong> 30 (<span style=\"color: #008000;\">BBY&#8217;ye ait<\/span>)<\/p>\n<p style=\"text-align: justify;\"><strong>Bilgisayar \u0130\u015fletmeni<\/strong>: 195 (<span style=\"color: #ff0000;\">BBY&#8217;ye ayr\u0131lan kadro say\u0131s\u0131 \u015fu an i\u00e7in a\u00e7\u0131klanmad\u0131<\/span>)<\/p>\n<p style=\"text-align: justify;\"><strong>Enformasyon Memuru:<\/strong> 21 (<span style=\"color: #ff0000;\">BBY&#8217;ye ayr\u0131lan kadro say\u0131s\u0131 \u015fu an i\u00e7in a\u00e7\u0131klanmad\u0131<\/span>)<\/p>\n<p style=\"text-align: justify;\"><strong>Memur:<\/strong> 637 (<span style=\"color: #ff0000;\">BBY&#8217;ye ayr\u0131lan kadro say\u0131s\u0131 \u015fu an i\u00e7in a\u00e7\u0131klanmad\u0131<\/span>)<\/p>\n<p style=\"text-align: justify;\"><strong>VHK\u0130<\/strong>: 771 (<span style=\"color: #ff0000;\">BBY&#8217;ye ayr\u0131lan kadro say\u0131s\u0131 \u015fu an i\u00e7in a\u00e7\u0131klanmad\u0131<\/span>)<\/p>\n<p style=\"text-align: justify;\">Adaylar\u0131n K\u0131lavuzda yer alan kadro ve pozisyonlardan durumlar\u0131na uygun olanlar\u0131 tercih etmeleri suretiyle, ayn\u0131 kadro veya pozisyonu tercih eden adaylardan en y\u00fcksek puanl\u0131 olandan ba\u015flamak \u00fczere \u00d6SYM Ba\u015fkanl\u0131\u011f\u0131nca yerle\u015ftirme yap\u0131lmaktad\u0131r. Yerle\u015ftirme sonu\u00e7lar\u0131 \u00d6SYM Ba\u015fkanl\u0131\u011f\u0131nca adaylara ve bu Ba\u015fkanl\u0131\u011fa ait internet adresinde kamuoyuna duyurulmaktad\u0131r.<\/p>\n<p>KPSS Yerle\u015ftirme K\u0131lavuzunda yer alan kadro ve pozisyonlara \u00d6SYM Ba\u015fkanl\u0131\u011f\u0131nca yerle\u015ftirilen adaylar\u0131n, yerle\u015ftirildikleri kadro ve pozisyonun niteliklerini ta\u015f\u0131d\u0131klar\u0131n\u0131n ilgili kurumda olu\u015fturulan s\u0131nav de\u011ferlendirme komisyonunca tespit edilmesi \u00fczerine atamalar\u0131 yap\u0131lmaktad\u0131r.<\/p>\n<p>Bu \u00e7er\u00e7evede;<\/p>\n<p style=\"text-align: justify;\">Kamu kurum ve kurulu\u015flar\u0131nca merkezi yerle\u015ftirme yap\u0131lmak \u00fczere Devlet Personel Ba\u015fkanl\u0131\u011f\u0131na g\u00f6nderilen (Milli E\u011fitim Bakanl\u0131\u011f\u0131na ait \u00d6\u011fretmen kadrolar\u0131 ve kariyer meslek memurlar\u0131 d\u0131\u015f\u0131nda kalan) toplam (11.415) kadro ve pozisyona 18-27 Kas\u0131m 2013 tarihleri aras\u0131nda \u00d6SYM Ba\u015fkanl\u0131\u011f\u0131nca www.osym.gov.tr adresi \u00fczerinden tercih i\u015flemi yap\u0131lacakt\u0131r.<\/p>\n<p style=\"text-align: justify;\">Kaynak: http:\/\/www.dpb.gov.tr\/<\/p>\n<p style=\"text-align: justify;\">\n","protected":false},"excerpt":{"rendered":"<p>Bakanlar Kurulu Karar\u0131 ile y\u00fcr\u00fcrl\u00fc\u011fe konulan \u201cKamu G\u00f6revlerine \u0130lk Defa Atanacaklar \u0130\u00e7in Yap\u0131lacak S\u0131navlar Hakk\u0131nda Genel Y\u00f6netmelik\u201d h\u00fck\u00fcmleri \u00e7er\u00e7evesinde bu Y\u00f6netmelikte (B) Grubu olarak adland\u0131r\u0131lan kadro ve pozisyonlar\u0131n kamu kurum ve kurulu\u015flar\u0131nca Devlet Personel Ba\u015fkanl\u0131\u011f\u0131\u2019na bildirilmesini m\u00fcteakip, bu kadro ve pozisyonlar Nitelik Kod K\u0131lavuzu ve mer-i mevzuat a\u00e7\u0131s\u0131ndan incelenerek ilan edilmek \u00fczere \u00d6SYM Ba\u015fkanl\u0131\u011f\u0131na g\u00f6nderilmekte [&hellip;]<\/p>\n","protected":false},"author":1,"featured_media":0,"comment_status":"open","ping_status":"open","sticky":false,"template":"","format":"standard","meta":{"footnotes":""},"categories":[31],"tags":[507,506,505,508],"class_list":["post-12140","post","type-post","status-publish","format-standard","hentry","category-bbykpss","tag-2013-2-bby-kpss-kadrolari","tag-2013-2-bilgi-ve-belge-yonetimi-kadrolari","tag-2013-2-kpss-kadrolari","tag-2013-2-kutuphaneci-kadrolari"],"_links":{"self":[{"href":"https:\/\/www.bbyhaber.com\/bby\/wp-json\/wp\/v2\/posts\/12140"}],"collection":[{"href":"https:\/\/www.bbyhaber.com\/bby\/wp-json\/wp\/v2\/posts"}],"about":[{"href":"https:\/\/www.bbyhaber.com\/bby\/wp-json\/wp\/v2\/types\/post"}],"author":[{"embeddable":true,"href":"https:\/\/www.bbyhaber.com\/bby\/wp-json\/wp\/v2\/users\/1"}],"replies":[{"embeddable":true,"href":"https:\/\/www.bbyhaber.com\/bby\/wp-json\/wp\/v2\/comments?post=12140"}],"version-history":[{"count":0,"href":"https:\/\/www.bbyhaber.com\/bby\/wp-json\/wp\/v2\/posts\/12140\/revisions"}],"wp:attachment":[{"href":"https:\/\/www.bbyhaber.com\/bby\/wp-json\/wp\/v2\/media?parent=12140"}],"wp:term":[{"taxonomy":"category","embeddable":true,"href":"https:\/\/www.bbyhaber.com\/bby\/wp-json\/wp\/v2\/categories?post=12140"},{"taxonomy":"post_tag","embeddable":true,"href":"https:\/\/www.bbyhaber.com\/bby\/wp-json\/wp\/v2\/tags?post=12140"}],"curies":[{"name":"wp","href":"https:\/\/api.w.org\/{rel}","templated":true}]}}