{"id":1214,"date":"2010-10-26T16:38:27","date_gmt":"2010-10-26T16:38:27","guid":{"rendered":"http:\/\/www.bbyhaber.com\/bby\/?p=1214"},"modified":"2012-09-07T17:57:16","modified_gmt":"2012-09-07T14:57:16","slug":"okul-kutuphanecileri-dernegi-kuruluyor","status":"publish","type":"post","link":"https:\/\/www.bbyhaber.com\/bby\/2010\/10\/26\/okul-kutuphanecileri-dernegi-kuruluyor","title":{"rendered":"Okul K\u00fct\u00fcphanecileri Derne\u011fi Kuruluyor"},"content":{"rendered":"<p style=\"text-align: justify;\" align=\"justify\">\u00c7a\u011fda\u015f e\u011fitim kurumlar\u0131ndaki k\u00fct\u00fcphane, bilgi ve medya merkezinde verilen hizmetlerin, \u00e7al\u0131\u015fanlar\u0131n nitelik ve nicelik olarak geli\u015fmesini sa\u011flayarak toplumun demokratikle\u015fmesine ve \u00fclkenin sosyal, k\u00fclt\u00fcrel ve ekonomik kalk\u0131nmas\u0131na katk\u0131da bulunmak,<!--more--><\/p>\n<p style=\"text-align: justify;\" align=\"justify\">Okul k\u00fct\u00fcphanesi, bilgi ve medya merkezinde \u00e7al\u0131\u015fanlar\u0131n mesleki geli\u015fmelerini sa\u011flamak, konferans, seminer, panel, sempozyum, \u00e7al\u0131\u015ftay gibi e\u011fitime ve i\u015fbirli\u011fine y\u00f6nelik organizasyonlar d\u00fczenlemek,<\/p>\n<p style=\"text-align: justify;\" align=\"justify\">Mesleki alanlarda g\u00fcncel geli\u015fmelere y\u00f6nelik konularda ara\u015ft\u0131rma ve \u00e7al\u0131\u015fmalar\u0131 \u00f6zendirmek ve desteklemek, \u00e7eviri ve \u00f6zg\u00fcn yay\u0131nlar haz\u0131rlamak, yay\u0131nlamak, mesleki projeler geli\u015ftirmek ve y\u00fcr\u00fctmek, ulusal ve uluslararas\u0131 ger\u00e7ek ve t\u00fczel ki\u015filerle i\u015fbirli\u011fi yapmak,<\/p>\n<p style=\"text-align: justify;\" align=\"justify\">Mesleki dayan\u0131\u015fmay\u0131 ve i\u015fbirli\u011fini sa\u011flamak, mesleki sorunlar\u0131n \u00e7\u00f6z\u00fcm\u00fcne katk\u0131da bulunmak ve gerekli durumlarda dan\u0131\u015fmanl\u0131k ve hakemlik yapmak,<\/p>\n<p style=\"text-align: justify;\" align=\"justify\">Mesle\u011fin geli\u015fmesine y\u00f6nelik k\u00fclt\u00fcrel, sanatsal etkinlikler yapmak, yar\u0131\u015fmalar d\u00fczenlemek, \u00f6d\u00fcller ve arma\u011fanlar vermek,<\/p>\n<p style=\"text-align: justify;\" align=\"justify\">Okul K\u00fct\u00fcphanesi \u00e7al\u0131\u015fanlar\u0131n mesleki ve \u00f6zl\u00fck haklar\u0131n\u0131 koruyucu ve geli\u015ftirici \u00e7al\u0131\u015fma ve ara\u015ft\u0131rma yapmak veya yapt\u0131rmak, \u00e7al\u0131\u015fanlar\u0131n kar\u015f\u0131la\u015ft\u0131\u011f\u0131 sorunlarla ilgili konularda mesleki \u00f6rg\u00fctlerle i\u015fbirli\u011fi i\u00e7inde bulunmak. ger\u00e7ek ve t\u00fczel ki\u015filer nezdinde giri\u015fimlerde bulunmak.<\/p>\n<p style=\"text-align: justify;\" align=\"justify\">E\u011fitim kurumlar\u0131ndaki k\u00fct\u00fcphane, bilgi ve medya merkezi \u00e7al\u0131\u015fanlar\u0131n\u0131n Mesleki Ahlak \u0130lkeleri\u2019ne uymalar\u0131n\u0131 sa\u011flamak,<\/p>\n<p style=\"text-align: justify;\" align=\"justify\">\u015eeffaf, payla\u015f\u0131mc\u0131, kat\u0131l\u0131mc\u0131, dayan\u0131\u015fmaya, i\u015fbirli\u011fine ve ekip \u00e7al\u0131\u015fmas\u0131na \u00f6nem veren bireylerin d\u00fc\u015f\u00fcnceleriyle ve uygulamalar\u0131yla \u00f6zne oldu\u011fu bir meslek \u00f6rg\u00fct\u00fc kurmak,<\/p>\n<p style=\"text-align: justify;\" align=\"justify\">\u0130\u00e7in a\u015fa\u011f\u0131da biz ad\u0131 bulunanlar sizleri Okul K\u00fct\u00fcphanecileri Derne\u011fi Kurucular Kurulu\u2019na davet ediyoruz.<\/p>\n<p style=\"text-align: justify;\">Sayg\u0131lar\u0131m\u0131zla,<\/p>\n<p style=\"text-align: justify;\">Ahmet Altay-K\u0131rklareli \u00dcniv. P\u0131narhisar MYO Bilgi Y\u00f6netimi B\u00f6l.<\/p>\n<p style=\"text-align: justify;\">Ayd\u0131n \u0130leri-Tudem Yay\u0131nlar\u0131 \/TKD Genel Merkez Y\u00f6netim Kurulu \u00dcyesi<\/p>\n<p style=\"text-align: justify;\">Aysel Salduz Tun\u00e7-BJK \u2013Bah\u00e7e\u015fehir<\/p>\n<p style=\"text-align: justify;\">Ay\u015feg\u00fcl Aksa\u00e7l\u0131o\u011flu\/\u0130DV Bilkent\/Lise\/Ankara<\/p>\n<p style=\"text-align: justify;\">Burcu G\u00fcven\u00e7 \u2013Alman Lisesi<\/p>\n<p style=\"text-align: justify;\">Canan Bozdo\u011fan-Tevfik Fikret \u0130lk\u00f6\u011fretim\/Ankara<\/p>\n<p style=\"text-align: justify;\">\u00c7i\u011fdem Odaba\u015f\u0131-Tevfik Fikret\/\u0130zmir<\/p>\n<p style=\"text-align: justify;\">\u00c7i\u011fdem Yenal-\u0130stek Kemal Atat\u00fcrk<\/p>\n<p style=\"text-align: justify;\">Deren Kumbasar- Aka Koleji<\/p>\n<p style=\"text-align: justify;\">Dilek Yavuz Ertan\u0131\u015f-\u0130ELEV Ca\u011falo\u011flu<\/p>\n<p style=\"text-align: justify;\">Duygu G\u00fclhan-Beykent Koleji (Edirne)<\/p>\n<p style=\"text-align: justify;\">Elif Kuru- TED\/Mersin<\/p>\n<p style=\"text-align: justify;\">Elvan Ar\u0131kan- TED Ankara\/I. Kademe<\/p>\n<p style=\"text-align: justify;\">Erkan Nurcan-Irmak Okullar\u0131<\/p>\n<p style=\"text-align: justify;\">Esra Tuncel-\u0130stek Belde Okullar\u0131<\/p>\n<p style=\"text-align: justify;\">Evrim Metin-\u0130DV Bilkent\/\u0130lk\u00f6\u011fretim\/Ankara<\/p>\n<p style=\"text-align: justify;\">Ferhan Sel\u00e7uk-Atacan Koleji<\/p>\n<p style=\"text-align: justify;\">Filiz Y\u00fcksel \u0130leri-Marmara E\u011fitim K\u00f6y\u00fc<\/p>\n<p style=\"text-align: justify;\">Hasan S\u00fcrek \u2013MEF Okullar\u0131<\/p>\n<p style=\"text-align: justify;\">Hilal D\u00fcndar \u2013 Do\u011fu\u015f E\u011fitim Kurumlar\u0131<\/p>\n<p style=\"text-align: justify;\">I\u015f\u0131l \u0130knur Sert-\u0130.\u00dc. Edeb. Fak. BBYBL Ara\u015ft\u0131rma G\u00f6r.<\/p>\n<p style=\"text-align: justify;\">\u0130fakat Yorganc\u0131-Sezin Okullar\u0131<\/p>\n<p style=\"text-align: justify;\">Kadriye Ayaz-A\u00e7\u0131 Okullar\u0131<\/p>\n<p style=\"text-align: justify;\">Kamil \u00c7\u00f6mlek\u00e7i-TED Ankara\/Koordinat\u00f6r<\/p>\n<p style=\"text-align: justify;\">Melike Aksoy Tuna- ODT\u00dc GV Lise \/Ankara<\/p>\n<p style=\"text-align: justify;\">Mine Bilen &#8211; MEV Okullar\u0131\/Ankara<\/p>\n<p style=\"text-align: justify;\">Muammer \u00d6zkan- K\u00fclt\u00fcr 2000<\/p>\n<p style=\"text-align: justify;\">Nalan G\u00fcng\u00f6r-TED Ankara\/II. Kademe<\/p>\n<p style=\"text-align: justify;\">Nam\u0131k Kemal Demir-TED Ankara\/Lise<\/p>\n<p style=\"text-align: justify;\">Neslihan K\u0131l\u0131\u00e7-TED \u0130stabul\/Lise<\/p>\n<p style=\"text-align: justify;\">Nevzat \u00d6zkan- Marmara E\u011fitim K\u00f6y\u00fc<\/p>\n<p style=\"text-align: justify;\">Nezihat \u00d6lg\u00fcn- TED Ankara\/II. Kademe<\/p>\n<p style=\"text-align: justify;\">Nilay K\u00f6seo\u011flu-TED Ankara\/Lise<\/p>\n<p style=\"text-align: justify;\">Nil\u00fcfer Turan- \u0130stek Semiha \u015eakir<\/p>\n<p style=\"text-align: justify;\">Nurcan \u00c7apar Zenginer-Terakki Vakf\u0131 Okullar\u0131\/\u0130stanbul<\/p>\n<p style=\"text-align: justify;\">Nurhayat K\u0131nac- MEV Okullar\u0131\/Ankara<\/p>\n<p style=\"text-align: justify;\">Okan Ko\u00e7-Bah\u00e7e\u015fehir \/Alanya<\/p>\n<p style=\"text-align: justify;\">Osman Ko\u00e7-ENKA Lise\/Adapazar\u0131<\/p>\n<p style=\"text-align: justify;\">\u00d6zg\u00fcr \u00c7oban \u2013Irmak Okullar\u0131<\/p>\n<p style=\"text-align: justify;\">\u00d6zkan Arslan-MEF Okullar\u0131<\/p>\n<p style=\"text-align: justify;\">Semra \u00d6zder-Y\u00fczy\u0131l I\u015f\u0131l (A\u00e7\u0131 Okullar\u0131)<\/p>\n<p style=\"text-align: justify;\">\u015eebnem G\u00fcrsoy-\u0130stek Vakf\u0131 Koordinat\u00f6r<\/p>\n<p style=\"text-align: justify;\">\u015eule Y\u0131lmaz-\u0130stek Atanur O\u011fuz<\/p>\n<p style=\"text-align: justify;\">Tuba Ege-125. Y\u0131l \u0130ELEV<\/p>\n<p style=\"text-align: justify;\">OKD DANI\u015eMA KURULU \u00dcYELER\u0130<\/p>\n<p style=\"text-align: justify;\">Ali Fuat Kartal (T\u00fcrk K\u00fct\u00fcphaneciler Derne\u011fi Genel Ba\u015fkan\u0131)<\/p>\n<p style=\"text-align: justify;\">Asl\u0131 Tohumcu (Yazar-\u0130yi Kitap Edit\u00f6r\u00fc)<\/p>\n<p style=\"text-align: justify;\">Ayla \u00c7\u0131naro\u011flu (Yazar)<\/p>\n<p style=\"text-align: justify;\">Ayta\u00e7 Y\u0131ld\u0131zeli (\u00dcNAK Ba\u015fkan\u0131)<\/p>\n<p style=\"text-align: justify;\">Ayt\u00fcl Akal (Yazar)<\/p>\n<p style=\"text-align: justify;\">Dide Kara\u015fahin (TKD Ankara \u015eube Ba\u015fkan\u0131)<\/p>\n<p style=\"text-align: justify;\">Dr. Erol Y\u0131lmaz (TBMM K\u00fct\u00fcphane M\u00fcd. Yard\u0131mc\u0131s\u0131)<\/p>\n<p style=\"text-align: justify;\">Dr. Fatih Erdo\u011fan (Yazar)<\/p>\n<p style=\"text-align: justify;\">Fatih Kumsel (Kutup-L Moderat\u00f6r \u00c7ankaya \u00dcniversitesi K\u00fct\u00fcphane M\u00fcd\u00fcr\u00fc)<\/p>\n<p style=\"text-align: justify;\">Hasan Duman (KYGM Eski M\u00fcd\u00fcr\u00fc- Beyaz\u0131t Devlet K\u00fct\u00fcphanesi Eski M\u00fcd\u00fcr\u00fc)<\/p>\n<p style=\"text-align: justify;\">Mavisel Yener (Yazar)<\/p>\n<p style=\"text-align: justify;\">Mustafa Delio\u011flu (Ressam)<\/p>\n<p style=\"text-align: justify;\">Prof. Dr. B\u00fclent Y\u0131lmaz (H.\u00dc BBYBL \u00d6\u011fretim \u00dcyesi)<\/p>\n<p style=\"text-align: justify;\">Prof. Dr. Do\u011fan At\u0131lgan (Ankara \u00fcniversitesi)<\/p>\n<p style=\"text-align: justify;\">Prof. Dr. Hasan Kesero\u011flu (K. \u00dc Fen Edeb. Fak. Dekan\u0131)<\/p>\n<p style=\"text-align: justify;\">Prof. Dr. Mehmet Emin K\u00fc\u00e7\u00fck (Karaman \u00dcniv. Rekt\u00f6r Yard\u0131mc\u0131s\u0131)<\/p>\n<p style=\"text-align: justify;\">Prof. Dr. Sedat Sever (A.\u00dc. E\u011fitim Fak\u00fcltesi \u00d6\u011fretim \u00dcyesi)<\/p>\n<p style=\"text-align: justify;\">Prof. Dr. Serap Kurbano\u011flu (H.\u00dc BBYBL \u00d6\u011fretim \u00dcyesi)<\/p>\n<p style=\"text-align: justify;\">Semra At\u0131n\u00e7 (K\u00fct\u00fcphaneler ve Yay\u0131mlar Genel M\u00fcd\u00fcr Yard\u0131mc\u0131s\u0131)<\/p>\n<p style=\"text-align: justify;\">S\u00fcleyman Bulut (Yazar)<\/p>\n<p style=\"text-align: justify;\">Suzan Bal\u0131k\u00e7\u0131o\u011flu (T\u00fcrk\u00e7e \u00d6\u011fretmeni)<\/p>\n<p style=\"text-align: justify;\">Talat Aydilek ( \u0130zmir \u0130l Halk K\u00fct\u00fcphanesi M\u00fcd\u00fcr\u00fc)<\/p>\n<p style=\"text-align: justify;\">Do\u00e7. Dr. Tuba \u00c7avdar Karatepe (M.\u00dc. Fen Edeb. Fak. BBYBL \u00d6\u011fretim \u00dcyesi)<\/p>\n<p style=\"text-align: justify;\">Tuncel Acar (Milli K\u00fct\u00fcphane Ba\u015fkan\u0131)<\/p>\n<p style=\"text-align: justify;\">Kaynak: Kutup-L<\/p>\n","protected":false},"excerpt":{"rendered":"<p>\u00c7a\u011fda\u015f e\u011fitim kurumlar\u0131ndaki k\u00fct\u00fcphane, bilgi ve medya merkezinde verilen hizmetlerin, \u00e7al\u0131\u015fanlar\u0131n nitelik ve nicelik olarak geli\u015fmesini sa\u011flayarak toplumun demokratikle\u015fmesine ve \u00fclkenin sosyal, k\u00fclt\u00fcrel ve ekonomik kalk\u0131nmas\u0131na katk\u0131da bulunmak,<\/p>\n","protected":false},"author":1,"featured_media":0,"comment_status":"open","ping_status":"open","sticky":false,"template":"","format":"standard","meta":{"footnotes":""},"categories":[],"tags":[155,845],"class_list":["post-1214","post","type-post","status-publish","format-standard","hentry","tag-okul-kutuphanecileri-dernegi","tag-okul-kutuphaneleri"],"_links":{"self":[{"href":"https:\/\/www.bbyhaber.com\/bby\/wp-json\/wp\/v2\/posts\/1214"}],"collection":[{"href":"https:\/\/www.bbyhaber.com\/bby\/wp-json\/wp\/v2\/posts"}],"about":[{"href":"https:\/\/www.bbyhaber.com\/bby\/wp-json\/wp\/v2\/types\/post"}],"author":[{"embeddable":true,"href":"https:\/\/www.bbyhaber.com\/bby\/wp-json\/wp\/v2\/users\/1"}],"replies":[{"embeddable":true,"href":"https:\/\/www.bbyhaber.com\/bby\/wp-json\/wp\/v2\/comments?post=1214"}],"version-history":[{"count":0,"href":"https:\/\/www.bbyhaber.com\/bby\/wp-json\/wp\/v2\/posts\/1214\/revisions"}],"wp:attachment":[{"href":"https:\/\/www.bbyhaber.com\/bby\/wp-json\/wp\/v2\/media?parent=1214"}],"wp:term":[{"taxonomy":"category","embeddable":true,"href":"https:\/\/www.bbyhaber.com\/bby\/wp-json\/wp\/v2\/categories?post=1214"},{"taxonomy":"post_tag","embeddable":true,"href":"https:\/\/www.bbyhaber.com\/bby\/wp-json\/wp\/v2\/tags?post=1214"}],"curies":[{"name":"wp","href":"https:\/\/api.w.org\/{rel}","templated":true}]}}