{"id":12131,"date":"2013-11-11T09:36:32","date_gmt":"2013-11-11T07:36:32","guid":{"rendered":"http:\/\/www.bbyhaber.com\/bby\/?p=12131"},"modified":"2013-11-11T09:37:04","modified_gmt":"2013-11-11T07:37:04","slug":"tadilat-nedeniyle-kapaliyiz-duzce-il-halk-kutuphanesi","status":"publish","type":"post","link":"https:\/\/www.bbyhaber.com\/bby\/2013\/11\/11\/tadilat-nedeniyle-kapaliyiz-duzce-il-halk-kutuphanesi","title":{"rendered":"Tadilat nedeniyle kapal\u0131y\u0131z!!!-D\u00fczce \u0130l Halk K\u00fct\u00fcphanesi"},"content":{"rendered":"<p style=\"text-align: justify;\"><a href=\"http:\/\/www.duzceyerelhaber.com\/resim\/upload\/45838.jpg\"><img loading=\"lazy\" decoding=\"async\" class=\"alignleft\" src=\"http:\/\/www.duzceyerelhaber.com\/resim\/upload\/45838.jpg\" alt=\"\" width=\"250\" height=\"150\" \/><\/a>D\u00fczce \u0130l Halk K\u00fct\u00fcphanesi, K\u00fclt\u00fcr ve Turizm Bakanl\u0131\u011f\u0131\u2019n\u0131n \u00f6rnek k\u00fct\u00fcphaneler projesi aras\u0131nda yer ald\u0131. Ancak \u0130l Halk K\u00fct\u00fcphanesi\u2019nde yap\u0131lan tadilat\u0131n T\u00fcrkiye\u2019de ba\u015fka bir \u00f6rne\u011fi daha yoktur. K\u00fclt\u00fcr ve Turizm Bakanl\u0131\u011f\u0131 T\u00fcrkiye\u2019de 10 ilde k\u00fct\u00fcphaneleri yenileme ve daha \u00e7ok ilgi \u00e7ekmesi i\u00e7in yeni proje \u00e7al\u0131\u015fmas\u0131 ba\u015flatt\u0131. Bu kapsamda bakanl\u0131\u011f\u0131n \u201c \u00d6rnek K\u00fct\u00fcphaneler Projesi \u201c ad\u0131n\u0131 verdi\u011fi \u00e7al\u0131\u015fma kapsam\u0131nda D\u00fczce \u0130l Halk K\u00fct\u00fcphanesi\u2019nde de tadilat \u00e7al\u0131\u015fmalar\u0131 ba\u015flad\u0131.<!--more--><\/p>\n<p style=\"text-align: justify;\"><strong>Yap\u0131lal\u0131 10 sene olmad\u0131<\/strong><\/p>\n<p style=\"text-align: justify;\">D\u00fczce eski Valisi Halil Nimeto\u011flu\u2019nun iste\u011fi \u00fczerine D\u00fczce Valili\u011fi arkas\u0131nda yap\u0131lan k\u00fct\u00fcphane binas\u0131 yap\u0131lmas\u0131n\u0131n \u00fczerinden hen\u00fcz uzun s\u00fcre ge\u00e7memesine ra\u011fmen yenileniyor. Yeni binan\u0131n \u00f6zellikle g\u00f6rme engelliler ve \u00e7ocuklar i\u00e7in d\u00fczenlenmesi daha \u00f6nceden d\u00fc\u015f\u00fcn\u00fclmemi\u015f olmas\u0131 ise kafalarda soru i\u015faretleri b\u0131rak\u0131yor.<\/p>\n<p style=\"text-align: justify;\"><strong>Tadilat nedeni ile k\u00fct\u00fcphaneden yararlan\u0131lam\u0131yor<\/strong><\/p>\n<p style=\"text-align: justify;\">Tadilat nedeni ile son 10 g\u00fcnd\u00fcr \u0130l Halk K\u00fct\u00fcphanesi\u2019nde hizmet verilemiyor. Vatanda\u015flar ara\u015ft\u0131rma yapmak i\u00e7in arad\u0131klar\u0131 kitaplar\u0131 bulam\u0131yorlar. \u00d6zellikle doktora ve y\u00fcksek lisans yapan ki\u015filerin kaynak arad\u0131klar\u0131 k\u00fct\u00fcphanede yap\u0131lan zamans\u0131z ve anlams\u0131z tadilat, bu \u00e7evreyi ma\u011fdur ediyor.<\/p>\n<p style=\"text-align: justify;\"><strong>Gezici k\u00fct\u00fcphane \u00e7al\u0131\u015fm\u0131yor<\/strong><\/p>\n<p style=\"text-align: justify;\">D\u00fczce \u0130l Halk K\u00fct\u00fcphanesi b\u00fcnyesinde hizmet veren ve k\u00fct\u00fcphane bah\u00e7esine aylard\u0131r hareketsiz duran gezici halk k\u00fct\u00fcphanesi de \u00e7al\u0131\u015fm\u0131yor. Personel eksikli\u011fi nedeni ile \u00e7al\u0131\u015fmayan gezici k\u00fct\u00fcphane arac\u0131 adeta kaderine terk edilmi\u015f durumda. Normal \u015fartlarda k\u00fct\u00fcphaneye ula\u015famayan \u00f6\u011frenci ve vatanda\u015flara hizmet g\u00f6t\u00fcrmek i\u00e7in tasarlanan gezici k\u00fct\u00fcphane arac\u0131n\u0131n bir an \u00f6nce harekete ge\u00e7mesi bekleniyor.<\/p>\n<p style=\"text-align: justify;\">Kaynak:\u00a0http:\/\/www.duzceyerelhaber.com<\/p>\n","protected":false},"excerpt":{"rendered":"<p>D\u00fczce \u0130l Halk K\u00fct\u00fcphanesi, K\u00fclt\u00fcr ve Turizm Bakanl\u0131\u011f\u0131\u2019n\u0131n \u00f6rnek k\u00fct\u00fcphaneler projesi aras\u0131nda yer ald\u0131. Ancak \u0130l Halk K\u00fct\u00fcphanesi\u2019nde yap\u0131lan tadilat\u0131n T\u00fcrkiye\u2019de ba\u015fka bir \u00f6rne\u011fi daha yoktur. K\u00fclt\u00fcr ve Turizm Bakanl\u0131\u011f\u0131 T\u00fcrkiye\u2019de 10 ilde k\u00fct\u00fcphaneleri yenileme ve daha \u00e7ok ilgi \u00e7ekmesi i\u00e7in yeni proje \u00e7al\u0131\u015fmas\u0131 ba\u015flatt\u0131. Bu kapsamda bakanl\u0131\u011f\u0131n \u201c \u00d6rnek K\u00fct\u00fcphaneler Projesi \u201c ad\u0131n\u0131 verdi\u011fi [&hellip;]<\/p>\n","protected":false},"author":1,"featured_media":0,"comment_status":"open","ping_status":"open","sticky":false,"template":"","format":"standard","meta":{"footnotes":""},"categories":[1],"tags":[848],"class_list":["post-12131","post","type-post","status-publish","format-standard","hentry","category-genel","tag-halk-kutuphaneleri"],"_links":{"self":[{"href":"https:\/\/www.bbyhaber.com\/bby\/wp-json\/wp\/v2\/posts\/12131"}],"collection":[{"href":"https:\/\/www.bbyhaber.com\/bby\/wp-json\/wp\/v2\/posts"}],"about":[{"href":"https:\/\/www.bbyhaber.com\/bby\/wp-json\/wp\/v2\/types\/post"}],"author":[{"embeddable":true,"href":"https:\/\/www.bbyhaber.com\/bby\/wp-json\/wp\/v2\/users\/1"}],"replies":[{"embeddable":true,"href":"https:\/\/www.bbyhaber.com\/bby\/wp-json\/wp\/v2\/comments?post=12131"}],"version-history":[{"count":0,"href":"https:\/\/www.bbyhaber.com\/bby\/wp-json\/wp\/v2\/posts\/12131\/revisions"}],"wp:attachment":[{"href":"https:\/\/www.bbyhaber.com\/bby\/wp-json\/wp\/v2\/media?parent=12131"}],"wp:term":[{"taxonomy":"category","embeddable":true,"href":"https:\/\/www.bbyhaber.com\/bby\/wp-json\/wp\/v2\/categories?post=12131"},{"taxonomy":"post_tag","embeddable":true,"href":"https:\/\/www.bbyhaber.com\/bby\/wp-json\/wp\/v2\/tags?post=12131"}],"curies":[{"name":"wp","href":"https:\/\/api.w.org\/{rel}","templated":true}]}}