{"id":1212,"date":"2011-11-18T16:38:18","date_gmt":"2011-11-18T16:38:18","guid":{"rendered":"http:\/\/www.bbyhaber.com\/bby\/?p=1212"},"modified":"2012-12-18T22:53:46","modified_gmt":"2012-12-18T20:53:46","slug":"adiyamanda-oyuncak-kutuphanesi","status":"publish","type":"post","link":"https:\/\/www.bbyhaber.com\/bby\/2011\/11\/18\/adiyamanda-oyuncak-kutuphanesi","title":{"rendered":"Ad\u0131yaman&#8217;da oyuncak k\u00fct\u00fcphanesi"},"content":{"rendered":"<p style=\"text-align: justify;\" align=\"justify\">Ad\u0131yaman Vali Yard\u0131mc\u0131s\u0131 Ayd\u0131n B\u00f6r\u00fc, Milli E\u011fitim M\u00fcd\u00fcr\u00fc Hasan Alak\u00f6se ve okul idarecilerinin kat\u0131l\u0131m\u0131 ile oyuncak k\u00fct\u00fcphanesinin a\u00e7\u0131l\u0131\u015f\u0131 ger\u00e7ekle\u015ftirildi. Fevzi \u00c7akmak \u0130lk\u00f6\u011fretim Okulu&#8217;nda a\u00e7\u0131l\u0131\u015f\u0131 yap\u0131lan oyuncak k\u00fct\u00fcphanesinde mahallenin \u00e7ocuklar\u0131n\u0131n oynayabilece\u011fi \u00e7e\u015fitli oyuncaklar bulunuyor. Okul idaresi taraf\u0131ndan haz\u0131rlanan Oyuncak K\u00fct\u00fcphanesi Projesi ile okulun bulundu\u011fu Yenimahalle&#8217;de ya\u015fan ve geli\u015fimsel a\u00e7\u0131dan risk alt\u0131ndaki \u00e7ocuklar\u0131n geli\u015fimlerine ve e\u011fitimlerine destek olacak.<!--more--><\/p>\n<p style=\"text-align: justify;\" align=\"justify\">Vali Yard\u0131mc\u0131s\u0131 Ayd\u0131n B\u00f6r\u00fc ve Milli E\u011fitim M\u00fcd\u00fcr\u00fc Hasan Alak\u00f6se taraf\u0131ndan a\u00e7\u0131l\u0131\u015f kurdelesi kesilen Sunay Ak\u0131n Oyuncak K\u00fct\u00fcphanesi&#8217;nden Yenimahelle&#8217;de ya\u015fan 3-6 ya\u015f aras\u0131 \u00e7ocuklar faydalanacak.<\/p>\n<p style=\"text-align: justify;\" align=\"justify\">Vali Yard\u0131mc\u0131s\u0131 Ayd\u0131n B\u00f6r\u00fc, e\u011fitimde f\u0131rsat e\u015fitli\u011fini sa\u011flayacak ve dezavantajl\u0131 ko\u015fullarda ya\u015fayan \u00e7ocuklar\u0131n geli\u015fim ve e\u011fitimlerine erken destek sa\u011flayacak alternatif e\u011fitim ortamlar\u0131 haz\u0131rlayacak olan bu projenin \u00e7ok \u00f6nemli oldu\u011funa i\u015faret ederek, hay\u0131rl\u0131 olmas\u0131 dileklerinde bulundu.\u00a0<strong><\/strong><\/p>\n<p style=\"text-align: justify;\">Kaynak: http:\/\/www.internetadiyaman.com<\/p>\n","protected":false},"excerpt":{"rendered":"<p>Ad\u0131yaman Vali Yard\u0131mc\u0131s\u0131 Ayd\u0131n B\u00f6r\u00fc, Milli E\u011fitim M\u00fcd\u00fcr\u00fc Hasan Alak\u00f6se ve okul idarecilerinin kat\u0131l\u0131m\u0131 ile oyuncak k\u00fct\u00fcphanesinin a\u00e7\u0131l\u0131\u015f\u0131 ger\u00e7ekle\u015ftirildi. Fevzi \u00c7akmak \u0130lk\u00f6\u011fretim Okulu&#8217;nda a\u00e7\u0131l\u0131\u015f\u0131 yap\u0131lan oyuncak k\u00fct\u00fcphanesinde mahallenin \u00e7ocuklar\u0131n\u0131n oynayabilece\u011fi \u00e7e\u015fitli oyuncaklar bulunuyor. Okul idaresi taraf\u0131ndan haz\u0131rlanan Oyuncak K\u00fct\u00fcphanesi Projesi ile okulun bulundu\u011fu Yenimahalle&#8217;de ya\u015fan ve geli\u015fimsel a\u00e7\u0131dan risk alt\u0131ndaki \u00e7ocuklar\u0131n geli\u015fimlerine ve e\u011fitimlerine destek [&hellip;]<\/p>\n","protected":false},"author":1,"featured_media":0,"comment_status":"open","ping_status":"open","sticky":false,"template":"","format":"standard","meta":{"footnotes":""},"categories":[1594],"tags":[1439,1442],"class_list":["post-1212","post","type-post","status-publish","format-standard","hentry","category-oyuncak-kutuphanesi","tag-cocuk-kutuphaneleri","tag-oyuncak-kutuphaneleri"],"_links":{"self":[{"href":"https:\/\/www.bbyhaber.com\/bby\/wp-json\/wp\/v2\/posts\/1212"}],"collection":[{"href":"https:\/\/www.bbyhaber.com\/bby\/wp-json\/wp\/v2\/posts"}],"about":[{"href":"https:\/\/www.bbyhaber.com\/bby\/wp-json\/wp\/v2\/types\/post"}],"author":[{"embeddable":true,"href":"https:\/\/www.bbyhaber.com\/bby\/wp-json\/wp\/v2\/users\/1"}],"replies":[{"embeddable":true,"href":"https:\/\/www.bbyhaber.com\/bby\/wp-json\/wp\/v2\/comments?post=1212"}],"version-history":[{"count":0,"href":"https:\/\/www.bbyhaber.com\/bby\/wp-json\/wp\/v2\/posts\/1212\/revisions"}],"wp:attachment":[{"href":"https:\/\/www.bbyhaber.com\/bby\/wp-json\/wp\/v2\/media?parent=1212"}],"wp:term":[{"taxonomy":"category","embeddable":true,"href":"https:\/\/www.bbyhaber.com\/bby\/wp-json\/wp\/v2\/categories?post=1212"},{"taxonomy":"post_tag","embeddable":true,"href":"https:\/\/www.bbyhaber.com\/bby\/wp-json\/wp\/v2\/tags?post=1212"}],"curies":[{"name":"wp","href":"https:\/\/api.w.org\/{rel}","templated":true}]}}