{"id":12115,"date":"2013-11-10T16:39:20","date_gmt":"2013-11-10T14:39:20","guid":{"rendered":"http:\/\/www.bbyhaber.com\/bby\/?p=12115"},"modified":"2013-11-10T16:39:20","modified_gmt":"2013-11-10T14:39:20","slug":"tuyapa-dijital-kutuphane-damgasini-vurdu","status":"publish","type":"post","link":"https:\/\/www.bbyhaber.com\/bby\/2013\/11\/10\/tuyapa-dijital-kutuphane-damgasini-vurdu","title":{"rendered":"T\u00dcYAP&#8217;a Dijital K\u00fct\u00fcphane Damgas\u0131n\u0131 Vurdu"},"content":{"rendered":"<p style=\"text-align: justify;\"><a href=\"http:\/\/www.haberler.com\/haber-resimleri\/923\/tuyap-a-dijital-kutuphane-damgasi-vurdu-5283923_6055_o.jpg\"><img loading=\"lazy\" decoding=\"async\" class=\"alignleft\" src=\"http:\/\/www.haberler.com\/haber-resimleri\/923\/tuyap-a-dijital-kutuphane-damgasi-vurdu-5283923_6055_o.jpg\" alt=\"\" width=\"250\" height=\"150\" \/><\/a>Esenler Belediyesi Adnan B\u00fcy\u00fckdeniz Dijital K\u00fct\u00fcphanesi, T\u00fcrkiye&#8217;nin en b\u00fcy\u00fck kitap fuar\u0131 konumundaki Uluslararas\u0131 \u0130stanbul Kitap Fuar\u0131&#8217;nda (T\u00dcYAP) ziyaret\u00e7ilere tan\u0131t\u0131l\u0131yor. Dijital K\u00fct\u00fcphane, vatanda\u015flardan yo\u011fun ilgi g\u00f6r\u00fcyor. T\u00fcrkiye&#8217;nin ilk y\u00fczde 100 dijital k\u00fct\u00fcphanesi Esenler Belediyesi Adnan B\u00fcy\u00fckdeniz Dijital K\u00fct\u00fcphanesi, T\u00fcrkiye&#8217;nin en b\u00fcy\u00fck kitap fuar\u0131 konumundaki Uluslararas\u0131 \u0130stanbul Kitap Fuar\u0131&#8217;nda (T\u00dcYAP) ziyaret\u00e7ilere tan\u0131t\u0131l\u0131yor.<!--more--> Adnan B\u00fcy\u00fckdeniz Dijital K\u00fct\u00fcphanesi&#8217;nin altyap\u0131 sa\u011flay\u0131c\u0131s\u0131 &#8220;hiperkitap&#8221;\u0131n T\u00dcYAP&#8217;ta a\u00e7t\u0131\u011f\u0131 stanta vatanda\u015flar yo\u011fun ilgi g\u00f6steriyor. T\u00fcrkiye&#8217;deki 250 yay\u0131nevinden yakla\u015f\u0131k 13 bin e-kitab\u0131n bulundu\u011fu Dijital K\u00fct\u00fcphane&#8217;yi vatanda\u015flara anlatt\u0131klar\u0131n\u0131 belirten &#8220;hiperlink&#8221; Genel Koordinat\u00f6r\u00fc Harun Karaku\u015f, vatanda\u015flardan \u00e7ok olumlu tepkiler ald\u0131klar\u0131n\u0131 s\u00f6yledi. Dijital K\u00fct\u00fcphane&#8217;nin \u00f6zellikle k\u00fc\u00e7\u00fck ya\u015ftaki \u00f6\u011frencilerin ara\u015ft\u0131rmay\u0131 \u00f6\u011frenmelerine katk\u0131 sa\u011flad\u0131\u011f\u0131n\u0131 dile getiren Karaku\u015f, &#8220;Bilgi toplumunda bilgiye eri\u015fim en temel insan hakk\u0131d\u0131r. Dijital K\u00fct\u00fcphane ile \u00f6\u011frenciler, g\u00fcn\u00fcm\u00fcz\u00fcn y\u00fckselen de\u011feri veri madencili\u011fini ve par\u00e7adan b\u00fct\u00fcne nas\u0131l ula\u015facaklar\u0131n\u0131 \u00f6\u011freniyorlar&#8221; dedi.<\/p>\n<p style=\"text-align: justify;\">ESENLERL\u0130 \u00d6\u011eRENC\u0130LER T\u00dcYAP&#8217;TA<\/p>\n<p style=\"text-align: justify;\">Dijital K\u00fct\u00fcphane&#8217;nin T\u00dcYAP&#8217;ta a\u00e7\u0131lan stant\u0131n\u0131 Esenler \u0130brahim Turhan Anadolu Lisesi \u00f6\u011frencileri de ziyaret etti. Esenler Belediyesi K\u00fct\u00fcphaneler M\u00fcd\u00fcrl\u00fc\u011f\u00fc taraf\u0131ndan d\u00fczenlenen ziyaret kapsam\u0131nda k\u00fct\u00fcphanenin \u00f6n\u00fcnden kalkan servislerle fuar alan\u0131na gelen \u00f6\u011frenciler, on binlerce kitab\u0131n bulundu\u011fu stantlar\u0131 da gezme f\u0131rsat\u0131 yakalad\u0131. Be\u011fendikleri kitaplar\u0131 sat\u0131n alan \u00f6\u011frenciler, e\u011flenceli bir g\u00fcn\u00fcn ard\u0131ndan servislerle Esenler&#8217;e geri d\u00f6nd\u00fcler.<\/p>\n<p style=\"text-align: justify;\">Kaynak:\u00a0http:\/\/www.haberler.com<\/p>\n","protected":false},"excerpt":{"rendered":"<p>Esenler Belediyesi Adnan B\u00fcy\u00fckdeniz Dijital K\u00fct\u00fcphanesi, T\u00fcrkiye&#8217;nin en b\u00fcy\u00fck kitap fuar\u0131 konumundaki Uluslararas\u0131 \u0130stanbul Kitap Fuar\u0131&#8217;nda (T\u00dcYAP) ziyaret\u00e7ilere tan\u0131t\u0131l\u0131yor. Dijital K\u00fct\u00fcphane, vatanda\u015flardan yo\u011fun ilgi g\u00f6r\u00fcyor. T\u00fcrkiye&#8217;nin ilk y\u00fczde 100 dijital k\u00fct\u00fcphanesi Esenler Belediyesi Adnan B\u00fcy\u00fckdeniz Dijital K\u00fct\u00fcphanesi, T\u00fcrkiye&#8217;nin en b\u00fcy\u00fck kitap fuar\u0131 konumundaki Uluslararas\u0131 \u0130stanbul Kitap Fuar\u0131&#8217;nda (T\u00dcYAP) ziyaret\u00e7ilere tan\u0131t\u0131l\u0131yor.<\/p>\n","protected":false},"author":1,"featured_media":0,"comment_status":"open","ping_status":"open","sticky":false,"template":"","format":"standard","meta":{"footnotes":""},"categories":[1559,1560,1480,1481,1],"tags":[87],"class_list":["post-12115","post","type-post","status-publish","format-standard","hentry","category-dijital-kutuphane","category-dijital-yayincilik","category-e-book","category-e-kitap","category-genel","tag-digital-library"],"_links":{"self":[{"href":"https:\/\/www.bbyhaber.com\/bby\/wp-json\/wp\/v2\/posts\/12115"}],"collection":[{"href":"https:\/\/www.bbyhaber.com\/bby\/wp-json\/wp\/v2\/posts"}],"about":[{"href":"https:\/\/www.bbyhaber.com\/bby\/wp-json\/wp\/v2\/types\/post"}],"author":[{"embeddable":true,"href":"https:\/\/www.bbyhaber.com\/bby\/wp-json\/wp\/v2\/users\/1"}],"replies":[{"embeddable":true,"href":"https:\/\/www.bbyhaber.com\/bby\/wp-json\/wp\/v2\/comments?post=12115"}],"version-history":[{"count":0,"href":"https:\/\/www.bbyhaber.com\/bby\/wp-json\/wp\/v2\/posts\/12115\/revisions"}],"wp:attachment":[{"href":"https:\/\/www.bbyhaber.com\/bby\/wp-json\/wp\/v2\/media?parent=12115"}],"wp:term":[{"taxonomy":"category","embeddable":true,"href":"https:\/\/www.bbyhaber.com\/bby\/wp-json\/wp\/v2\/categories?post=12115"},{"taxonomy":"post_tag","embeddable":true,"href":"https:\/\/www.bbyhaber.com\/bby\/wp-json\/wp\/v2\/tags?post=12115"}],"curies":[{"name":"wp","href":"https:\/\/api.w.org\/{rel}","templated":true}]}}