{"id":12099,"date":"2013-11-08T18:54:48","date_gmt":"2013-11-08T16:54:48","guid":{"rendered":"http:\/\/www.bbyhaber.com\/bby\/?p=12099"},"modified":"2014-05-02T09:31:37","modified_gmt":"2014-05-02T06:31:37","slug":"kutuphan-e-turkiye-projesi-tanitim-toplantilari-13-14-kasim-2013","status":"publish","type":"post","link":"https:\/\/www.bbyhaber.com\/bby\/2013\/11\/08\/kutuphan-e-turkiye-projesi-tanitim-toplantilari-13-14-kasim-2013","title":{"rendered":"K\u00fct\u00fcphan-e T\u00fcrkiye Projesi Tan\u0131t\u0131m Toplant\u0131lar\u0131-13-14 Kas\u0131m 2013"},"content":{"rendered":"<p style=\"text-align: justify;\"><img loading=\"lazy\" decoding=\"async\" class=\"alignleft size-medium wp-image-12050\" title=\"librar-eTR\" src=\"http:\/\/www.bbyhaber.com\/bby\/wp-content\/uploads\/bby-dernek-logolar\/kutuphane-turkiye-logo.jpg\" alt=\"\" width=\"150\" height=\"150\" \/>Y\u00fcr\u00fct\u00fcc\u00fcl\u00fc\u011f\u00fcn\u00fc Prof. Dr. Mehmet Emin K\u00fc\u00e7\u00fck&#8217;\u00fcn yapt\u0131\u011f\u0131 ve Bill &amp; Melinda Gates Vakf\u0131 &#8211; K\u00fcresel K\u00fct\u00fcphaneler taraf\u0131ndan desteklenen &#8220;<a href=\"http:\/\/prezi.com\/-ks2ykn2tmyt\/v2-kutuphan-e-turkiye-projesi\/\" target=\"_blank\"><span style=\"color: #0000ff;\"><strong>K\u00fct\u00fcphan-e T\u00fcrkiye<\/strong><\/span><\/a>&#8221; adl\u0131 proje ile ilgili bir tan\u0131t\u0131m toplant\u0131s\u0131 yap\u0131lacakt\u0131r. Toplant\u0131da gelece\u011fin k\u00fct\u00fcphaneleri ile ilgili y\u00fcr\u00fct\u00fclen \u00e7al\u0131\u015fmalar ve proje hakk\u0131nda bilgi verilecektir. <!--more-->T\u00fcm B\u00f6l\u00fcm elemanlar\u0131 ve \u00f6\u011frencilerin davetli oldu\u011fu toplant\u0131 ile gelece\u011fin bilgi y\u00f6neticilerine projenin tan\u0131t\u0131lmas\u0131 hedeflenmektedir.<\/p>\n<p><strong><\/strong><span style=\"color: #ff0000;\">13 Kas\u0131m 2013 \u00c7ar\u015famba &#8211; 14:00 &#8211; 15:00<\/span><strong><span style=\"color: #ff0000;\">&#8211;<\/span><\/strong><span style=\"color: #ff0000;\">-&gt;<\/span><span style=\"color: #ff0000;\"><a href=\"https:\/\/www.facebook.com\/events\/381329871997974\/\" target=\"_blank\">Y\u0131ld\u0131r\u0131m Beyaz\u0131t \u00dcniversitesi Bilgi ve Belge Y\u00f6netimi B\u00f6l\u00fcm\u00fc<\/a> \u00d6\u011frencileri ile<strong><br \/>\n<\/strong><\/span><\/p>\n<p><span style=\"color: #ff0000;\">14 Kas\u0131m 2013 Per\u015fembe &#8211; 11:00 &#8211; 12:00&#8211;&gt;<a href=\"https:\/\/www.facebook.com\/events\/693208130690054\/?source=1\" target=\"_blank\">Ankara \u00dcniversitesi Bilgi ve Belge Y\u00f6netimi<\/a><\/span> <span style=\"color: #ff0000;\">\u00d6\u011frencileri ile<\/span><\/p>\n<ul>\n<li><a href=\"https:\/\/twitter.com\/Kutuphane_TR\" target=\"_blank\">Proje Twitter&#8211;&gt;<\/a> <a href=\"https:\/\/twitter.com\/Kutuphane_TR\" target=\"_blank\">@Kutuphane_TR<\/a><\/li>\n<\/ul>\n<ul>\n<li><a href=\"https:\/\/www.facebook.com\/pages\/K%C3%BCt%C3%BCphan-e-T%C3%BCrkiye\/542885429128982\" target=\"_blank\">Proje Facebook<\/a><\/li>\n<\/ul>\n<ul>\n<li>Web Sayfas\u0131: <a href=\"http:\/\/www.kutuphaneturkiye.org\/\" target=\"_blank\">www.kutuphaneturkiye.org<\/a> (yap\u0131m a\u015famas\u0131nda)<\/li>\n<\/ul>\n<p><a href=\"http:\/\/www.bbyhaber.com\/bby\/wp-content\/uploads\/slncklr\/librar-eTR-2.jpg\"><img loading=\"lazy\" decoding=\"async\" class=\"alignnone\" src=\"http:\/\/www.bbyhaber.com\/bby\/wp-content\/uploads\/slncklr\/librar-eTR-2.jpg\" alt=\"\" width=\"274\" height=\"272\" \/><\/a><\/p>\n","protected":false},"excerpt":{"rendered":"<p>Y\u00fcr\u00fct\u00fcc\u00fcl\u00fc\u011f\u00fcn\u00fc Prof. Dr. Mehmet Emin K\u00fc\u00e7\u00fck&#8217;\u00fcn yapt\u0131\u011f\u0131 ve Bill &amp; Melinda Gates Vakf\u0131 &#8211; K\u00fcresel K\u00fct\u00fcphaneler taraf\u0131ndan desteklenen &#8220;K\u00fct\u00fcphan-e T\u00fcrkiye&#8221; adl\u0131 proje ile ilgili bir tan\u0131t\u0131m toplant\u0131s\u0131 yap\u0131lacakt\u0131r. Toplant\u0131da gelece\u011fin k\u00fct\u00fcphaneleri ile ilgili y\u00fcr\u00fct\u00fclen \u00e7al\u0131\u015fmalar ve proje hakk\u0131nda bilgi verilecektir.<\/p>\n","protected":false},"author":1,"featured_media":0,"comment_status":"open","ping_status":"open","sticky":false,"template":"","format":"standard","meta":{"footnotes":""},"categories":[1586,1598],"tags":[1395],"class_list":["post-12099","post","type-post","status-publish","format-standard","hentry","category-kutuphan-e-turkiye","category-prof-dr-mehmet-emin-kucuk","tag-bby-mesleki-etkinlikler-arsivi"],"_links":{"self":[{"href":"https:\/\/www.bbyhaber.com\/bby\/wp-json\/wp\/v2\/posts\/12099"}],"collection":[{"href":"https:\/\/www.bbyhaber.com\/bby\/wp-json\/wp\/v2\/posts"}],"about":[{"href":"https:\/\/www.bbyhaber.com\/bby\/wp-json\/wp\/v2\/types\/post"}],"author":[{"embeddable":true,"href":"https:\/\/www.bbyhaber.com\/bby\/wp-json\/wp\/v2\/users\/1"}],"replies":[{"embeddable":true,"href":"https:\/\/www.bbyhaber.com\/bby\/wp-json\/wp\/v2\/comments?post=12099"}],"version-history":[{"count":0,"href":"https:\/\/www.bbyhaber.com\/bby\/wp-json\/wp\/v2\/posts\/12099\/revisions"}],"wp:attachment":[{"href":"https:\/\/www.bbyhaber.com\/bby\/wp-json\/wp\/v2\/media?parent=12099"}],"wp:term":[{"taxonomy":"category","embeddable":true,"href":"https:\/\/www.bbyhaber.com\/bby\/wp-json\/wp\/v2\/categories?post=12099"},{"taxonomy":"post_tag","embeddable":true,"href":"https:\/\/www.bbyhaber.com\/bby\/wp-json\/wp\/v2\/tags?post=12099"}],"curies":[{"name":"wp","href":"https:\/\/api.w.org\/{rel}","templated":true}]}}