{"id":1208,"date":"2010-11-02T16:36:23","date_gmt":"2010-11-02T16:36:23","guid":{"rendered":"http:\/\/www.bbyhaber.com\/bby\/?p=1208"},"modified":"2012-05-15T11:15:58","modified_gmt":"2012-05-15T11:15:58","slug":"mardinde-koy-kutuphanesi-icin-kitap-yardimi-kampanyasi-baslatildi","status":"publish","type":"post","link":"https:\/\/www.bbyhaber.com\/bby\/2010\/11\/02\/mardinde-koy-kutuphanesi-icin-kitap-yardimi-kampanyasi-baslatildi","title":{"rendered":"Mardin&#8217;de K\u00f6y K\u00fct\u00fcphanesi \u0130\u00e7in Kitap Yard\u0131m\u0131 Kampanyas\u0131 Ba\u015flat\u0131ld\u0131"},"content":{"rendered":"<p style=\"text-align: justify;\" align=\"justify\">K\u00f6y sakinlerinden E\u011fitimci-Yazar Mehmet Selman Hamidi, Ba\u015fkavak \u0130lk\u00f6\u011fretim Okulu b\u00fcnyesinde &#8216;Ayd\u0131nl\u0131k Gelecek \u0130\u00e7in K\u00f6y\u00fcm\u00fcze K\u00fct\u00fcphane&#8217; projesi ile yapt\u0131r\u0131lan k\u00fct\u00fcphanenin s\u0131n\u0131rl\u0131 say\u0131da kitap olmas\u0131 nedeniyle iyi hizmet veremedi\u011fini ifade ederek bu nedenle kitap yard\u0131m kampanyas\u0131 ba\u015flatt\u0131klar\u0131n\u0131 s\u00f6yledi. \u0130\u015f adamlar\u0131, yard\u0131msever dernekleri kurum ve kurulu\u015flardan kitap ba\u011f\u0131\u015f\u0131 yap\u0131lmas\u0131n\u0131 istediklerini kaydeden Hamidi,<!--more--> &#8220;Gerek \u00f6\u011frencilerimiz gerekse burada ya\u015fayan insanlar i\u00e7in b\u00fcy\u00fck bir avantaj olarak g\u00f6r\u00fclen k\u00fct\u00fcphanemizde kitap say\u0131s\u0131n\u0131n az olmas\u0131 burada ya\u015fayanlar\u0131 ma\u011fdur etmektedir. Mardinli hay\u0131rseverlerden, i\u015f adamlar\u0131ndan \u00e7e\u015fitli kurum, kurulu\u015f ve derneklerden kitap ba\u011f\u0131\u015f\u0131 kampanyam\u0131z ba\u015flam\u0131\u015ft\u0131r. E\u011fitici ve \u00f6\u011fretici her t\u00fcrl\u00fc kitaplar\u0131n\u0131z\u0131 yollayabilirsiniz. Yeni de olabilir, ikinci elde. \u00d6\u011frencilerimize yapaca\u011f\u0131n\u0131z kitap ba\u011f\u0131\u015f\u0131 i\u00e7in de desteklerinizi bekliyoruz&#8221; dedi.<\/p>\n<p style=\"text-align: justify;\" align=\"justify\">T\u00fcrkiye&#8217;de Karanl\u0131k Yer Kalmas\u0131n<br \/>\nT\u00fcrkiye&#8217;de karanl\u0131k yer kalmas\u0131n&#8217; slogan\u0131yla kampanya d\u00fczenlediklerini kaydeden Hamidi \u015f\u00f6yle devam etti: &#8220;\u00c7ocuklar bizim yar\u0131nlar\u0131m\u0131z gelece\u011fimizdir. Yap\u0131lacak tek bir kitap ba\u011f\u0131\u015f\u0131 bile belki de y\u00fczlerce \u00f6\u011frencinin ellerinden ge\u00e7ecek ve i\u00e7indeki masallar, hikayeler onlar\u0131n r\u00fcyalar\u0131na girecektir. Efsanelerimizi ya\u015fayacak, \u015fiirlerimiz ezberleyip, sanat d\u00fcnyas\u0131yla tan\u0131\u015facaklar. Belki de her gece okuduklar\u0131 f\u0131kralar\u0131 birbirlerine anlat\u0131p g\u00fclecekler. Belki de tarihimiz hakk\u0131nda ilerleyen y\u0131llarda kaz\u0131lar yap\u0131p bizi ayd\u0131nlatacak baz\u0131 ger\u00e7ekleri ortaya \u00e7\u0131karacaklar. Ve en \u00f6nemlisi belki de ilerleyen bilim, fen d\u00fcnyas\u0131yla yeni bulu\u015flar ger\u00e7ekle\u015ftirecekler. Onlar bizim \u00e7ocuklar\u0131m\u0131z, onlar okuyacaklar, ayd\u0131nl\u0131k bir T\u00fcrkiye, ayd\u0131nl\u0131k bir gelecek i\u00e7in, \u00fclkenin d\u00f6rt bir taraf\u0131na umut tohumlar\u0131 serpecekler.<\/p>\n<p style=\"text-align: justify;\" align=\"justify\">T\u00fcrkiye&#8217;nin e\u011fitim y\u00f6n\u00fcnden en zay\u0131f oldu b\u00f6lgelerden biri olan bu topraklarda yeni umutlar do\u011facak, filizler ye\u015ferecek, karanl\u0131klar ayd\u0131nlanacakt\u0131r. T\u00fcrkiye&#8217;de karanl\u0131k yer kalmas\u0131n adl\u0131 kampanyam\u0131za b\u00fct\u00fcn hay\u0131rseverler, i\u015fadamlar\u0131 kurum, kurulu\u015f, dernekler, sivil toplum \u00f6rg\u00fctleri ve halk\u0131m\u0131z\u0131 davet ediyoruz.&#8221;<strong style=\"text-align: justify;\"><\/strong><\/p>\n<p style=\"text-align: justify;\" align=\"justify\">Kaynak: <a href=\"http:\/\/www.dikkathaber.com\/\" target=\"_blank\">http:\/\/www.dikkathaber.com<\/a><\/p>\n","protected":false},"excerpt":{"rendered":"<p>K\u00f6y sakinlerinden E\u011fitimci-Yazar Mehmet Selman Hamidi, Ba\u015fkavak \u0130lk\u00f6\u011fretim Okulu b\u00fcnyesinde &#8216;Ayd\u0131nl\u0131k Gelecek \u0130\u00e7in K\u00f6y\u00fcm\u00fcze K\u00fct\u00fcphane&#8217; projesi ile yapt\u0131r\u0131lan k\u00fct\u00fcphanenin s\u0131n\u0131rl\u0131 say\u0131da kitap olmas\u0131 nedeniyle iyi hizmet veremedi\u011fini ifade ederek bu nedenle kitap yard\u0131m kampanyas\u0131 ba\u015flatt\u0131klar\u0131n\u0131 s\u00f6yledi. \u0130\u015f adamlar\u0131, yard\u0131msever dernekleri kurum ve kurulu\u015flardan kitap ba\u011f\u0131\u015f\u0131 yap\u0131lmas\u0131n\u0131 istediklerini kaydeden Hamidi,<\/p>\n","protected":false},"author":1,"featured_media":0,"comment_status":"open","ping_status":"open","sticky":false,"template":"","format":"standard","meta":{"footnotes":""},"categories":[1,1498],"tags":[],"class_list":["post-1208","post","type-post","status-publish","format-standard","hentry","category-genel","category-koy-kutuphaneleri"],"_links":{"self":[{"href":"https:\/\/www.bbyhaber.com\/bby\/wp-json\/wp\/v2\/posts\/1208"}],"collection":[{"href":"https:\/\/www.bbyhaber.com\/bby\/wp-json\/wp\/v2\/posts"}],"about":[{"href":"https:\/\/www.bbyhaber.com\/bby\/wp-json\/wp\/v2\/types\/post"}],"author":[{"embeddable":true,"href":"https:\/\/www.bbyhaber.com\/bby\/wp-json\/wp\/v2\/users\/1"}],"replies":[{"embeddable":true,"href":"https:\/\/www.bbyhaber.com\/bby\/wp-json\/wp\/v2\/comments?post=1208"}],"version-history":[{"count":0,"href":"https:\/\/www.bbyhaber.com\/bby\/wp-json\/wp\/v2\/posts\/1208\/revisions"}],"wp:attachment":[{"href":"https:\/\/www.bbyhaber.com\/bby\/wp-json\/wp\/v2\/media?parent=1208"}],"wp:term":[{"taxonomy":"category","embeddable":true,"href":"https:\/\/www.bbyhaber.com\/bby\/wp-json\/wp\/v2\/categories?post=1208"},{"taxonomy":"post_tag","embeddable":true,"href":"https:\/\/www.bbyhaber.com\/bby\/wp-json\/wp\/v2\/tags?post=1208"}],"curies":[{"name":"wp","href":"https:\/\/api.w.org\/{rel}","templated":true}]}}