{"id":12070,"date":"2013-11-05T14:10:06","date_gmt":"2013-11-05T12:10:06","guid":{"rendered":"http:\/\/www.bbyhaber.com\/bby\/?p=12070"},"modified":"2013-11-05T14:10:06","modified_gmt":"2013-11-05T12:10:06","slug":"kayseri-il-halk-kutuphanesi-yenilendi","status":"publish","type":"post","link":"https:\/\/www.bbyhaber.com\/bby\/2013\/11\/05\/kayseri-il-halk-kutuphanesi-yenilendi","title":{"rendered":"Kayseri \u0130l Halk K\u00fct\u00fcphanesi Yenilendi"},"content":{"rendered":"<p style=\"text-align: justify;\"><a href=\"http:\/\/www.kayserigundem.com\/images\/haberler\/artik_10_numara_kutuphanemiz_var_h3751.jpg\"><img loading=\"lazy\" decoding=\"async\" class=\"alignleft\" src=\"http:\/\/www.kayserigundem.com\/images\/haberler\/artik_10_numara_kutuphanemiz_var_h3751.jpg\" alt=\"\" width=\"250\" height=\"150\" \/><\/a>K\u00fct\u00fcphanecilik hizmet ve \u015fartlar\u0131na uygun olmayan Kayseri \u0130l Halk K\u00fct\u00fcphanesi, M\u00fcdire Asl\u0131han Uygun ve ekip arkada\u015flar\u0131n\u0131n \u00f6zverili \u00e7al\u0131\u015fmalar\u0131 ile bir dizi tadilattan ge\u00e7irilerek, Avrupa standartlar\u0131nda bir k\u00fct\u00fcphaneye d\u00f6n\u00fc\u015ft\u00fcr\u00fcld\u00fc. Kayseri \u0130l Halk K\u00fct\u00fcphanesi 2 y\u0131l s\u00fcren tadilatlar\u0131n ard\u0131ndan yeniden hizmete a\u00e7\u0131ld\u0131. Ba\u015ftan sona yenilenen k\u00fct\u00fcphane Avrupa standartlar\u0131nda bir g\u00f6r\u00fcn\u00fcme ve hizmet binas\u0131na d\u00f6n\u00fc\u015ft\u00fcr\u00fcld\u00fc.<!--more--><\/p>\n<p style=\"text-align: justify;\">K\u00fct\u00fcphane binas\u0131n\u0131n ilk \u00f6nce mevzuat gere\u011fi depreme dayan\u0131kl\u0131 hale getirme amac\u0131yla yenileme \u00e7al\u0131\u015fmalar\u0131 ba\u015flad\u0131\u011f\u0131n\u0131 belirten Kayseri \u0130l Halk K\u00fct\u00fcphanesi M\u00fcdiresi Asl\u0131han Uygun k\u00fct\u00fcphanede yap\u0131nan yenileme \u00e7al\u0131\u015fmalar\u0131na ili\u015fkin \u015funlar\u0131 kaydetti. Uygun, \u2018Yap\u0131lan \u00f6l\u00e7\u00fcm ve incelemelerde eski K\u00fct\u00fcphane binam\u0131z 5 \u015fiddetinde bir depreme dahi dayanamayacak durumda \u00e7\u0131kt\u0131. Yap\u0131lan \u00e7al\u0131\u015fmalarla bir depreme dayanakl\u0131l\u0131k projesi haz\u0131rland\u0131 ve ihaleye \u00e7\u0131k\u0131ld\u0131. Yap\u0131 olarak depreme g\u00fc\u00e7lendirildikten sonra, bina plan\u0131 olarak k\u00fct\u00fcphaneye uygun olmayan i\u00e7yap\u0131y\u0131 ta\u015f\u0131y\u0131c\u0131 kolonlar zarar g\u00f6rmeyecek \u015fekilde duvarlar y\u0131k\u0131larak kullan\u0131ma uygun hale getirildi. Daha \u00f6nce k\u00fct\u00fcphanecilere sorulmadan yap\u0131lan ve bir sa\u011fl\u0131k oca\u011f\u0131n\u0131 and\u0131ran yap\u0131y\u0131 ba\u015ftan sona yenileyerek hizmetlerimizi engellemeyecek bir dizayna kavu\u015fturduk\u2019 dedi.<\/p>\n<p style=\"text-align: justify;\">Yeni binada hi\u00e7bir ayr\u0131nt\u0131 atlanmad\u0131<\/p>\n<p style=\"text-align: justify;\">\u0130ki y\u0131l s\u00fcren tadilat \u00e7al\u0131\u015fmalar\u0131n\u0131n sonunda b\u00fct\u00fcn birimleri yenileyerek Avrupa standartlar\u0131nda bir k\u00fct\u00fcphaneyi Kayseri\u2019ye kazand\u0131rd\u0131klar\u0131n\u0131 ifade eden Uygun, \u2018Yapm\u0131\u015f oldu\u011fumuz revize \u00e7al\u0131\u015fmalar\u0131n\u0131 anlatacak olursak eki k\u00fct\u00fcphanelerde oldu\u011fu gibi bizim k\u00fct\u00fcphanemizde de olan depoya s\u0131k\u0131\u015ft\u0131r\u0131lm\u0131\u015f kitaplar\u0131 \u00e7\u0131kararak a\u00e7\u0131k raf sistemine ge\u00e7tik. \u00c7ok g\u00fczel bir konferans salonu ve sergi salonu yapt\u0131k. Engelli okuyucu, ziyaret\u00e7iler i\u00e7in bina genelinde \u00e7al\u0131\u015fan bir engelli asans\u00f6r\u00fc ve g\u00f6rme engelli okuyucular\u0131m\u0131z i\u00e7in g\u00f6rme engelli bili\u015fim odas\u0131 dizayn ettik. Yeni bir kent ar\u015fivi olu\u015fturduk 1930 y\u0131l\u0131n\u0131n gazetelerinden ve Kayseri hakk\u0131nda yaz\u0131lm\u0131\u015f kitaplardan olu\u015fan. Salonlar\u0131m\u0131za \u00f6zel isimler verdik bu sayede otomasyonda okuyucuyu y\u00f6nlendirerek zamandan tasarruf edece\u011fiz. En \u00fcst kat\u0131m\u0131za sessiz okuma salonu yapt\u0131k. S\u0131nava haz\u0131rlanan gen\u00e7lerimiz bu yeni salonumuzda ders \u00e7al\u0131\u015fabilecekler. Ak\u015fam 19.00\u2019ye kadar a\u00e7\u0131k olan k\u00fct\u00fcphanemizde isteyen herkes gelip ara\u015ft\u0131rmas\u0131n\u0131 yapabilecek kitap okuyabilecek. Bunlar\u0131n yan\u0131nda bir internet salonu olu\u015fturduk. K\u00fct\u00fcphaneyi ziyaret eden herkes binam\u0131z\u0131n istedi\u011fi yerinden internet a\u011f\u0131m\u0131z\u0131 kullanabilecek. Giri\u015f kat\u0131m\u0131zda bir \u00e7ocuk okuma salonu olu\u015fturduk ve oras\u0131 buna uygun \u015fekilde tasarland\u0131\u2019 diye konu\u015ftu.<\/p>\n<p style=\"text-align: justify;\">Epey bir zorluk \u00e7ektik ama\u2026<\/p>\n<p style=\"text-align: justify;\">Binay\u0131 bu hale getirene kadar ekip ve \u00e7al\u0131\u015fanlar olarak epey bir zorluk \u00e7ektiklerini s\u00f6yleyen Uygun \u2018Gelen okuyucular\u0131n y\u00fczlerindeki o \u015fa\u015fk\u0131nl\u0131\u011f\u0131 mutlulu\u011fu ve memnuniyeti g\u00f6rmek \u00e7ekti\u011fimiz zorluluklar\u0131n m\u00fck\u00e2fat\u0131 oldu bizlere. Gelen her ziyaret\u00e7inin duas\u0131n\u0131 almak hayli mutlu ediyor bizleri. Bu binay\u0131 bu haline getirirken bizlerden deste\u011fini esirgemeyen bakanl\u0131\u011f\u0131m\u0131za ve Genel m\u00fcd\u00fcrl\u00fc\u011f\u00fcm\u00fcze can\u0131 g\u00f6n\u00fclden te\u015fekk\u00fcr ediyoruz\u2019 dedi.<\/p>\n<p style=\"text-align: justify;\">\u201860 bin kitapl\u0131 spesifik bir kitap koleksiyonumuz var\u2019<\/p>\n<p style=\"text-align: justify;\">Depolara s\u0131k\u0131\u015ft\u0131r\u0131lm\u0131\u015f kitaplar\u0131 \u00e7\u0131kararak okuyuculara kazand\u0131rd\u0131klar\u0131n\u0131 belirten Kayseri \u0130l Halk K\u00fct\u00fcphanesi M\u00fcd\u00fcr Yard\u0131mc\u0131s\u0131 Fikret \u00d6z\u00fcberk, \u2018\u015euanda 60 bin kitapl\u0131k \u00e7ok spesifik bir kitap koleksiyonumuz var. Ama baz\u0131 ziyaret\u00e7iler geliyor \u2018 Sanki bu kadar okuyan var m\u0131?<br \/>\nNeden bu kadar zahmete girdiniz\u2019 gibi bir tak\u0131m yorumlarda bulunuyorlar. Herkesin bildi\u011finin aksine T\u00fcrkiye\u2019de ve Kayseri\u2019de okuma oran\u0131 hayli y\u00fcksek. Kimse kitap\u00e7\u0131lar\u0131n sat\u0131\u015f oranlar\u0131na bakarak b\u00f6yle bir yarg\u0131ya varmas\u0131n\u2019 ifadelerinde bulundu.<\/p>\n<p style=\"text-align: justify;\">\u015euanda hizmete a\u00e7\u0131k olan k\u00fct\u00fcphaneye Kayserili vatanda\u015flar istedikleri zaman ziyaret edebilirler. \u0130lerleyen g\u00fcnlerde ise resmi bir a\u00e7\u0131l\u0131\u015f t\u00f6reni d\u00fczenlenecek.<\/p>\n<p style=\"text-align: justify;\">Kaynak:\u00a0http:\/\/www.kayserigundem.com<\/p>\n","protected":false},"excerpt":{"rendered":"<p>K\u00fct\u00fcphanecilik hizmet ve \u015fartlar\u0131na uygun olmayan Kayseri \u0130l Halk K\u00fct\u00fcphanesi, M\u00fcdire Asl\u0131han Uygun ve ekip arkada\u015flar\u0131n\u0131n \u00f6zverili \u00e7al\u0131\u015fmalar\u0131 ile bir dizi tadilattan ge\u00e7irilerek, Avrupa standartlar\u0131nda bir k\u00fct\u00fcphaneye d\u00f6n\u00fc\u015ft\u00fcr\u00fcld\u00fc. Kayseri \u0130l Halk K\u00fct\u00fcphanesi 2 y\u0131l s\u00fcren tadilatlar\u0131n ard\u0131ndan yeniden hizmete a\u00e7\u0131ld\u0131. Ba\u015ftan sona yenilenen k\u00fct\u00fcphane Avrupa standartlar\u0131nda bir g\u00f6r\u00fcn\u00fcme ve hizmet binas\u0131na d\u00f6n\u00fc\u015ft\u00fcr\u00fcld\u00fc.<\/p>\n","protected":false},"author":1,"featured_media":0,"comment_status":"open","ping_status":"open","sticky":false,"template":"","format":"standard","meta":{"footnotes":""},"categories":[1],"tags":[848],"class_list":["post-12070","post","type-post","status-publish","format-standard","hentry","category-genel","tag-halk-kutuphaneleri"],"_links":{"self":[{"href":"https:\/\/www.bbyhaber.com\/bby\/wp-json\/wp\/v2\/posts\/12070"}],"collection":[{"href":"https:\/\/www.bbyhaber.com\/bby\/wp-json\/wp\/v2\/posts"}],"about":[{"href":"https:\/\/www.bbyhaber.com\/bby\/wp-json\/wp\/v2\/types\/post"}],"author":[{"embeddable":true,"href":"https:\/\/www.bbyhaber.com\/bby\/wp-json\/wp\/v2\/users\/1"}],"replies":[{"embeddable":true,"href":"https:\/\/www.bbyhaber.com\/bby\/wp-json\/wp\/v2\/comments?post=12070"}],"version-history":[{"count":0,"href":"https:\/\/www.bbyhaber.com\/bby\/wp-json\/wp\/v2\/posts\/12070\/revisions"}],"wp:attachment":[{"href":"https:\/\/www.bbyhaber.com\/bby\/wp-json\/wp\/v2\/media?parent=12070"}],"wp:term":[{"taxonomy":"category","embeddable":true,"href":"https:\/\/www.bbyhaber.com\/bby\/wp-json\/wp\/v2\/categories?post=12070"},{"taxonomy":"post_tag","embeddable":true,"href":"https:\/\/www.bbyhaber.com\/bby\/wp-json\/wp\/v2\/tags?post=12070"}],"curies":[{"name":"wp","href":"https:\/\/api.w.org\/{rel}","templated":true}]}}