{"id":12061,"date":"2013-11-04T22:50:13","date_gmt":"2013-11-04T20:50:13","guid":{"rendered":"http:\/\/www.bbyhaber.com\/bby\/?p=12061"},"modified":"2013-11-14T17:21:38","modified_gmt":"2013-11-14T15:21:38","slug":"8-arsivcilik-gunu-ve-hazine-i-evrakin-kurulus-kutlamalari-13-kasim-2013","status":"publish","type":"post","link":"https:\/\/www.bbyhaber.com\/bby\/2013\/11\/04\/8-arsivcilik-gunu-ve-hazine-i-evrakin-kurulus-kutlamalari-13-kasim-2013","title":{"rendered":"8. Ar\u015fivcilik G\u00fcn\u00fc ve Hazine-i Evrak&#8217;\u0131n Kurulu\u015f Kutlamalar\u0131-13 Kas\u0131m 2013"},"content":{"rendered":"<p style=\"text-align: justify;\"><img loading=\"lazy\" decoding=\"async\" class=\"alignleft\" src=\"http:\/\/www.bbyhaber.com\/bby\/wp-content\/uploads\/sempozyum-logolar\/arsivcilerdernedgi-thumb.png\" alt=\"\" width=\"128\" height=\"113\" \/>8. Ar\u015fivcilik G\u00fcn\u00fc ve Hazine-i Evrak&#8217;\u0131n Kurulu\u015funun 167. Y\u0131ld\u00f6n\u00fcm\u00fc kutlamalar\u0131 ile ilgili T\u00fcrk Ar\u015fivciler Derne\u011finin davetiyesi ektedir; t\u00fcm meslekta\u015flar\u0131m\u0131z davetlidir.<!--more--><\/p>\n<p>\u00a0<strong>Tarih:<\/strong> <span style=\"color: #ff0000;\"><strong>13 Kas\u0131m 2013 \u00c7ar\u015famba (13:00-17:00)<\/strong><\/span><\/p>\n<p><strong>Yer: <span style=\"color: #0000ff;\">Ka\u011f\u0131thane Belediyesi K\u00fclt\u00fcr Merkezi, Ka\u011f\u0131thane\/\u0130STANBU<\/span><span style=\"color: #0000ff;\">L<\/span><\/strong><\/p>\n<p>Haberi \u0130leten: Nizamettin O\u011eUZ<\/p>\n","protected":false},"excerpt":{"rendered":"<p>8. Ar\u015fivcilik G\u00fcn\u00fc ve Hazine-i Evrak&#8217;\u0131n Kurulu\u015funun 167. Y\u0131ld\u00f6n\u00fcm\u00fc kutlamalar\u0131 ile ilgili T\u00fcrk Ar\u015fivciler Derne\u011finin davetiyesi ektedir; t\u00fcm meslekta\u015flar\u0131m\u0131z davetlidir.<\/p>\n","protected":false},"author":1,"featured_media":0,"comment_status":"open","ping_status":"open","sticky":false,"template":"","format":"standard","meta":{"footnotes":""},"categories":[],"tags":[1096,1395],"class_list":["post-12061","post","type-post","status-publish","format-standard","hentry","tag-arsivcilik","tag-bby-mesleki-etkinlikler-arsivi"],"_links":{"self":[{"href":"https:\/\/www.bbyhaber.com\/bby\/wp-json\/wp\/v2\/posts\/12061"}],"collection":[{"href":"https:\/\/www.bbyhaber.com\/bby\/wp-json\/wp\/v2\/posts"}],"about":[{"href":"https:\/\/www.bbyhaber.com\/bby\/wp-json\/wp\/v2\/types\/post"}],"author":[{"embeddable":true,"href":"https:\/\/www.bbyhaber.com\/bby\/wp-json\/wp\/v2\/users\/1"}],"replies":[{"embeddable":true,"href":"https:\/\/www.bbyhaber.com\/bby\/wp-json\/wp\/v2\/comments?post=12061"}],"version-history":[{"count":0,"href":"https:\/\/www.bbyhaber.com\/bby\/wp-json\/wp\/v2\/posts\/12061\/revisions"}],"wp:attachment":[{"href":"https:\/\/www.bbyhaber.com\/bby\/wp-json\/wp\/v2\/media?parent=12061"}],"wp:term":[{"taxonomy":"category","embeddable":true,"href":"https:\/\/www.bbyhaber.com\/bby\/wp-json\/wp\/v2\/categories?post=12061"},{"taxonomy":"post_tag","embeddable":true,"href":"https:\/\/www.bbyhaber.com\/bby\/wp-json\/wp\/v2\/tags?post=12061"}],"curies":[{"name":"wp","href":"https:\/\/api.w.org\/{rel}","templated":true}]}}