{"id":1206,"date":"2010-11-03T16:35:36","date_gmt":"2010-11-03T16:35:36","guid":{"rendered":"http:\/\/www.bbyhaber.com\/bby\/?p=1206"},"modified":"2012-10-01T09:34:25","modified_gmt":"2012-10-01T06:34:25","slug":"kutuphaneciler-bakanlar-kurulundan-ths4-kararini-bekliyor","status":"publish","type":"post","link":"https:\/\/www.bbyhaber.com\/bby\/2010\/11\/03\/kutuphaneciler-bakanlar-kurulundan-ths4-kararini-bekliyor","title":{"rendered":"K\u00fct\u00fcphaneciler Bakanlar Kurulu&#8217;ndan THS\/A4 karar\u0131n\u0131 bekliyor"},"content":{"rendered":"<p style=\"text-align: justify;\">T\u00fcrk K\u00fct\u00fcphaneciler Derne\u011fi Rize \u015eubesi Y\u00f6netim Kurulu Ba\u015fkanl\u0131\u011f\u0131 K\u00fct\u00fcphanecilik B\u00f6l\u00fcm\u00fc mezunlar\u0131n\u0131n Teknik Hizmetler S\u0131n\u0131f\u0131na dahil edilmesi \u00e7al\u0131\u015fmalar\u0131 konusunda bas\u0131n a\u00e7\u0131klamas\u0131 yapt\u0131. Dernek Y\u00f6netim Kurulu Ba\u015fkan\u0131 Ali R\u0131za K\u00d6RO\u011eLU taraf\u0131ndan yap\u0131lan a\u00e7\u0131klamada, \u201c\u00dcniversitelerin K\u00fct\u00fcphanecilik (Bilgi-Belge Y\u00f6netimi) Lisans mezunlar\u0131n\u0131n, Bilgi Kaynaklar\u0131, Bilgisayar Teknikleri ve Teknolojileri, \u0130statistik, Y\u00f6netim ve Organizasyon, Bilgisayar Teknolojileri, Veri Tabanlar\u0131, Elektronik Ortamda Kataloglama, Y\u00f6netim ve Bili\u015fim Sistemleri, Bilgi Pazarlamas\u0131 ve K\u00fct\u00fcphanecilikte Teknik Hizmetler gibi bir\u00e7ok dersin e\u011fitimini almaktad\u0131rlar.<!--more--><\/p>\n<p style=\"text-align: justify;\">B\u00f6l\u00fcm Mezunlar\u0131 657 Say\u0131l\u0131 Devlet Memurlar\u0131 Kanunu Genel \u0130dari Hizmetler S\u0131n\u0131f\u0131 (G\u0130H) kadrolar\u0131na atanmakta, Lise mezunu memurla ayn\u0131 \u00f6zl\u00fck \u015fartlar\u0131 alt\u0131nda \u00e7al\u0131\u015fmaktad\u0131rlar. Bu durumda, K\u00fct\u00fcphanecilerin Halk K\u00fct\u00fcphaneleri ve benzer kurumlardan ayr\u0131lmas\u0131na ve ba\u015fka kurumlara ge\u00e7mesine neden olmaktad\u0131r.\u201d K\u00fct\u00fcphanecilerin \u00f6zl\u00fck haklar\u0131n\u0131n d\u00fczeltilmesi ve Teknik Hizmetler S\u0131n\u0131f\u0131 (THS) grubuna dahil edilmesi \u00e7al\u0131\u015fmalar\u0131n\u0131n y\u0131llard\u0131r g\u00fcndeme geldi\u011fini, ancak bir t\u00fcrl\u00fc sonu\u00e7land\u0131r\u0131lamad\u0131\u011f\u0131n\u0131 belirten K\u00d6RO\u011eLU, h\u00fck\u00fcmetin yapt\u0131\u011f\u0131 \u00e7al\u0131\u015fmadan ve gelinen a\u015famadan umutlu olduklar\u0131n\u0131 s\u00f6yledi. K\u00fct\u00fcphanecilerin \u00f6zl\u00fck haklar\u0131 nedeni ile, 1150 Halk K\u00fct\u00fcphanesinde sadece 350 K\u00fct\u00fcphanecinin g\u00f6rev yapt\u0131\u011f\u0131n\u0131 belirten TKD Rize \u015eube Ba\u015fkan\u0131 K\u00d6RO\u011eLU, K\u00fct\u00fcphanecilik B\u00f6l\u00fcm\u00fc mezunlar\u0131n\u0131n Teknik Hizmetler S\u0131n\u0131f\u0131na dahil edilmesi konusunda, T\u00fcrk K\u00fct\u00fcphaneciler Derne\u011fi Genel Ba\u015fkanl\u0131\u011f\u0131 ve K\u00fclt\u00fcr ve Turizm Bakanl\u0131\u011f\u0131nca y\u00fcr\u00fct\u00fclen \u00e7al\u0131\u015fmalar neticesinde, Ba\u015fbakanl\u0131k Devlet Personel Ba\u015fkanl\u0131\u011f\u0131, Y\u00fcksek \u00d6\u011fretim Kurulu ve Maliye Bakanl\u0131\u011f\u0131n\u0131n olumlu g\u00f6r\u00fc\u015f bildirdikleri ve son a\u015fama olarak Bakanlar Kurulunda karar al\u0131nmas\u0131 gerekti\u011fini s\u00f6yledi.<\/p>\n<p style=\"text-align: justify;\">Maliye Bakanl\u0131\u011f\u0131n\u0131n g\u00f6r\u00fc\u015f yaz\u0131s\u0131nda \u00f6zetle, \u201cGenel \u0130dare Hizmetleri S\u0131n\u0131f\u0131nda yer alan Folklor Ara\u015ft\u0131rmac\u0131s\u0131, K\u00fct\u00fcphaneci, Ar\u015fivci, Kitap Patologu ve Sosyolog unvanlar\u0131n\u0131n Teknik Hizmetler S\u0131n\u0131f\u0131 kapsam\u0131na dahil edilmesi y\u00f6n\u00fcnde Bakanlar Kurulu Karar\u0131 istihsali yoluna gidilmesi Bakanl\u0131\u011f\u0131m\u0131zca uygun m\u00fctalaa olunmaktad\u0131r.\u201d denildi\u011fini hat\u0131rlatan K\u00d6RO\u011eLU, K\u00fct\u00fcphanecilerin Teknik Hizmetler S\u0131n\u0131f\u0131na (THS A\/4) al\u0131nmas\u0131 ile, \u00f6zl\u00fck haklar\u0131 d\u00fczeltilmi\u015f olacakt\u0131r. H\u00fck\u00fcmetimizin e\u015fit i\u015fe e\u015fit \u00fccret y\u00f6n\u00fcnde yapt\u0131\u011f\u0131 \u00e7al\u0131\u015fmalar ile meslekta\u015flar\u0131m\u0131z\u0131n y\u0131llard\u0131r tart\u0131\u015f\u0131lan ancak bir t\u00fcrl\u00fc \u00e7\u00f6z\u00fclemeyen \u00f6zl\u00fck haklar\u0131n\u0131n d\u00fczeltilmesi konusunda g\u00f6sterdi\u011fi duyarl\u0131l\u0131ktan dolay\u0131 kendilerine te\u015fekk\u00fcr ediyoruz. T\u00fcm K\u00fct\u00fcphaneciler, Bilgi-Belge Y\u00f6netimi Mezunu meslekta\u015flar\u0131m\u0131z Bayram \u00f6ncesi Bakanlar Kurulu Karar\u0131n\u0131 beklemektedirler, dedi.<strong><\/strong><\/p>\n<p style=\"text-align: justify;\">Kaynak: <a href=\"http:\/\/www.ajans53.com\/\" target=\"_blank\">http:\/\/www.ajans53.com<\/a><\/p>\n","protected":false},"excerpt":{"rendered":"<p>T\u00fcrk K\u00fct\u00fcphaneciler Derne\u011fi Rize \u015eubesi Y\u00f6netim Kurulu Ba\u015fkanl\u0131\u011f\u0131 K\u00fct\u00fcphanecilik B\u00f6l\u00fcm\u00fc mezunlar\u0131n\u0131n Teknik Hizmetler S\u0131n\u0131f\u0131na dahil edilmesi \u00e7al\u0131\u015fmalar\u0131 konusunda bas\u0131n a\u00e7\u0131klamas\u0131 yapt\u0131. Dernek Y\u00f6netim Kurulu Ba\u015fkan\u0131 Ali R\u0131za K\u00d6RO\u011eLU taraf\u0131ndan yap\u0131lan a\u00e7\u0131klamada, \u201c\u00dcniversitelerin K\u00fct\u00fcphanecilik (Bilgi-Belge Y\u00f6netimi) Lisans mezunlar\u0131n\u0131n, Bilgi Kaynaklar\u0131, Bilgisayar Teknikleri ve Teknolojileri, \u0130statistik, Y\u00f6netim ve Organizasyon, Bilgisayar Teknolojileri, Veri Tabanlar\u0131, Elektronik Ortamda Kataloglama, Y\u00f6netim [&hellip;]<\/p>\n","protected":false},"author":1,"featured_media":0,"comment_status":"open","ping_status":"open","sticky":false,"template":"","format":"standard","meta":{"footnotes":""},"categories":[1505],"tags":[1398,51,50,1426],"class_list":["post-1206","post","type-post","status-publish","format-standard","hentry","category-teknik-kadro","tag-bby-ozluk-haklari","tag-teknik-kadro-kutuphaneci","tag-ths-kutuphaneci","tag-tkd-rize"],"_links":{"self":[{"href":"https:\/\/www.bbyhaber.com\/bby\/wp-json\/wp\/v2\/posts\/1206"}],"collection":[{"href":"https:\/\/www.bbyhaber.com\/bby\/wp-json\/wp\/v2\/posts"}],"about":[{"href":"https:\/\/www.bbyhaber.com\/bby\/wp-json\/wp\/v2\/types\/post"}],"author":[{"embeddable":true,"href":"https:\/\/www.bbyhaber.com\/bby\/wp-json\/wp\/v2\/users\/1"}],"replies":[{"embeddable":true,"href":"https:\/\/www.bbyhaber.com\/bby\/wp-json\/wp\/v2\/comments?post=1206"}],"version-history":[{"count":0,"href":"https:\/\/www.bbyhaber.com\/bby\/wp-json\/wp\/v2\/posts\/1206\/revisions"}],"wp:attachment":[{"href":"https:\/\/www.bbyhaber.com\/bby\/wp-json\/wp\/v2\/media?parent=1206"}],"wp:term":[{"taxonomy":"category","embeddable":true,"href":"https:\/\/www.bbyhaber.com\/bby\/wp-json\/wp\/v2\/categories?post=1206"},{"taxonomy":"post_tag","embeddable":true,"href":"https:\/\/www.bbyhaber.com\/bby\/wp-json\/wp\/v2\/tags?post=1206"}],"curies":[{"name":"wp","href":"https:\/\/api.w.org\/{rel}","templated":true}]}}