{"id":12054,"date":"2013-11-03T20:52:27","date_gmt":"2013-11-03T18:52:27","guid":{"rendered":"http:\/\/www.bbyhaber.com\/bby\/?p=12054"},"modified":"2014-05-02T09:31:43","modified_gmt":"2014-05-02T06:31:43","slug":"kutuphan-e-turkiye-projesi-tanitim-toplantisi-7-kasim-2013-persembe","status":"publish","type":"post","link":"https:\/\/www.bbyhaber.com\/bby\/2013\/11\/03\/kutuphan-e-turkiye-projesi-tanitim-toplantisi-7-kasim-2013-persembe","title":{"rendered":"K\u00fct\u00fcphan-e T\u00fcrkiye Projesi Tan\u0131t\u0131m Toplant\u0131s\u0131-7 Kas\u0131m 2013 Per\u015fembe"},"content":{"rendered":"<p style=\"text-align: justify;\"><a href=\"http:\/\/www.bbyhaber.com\/bby\/wp-content\/uploads\/bby-dernek-logolar\/kutuphane-turkiye-logo.jpg\"><img loading=\"lazy\" decoding=\"async\" class=\"alignleft size-medium wp-image-12050\" title=\"librar-eTR\" src=\"http:\/\/www.bbyhaber.com\/bby\/wp-content\/uploads\/bby-dernek-logolar\/kutuphane-turkiye-logo.jpg\" alt=\"\" width=\"150\" height=\"130\" \/><\/a>Y\u00fcr\u00fct\u00fcc\u00fcl\u00fc\u011f\u00fcn\u00fc Prof. Dr. Mehmet Emin K\u00fc\u00e7\u00fck&#8217;\u00fcn yapt\u0131\u011f\u0131 ve Bill &amp; Melinda Gates Vakf\u0131 &#8211; K\u00fcresel K\u00fct\u00fcphaneler taraf\u0131ndan desteklenen &#8220;<a href=\"http:\/\/prezi.com\/-ks2ykn2tmyt\/v2-kutuphan-e-turkiye-projesi\/\" target=\"_blank\"><span style=\"color: #0000ff;\"><strong>K\u00fct\u00fcphan-e T\u00fcrkiye<\/strong><\/span><\/a>&#8221; adl\u0131 proje ile ilgili bir tan\u0131t\u0131m toplant\u0131s\u0131 yap\u0131lacakt\u0131r. Toplant\u0131da gelece\u011fin k\u00fct\u00fcphaneleri ile ilgili y\u00fcr\u00fct\u00fclen \u00e7al\u0131\u015fmalar ve proje hakk\u0131nda bilgi verilecektir. <!--more-->T\u00fcm B\u00f6l\u00fcm elemanlar\u0131 ve \u00f6\u011frencilerin davetli oldu\u011fu toplant\u0131 ile gelece\u011fin bilgi y\u00f6neticilerine projenin tan\u0131t\u0131lmas\u0131 hedeflenmektedir.<\/p>\n<p><strong>Toplant\u0131 tarihi ve saati<\/strong><br \/>\n<strong><span style=\"color: #ff0000;\">7 Kas\u0131m 2013 Per\u015fembe &#8211; 12.00<\/span><\/strong><br \/>\n<strong>Yer<\/strong><br \/>\n<span style=\"color: #ff0000;\"><strong>Hacettepe \u00dcniversitesi Emel Do\u011framac\u0131 Salonu<\/strong><\/span><\/p>\n<p style=\"text-align: justify;\">Kaynak: http:\/\/www.bby.hacettepe.edu.tr<\/p>\n<p style=\"text-align: justify;\"><a href=\"https:\/\/twitter.com\/Kutuphane_TR\" target=\"_blank\">Proje Twitter&#8211;&gt;<\/a> <a href=\"https:\/\/twitter.com\/Kutuphane_TR\" target=\"_blank\">@Kutuphane_TR<\/a><\/p>\n<p style=\"text-align: justify;\"><a href=\"https:\/\/www.facebook.com\/pages\/K%C3%BCt%C3%BCphan-e-T%C3%BCrkiye\/542885429128982\" target=\"_blank\">Proje Facebook<\/a><\/p>\n<p style=\"text-align: justify;\">Web Sayfas\u0131: <a href=\"http:\/\/www.kutuphaneturkiye.org\/\" target=\"_blank\">www.kutuphaneturkiye.org<\/a> (yap\u0131m a\u015famas\u0131nda)<\/p>\n","protected":false},"excerpt":{"rendered":"<p>Y\u00fcr\u00fct\u00fcc\u00fcl\u00fc\u011f\u00fcn\u00fc Prof. Dr. Mehmet Emin K\u00fc\u00e7\u00fck&#8217;\u00fcn yapt\u0131\u011f\u0131 ve Bill &amp; Melinda Gates Vakf\u0131 &#8211; K\u00fcresel K\u00fct\u00fcphaneler taraf\u0131ndan desteklenen &#8220;K\u00fct\u00fcphan-e T\u00fcrkiye&#8221; adl\u0131 proje ile ilgili bir tan\u0131t\u0131m toplant\u0131s\u0131 yap\u0131lacakt\u0131r. Toplant\u0131da gelece\u011fin k\u00fct\u00fcphaneleri ile ilgili y\u00fcr\u00fct\u00fclen \u00e7al\u0131\u015fmalar ve proje hakk\u0131nda bilgi verilecektir.<\/p>\n","protected":false},"author":1,"featured_media":0,"comment_status":"open","ping_status":"open","sticky":false,"template":"","format":"standard","meta":{"footnotes":""},"categories":[1586,1598],"tags":[1395],"class_list":["post-12054","post","type-post","status-publish","format-standard","hentry","category-kutuphan-e-turkiye","category-prof-dr-mehmet-emin-kucuk","tag-bby-mesleki-etkinlikler-arsivi"],"_links":{"self":[{"href":"https:\/\/www.bbyhaber.com\/bby\/wp-json\/wp\/v2\/posts\/12054"}],"collection":[{"href":"https:\/\/www.bbyhaber.com\/bby\/wp-json\/wp\/v2\/posts"}],"about":[{"href":"https:\/\/www.bbyhaber.com\/bby\/wp-json\/wp\/v2\/types\/post"}],"author":[{"embeddable":true,"href":"https:\/\/www.bbyhaber.com\/bby\/wp-json\/wp\/v2\/users\/1"}],"replies":[{"embeddable":true,"href":"https:\/\/www.bbyhaber.com\/bby\/wp-json\/wp\/v2\/comments?post=12054"}],"version-history":[{"count":0,"href":"https:\/\/www.bbyhaber.com\/bby\/wp-json\/wp\/v2\/posts\/12054\/revisions"}],"wp:attachment":[{"href":"https:\/\/www.bbyhaber.com\/bby\/wp-json\/wp\/v2\/media?parent=12054"}],"wp:term":[{"taxonomy":"category","embeddable":true,"href":"https:\/\/www.bbyhaber.com\/bby\/wp-json\/wp\/v2\/categories?post=12054"},{"taxonomy":"post_tag","embeddable":true,"href":"https:\/\/www.bbyhaber.com\/bby\/wp-json\/wp\/v2\/tags?post=12054"}],"curies":[{"name":"wp","href":"https:\/\/api.w.org\/{rel}","templated":true}]}}