{"id":12033,"date":"2013-10-31T14:27:06","date_gmt":"2013-10-31T12:27:06","guid":{"rendered":"http:\/\/www.bbyhaber.com\/bby\/?p=12033"},"modified":"2013-10-31T14:27:06","modified_gmt":"2013-10-31T12:27:06","slug":"antalya%e2%80%99da-kitaplar-dolasiyor","status":"publish","type":"post","link":"https:\/\/www.bbyhaber.com\/bby\/2013\/10\/31\/antalya%e2%80%99da-kitaplar-dolasiyor","title":{"rendered":"Antalya\u2019da Kitaplar Dola\u015f\u0131yor"},"content":{"rendered":"<div style=\"text-align: justify;\"><a href=\"http:\/\/www.antalya.bel.tr\/UploadedItems\/kit_8.jpg\"><img loading=\"lazy\" decoding=\"async\" class=\"alignleft\" src=\"http:\/\/www.antalya.bel.tr\/UploadedItems\/kit_8.jpg\" alt=\"\" width=\"208\" height=\"136\" \/><\/a>Antalya B\u00fcy\u00fck\u015fehir Belediyesi, vatanda\u015flara kitap okuma al\u0131\u015fkanl\u0131\u011f\u0131 kazand\u0131rmak i\u00e7in klimal\u0131 duraklara kitap raflar\u0131 yerle\u015ftirdi. Ba\u015fkan Mustafa Akayd\u0131n, \u201cS\u00fcrekli okuyan Antalya halk\u0131 yaratmak istiyoruz\u201d dedi. B\u00fcy\u00fck\u015fehir Belediyesi, Bah\u00e7e Kafe, Geli\u015fim Sanat ve ANSAN, \u00f6nemli bir k\u00fclt\u00fcr projesine imza att\u0131. \u2018Antalya\u2019da Kitaplar Dola\u015f\u0131yor\u2019 adl\u0131 proje ile B\u00fcy\u00fck\u015fehir Belediyesi\u2019nin klimal\u0131 duraklar\u0131na kitap raflar\u0131 yerle\u015ftirilerek, vatanda\u015flara okuma al\u0131\u015fkanl\u0131\u011f\u0131 kazand\u0131r\u0131lacak. Antalya B\u00fcy\u00fck\u015fehir Belediye Ba\u015fkan\u0131 Prof. Dr. Mustafa Akayd\u0131n, Cumhuriyet Meydan\u0131\u2019ndaki klimal\u0131 durakta proje hakk\u0131nda gazetecilere bilgi verdi.<!--more--><\/div>\n<div style=\"text-align: justify;\"><strong>K\u00dcLT\u00dcR HAREKET\u0130 BA\u015eLADI<\/strong><\/div>\n<div style=\"text-align: justify;\">Ba\u015fkan Mustafa Akayd\u0131n, projenin belediyenin sivil toplum \u00f6rg\u00fctleri ve sanatseverlerle ortakla\u015fa k\u00fclt\u00fcr giri\u015fimi oldu\u011funu belirterek, \u201cMasrafs\u0131z bir proje yaratt\u0131k. Hedef olarak Antalya halk\u0131n\u0131 k\u00fclt\u00fcrel olarak geli\u015ftirmek istedik. Halk duraklarda \u00f6nemli zaman kaybeder. \u00a0Duraklarda vatanda\u015f kitap okusun, hatta o kitab\u0131 als\u0131n evine g\u00f6t\u00fcrs\u00fcn. Okuduktan sonra da tekrar kitab\u0131 duraklara b\u0131raks\u0131n. Vatanda\u015flar bu raflara kendi kitaplar\u0131n\u0131 da getirebilir. Bir k\u00fclt\u00fcr hareketi ba\u015flatal\u0131m istedik. T\u00fcrkiye\u2019nin en \u00e7ok okuma yazma oran\u0131 y\u00fcksek illerinin ba\u015f\u0131nda Antalya geliyor. Tahmin ediyorum ki\u015fi ba\u015f\u0131na en \u00e7ok kitap okuyan iller aras\u0131nda ilk be\u015f aras\u0131ndad\u0131r. Eme\u011fi ge\u00e7en herkese te\u015fekk\u00fcr ediyorum\u201d dedi.<\/div>\n<div style=\"text-align: justify;\"><strong>GER\u0130 ADIM YOK<\/strong><\/div>\n<div style=\"text-align: justify;\">Ba\u015fkan Mustafa Akayd\u0131n, projeyi olabildi\u011fince yayg\u0131nla\u015ft\u0131racaklar\u0131n\u0131 kaydetti. Akayd\u0131n, \u015f\u00f6yle konu\u015ftu: \u201cAntalya\u2019da son y\u0131llarda k\u00fclt\u00fcr sanat anlam\u0131nda b\u00fcy\u00fck bir geli\u015fme g\u00f6sterdi. A\u00e7t\u0131\u011f\u0131m\u0131z m\u00fczeler, k\u00fct\u00fcphaneler, k\u00fclt\u00fcr mekanlar\u0131, heykeller paneller s\u00f6yle\u015filer, tiyatro ve konser gibi say\u0131s\u0131z etkinlik beni \u00e7ok gururland\u0131r\u0131yor. Baz\u0131 muhalif rakiplerim beni ele\u015ftirse de bu konuda geri atmayaca\u011f\u0131m. Bu etkinliklerimizin b\u00fcy\u00fck \u00e7o\u011funlu\u011funu ucuz katk\u0131larla yap\u0131yoruz.\u201d<\/div>\n<div>Ba\u015fkan Mustafa Akayd\u0131n ve projenin di\u011fer ortaklar\u0131, rafa kitaplara yerle\u015ftirerek projeyi ba\u015flatt\u0131.<\/p>\n<\/div>\n<div>Kaynak:http:\/\/www.antalya.bel.tr<\/div>\n","protected":false},"excerpt":{"rendered":"<p>Antalya B\u00fcy\u00fck\u015fehir Belediyesi, vatanda\u015flara kitap okuma al\u0131\u015fkanl\u0131\u011f\u0131 kazand\u0131rmak i\u00e7in klimal\u0131 duraklara kitap raflar\u0131 yerle\u015ftirdi. Ba\u015fkan Mustafa Akayd\u0131n, \u201cS\u00fcrekli okuyan Antalya halk\u0131 yaratmak istiyoruz\u201d dedi. B\u00fcy\u00fck\u015fehir Belediyesi, Bah\u00e7e Kafe, Geli\u015fim Sanat ve ANSAN, \u00f6nemli bir k\u00fclt\u00fcr projesine imza att\u0131. \u2018Antalya\u2019da Kitaplar Dola\u015f\u0131yor\u2019 adl\u0131 proje ile B\u00fcy\u00fck\u015fehir Belediyesi\u2019nin klimal\u0131 duraklar\u0131na kitap raflar\u0131 yerle\u015ftirilerek, vatanda\u015flara okuma al\u0131\u015fkanl\u0131\u011f\u0131 kazand\u0131r\u0131lacak. [&hellip;]<\/p>\n","protected":false},"author":1,"featured_media":0,"comment_status":"open","ping_status":"open","sticky":false,"template":"","format":"standard","meta":{"footnotes":""},"categories":[1,1504],"tags":[],"class_list":["post-12033","post","type-post","status-publish","format-standard","hentry","category-genel","category-sokak-kutuphaneleri"],"_links":{"self":[{"href":"https:\/\/www.bbyhaber.com\/bby\/wp-json\/wp\/v2\/posts\/12033"}],"collection":[{"href":"https:\/\/www.bbyhaber.com\/bby\/wp-json\/wp\/v2\/posts"}],"about":[{"href":"https:\/\/www.bbyhaber.com\/bby\/wp-json\/wp\/v2\/types\/post"}],"author":[{"embeddable":true,"href":"https:\/\/www.bbyhaber.com\/bby\/wp-json\/wp\/v2\/users\/1"}],"replies":[{"embeddable":true,"href":"https:\/\/www.bbyhaber.com\/bby\/wp-json\/wp\/v2\/comments?post=12033"}],"version-history":[{"count":0,"href":"https:\/\/www.bbyhaber.com\/bby\/wp-json\/wp\/v2\/posts\/12033\/revisions"}],"wp:attachment":[{"href":"https:\/\/www.bbyhaber.com\/bby\/wp-json\/wp\/v2\/media?parent=12033"}],"wp:term":[{"taxonomy":"category","embeddable":true,"href":"https:\/\/www.bbyhaber.com\/bby\/wp-json\/wp\/v2\/categories?post=12033"},{"taxonomy":"post_tag","embeddable":true,"href":"https:\/\/www.bbyhaber.com\/bby\/wp-json\/wp\/v2\/tags?post=12033"}],"curies":[{"name":"wp","href":"https:\/\/api.w.org\/{rel}","templated":true}]}}