{"id":1202,"date":"2010-11-08T16:33:25","date_gmt":"2010-11-08T16:33:25","guid":{"rendered":"http:\/\/www.bbyhaber.com\/bby\/?p=1202"},"modified":"2012-09-07T13:09:07","modified_gmt":"2012-09-07T10:09:07","slug":"kutuphane-mudurlerine-hizmet-ici-egitim","status":"publish","type":"post","link":"https:\/\/www.bbyhaber.com\/bby\/2010\/11\/08\/kutuphane-mudurlerine-hizmet-ici-egitim","title":{"rendered":"K\u00fct\u00fcphane M\u00fcd\u00fcrlerine Hizmet \u0130\u00e7i E\u011fitim"},"content":{"rendered":"<p style=\"text-align: justify;\" align=\"justify\">Samsun merkez ve il\u00e7elerinde bulunan halk k\u00fct\u00fcphanesi m\u00fcd\u00fcrleri Samsun Gazi Halk K\u00fct\u00fcphanesi&#8217;nde hizmet i\u00e7i e\u011fiteme tabi tutuldu. K\u00fct\u00fcphaneler ve Yay\u0131mlar Genel M\u00fcd\u00fcrl\u00fc\u011f\u00fc taraf\u0131ndan Milas K\u00fct\u00fcphane Otomasyon Sistemi&#8217;ne yeni aktar\u0131lan il\u00e7e halk k\u00fct\u00fcphanelerinin zaman ge\u00e7irmeden program\u0131 kullanmalar\u0131, ayr\u0131ca ta\u015f\u0131n\u0131r mal y\u00f6netmeli\u011fi, \u00f6deneklerin kullan\u0131m\u0131 ve resmi yaz\u0131\u015fma kurallar\u0131 hakk\u0131nda hizmet i\u00e7i e\u011fitim d\u00fczenlendi.<!--more--><\/p>\n<p style=\"text-align: justify;\" align=\"justify\">E\u011fitime; Samsun Gazi Halk K\u00fct\u00fcphanesi M\u00fcd\u00fcr\u00fc T\u00fcrkan Koca ba\u015fkanl\u0131k yaparken, Gazi Halk K\u00fct\u00fcphanesi&#8217;nden Mustafa Kuk, \u015eerife Topal, Ay\u015fe \u00c7\u0131nar, Ahmet Kolbak\u0131r, Nail \u0130nan ile Vezirk\u00f6pr\u00fc \u0130l\u00e7e Halk K\u00fct\u00fcphanesi&#8217;nden Necdet \u0130\u011fci, Asarc\u0131k \u0130l\u00e7e Halk K\u00fct\u00fcphanesi&#8217;nden Kemal Demirta\u015f, Atakum \u0130l\u00e7e Halk K\u00fct\u00fcphanesi&#8217;nden Musa K\u00f6pr\u00fc, Haza \u0130l\u00e7e Halk K\u00fct\u00fcphanesi&#8217;nden Ahmet Do\u011fan, Kavak \u0130l\u00e7e Halk K\u00fct\u00fcphanesi&#8217;nden Nihat K\u0131vrak, Sal\u0131pazar\u0131 \u0130l\u00e7e Halk K\u00fct\u00fcphanesi&#8217;nden \u0130lyas Aks\u0131rt, Ladik \u0130l\u00e7e Halk K\u00fct\u00fcphanesi&#8217;nden Veysel K\u0131rb\u0131y\u0131k, Tekkek\u00f6y \u0130l\u00e7e Halk K\u00fct\u00fcphanesi&#8217;nden Gamze Kanca kat\u0131ld\u0131. K\u00fct\u00fcphane kullan\u0131c\u0131lar\u0131na daha iyi hizmet vermek i\u00e7in b\u00f6yle bir hizmet i\u00e7i e\u011fitim program\u0131 d\u00fczenlediklerini belirten Gazi \u0130l Halk K\u00fct\u00fcphanesi M\u00fcd\u00fcr\u00fc T\u00fcrkan Koca, programda Milas Otomasyon Program\u0131&#8217;n\u0131n kullan\u0131lmas\u0131 kitap kay\u0131t i\u015flemleri, Milas Otomasyon Program\u0131 yetkilendirme formu doldurulmas\u0131, resmi yaz\u0131\u015fmalarda uyulacak esas ve usuller, dayan\u0131kl\u0131 ta\u015f\u0131n\u0131r ve t\u00fcketim malzemelerinin kay\u0131t i\u015flemleri ile \u00f6deneklerin kullan\u0131m\u0131 konular\u0131n\u0131n i\u015flendi\u011fini a\u00e7\u0131klad\u0131.\u00a0<strong><\/strong><\/p>\n<p style=\"text-align: justify;\">Kaynak: http:\/\/www.beyazgazete.com<\/p>\n","protected":false},"excerpt":{"rendered":"<p>Samsun merkez ve il\u00e7elerinde bulunan halk k\u00fct\u00fcphanesi m\u00fcd\u00fcrleri Samsun Gazi Halk K\u00fct\u00fcphanesi&#8217;nde hizmet i\u00e7i e\u011fiteme tabi tutuldu. K\u00fct\u00fcphaneler ve Yay\u0131mlar Genel M\u00fcd\u00fcrl\u00fc\u011f\u00fc taraf\u0131ndan Milas K\u00fct\u00fcphane Otomasyon Sistemi&#8217;ne yeni aktar\u0131lan il\u00e7e halk k\u00fct\u00fcphanelerinin zaman ge\u00e7irmeden program\u0131 kullanmalar\u0131, ayr\u0131ca ta\u015f\u0131n\u0131r mal y\u00f6netmeli\u011fi, \u00f6deneklerin kullan\u0131m\u0131 ve resmi yaz\u0131\u015fma kurallar\u0131 hakk\u0131nda hizmet i\u00e7i e\u011fitim d\u00fczenlendi.<\/p>\n","protected":false},"author":1,"featured_media":0,"comment_status":"open","ping_status":"open","sticky":false,"template":"","format":"standard","meta":{"footnotes":""},"categories":[],"tags":[848],"class_list":["post-1202","post","type-post","status-publish","format-standard","hentry","tag-halk-kutuphaneleri"],"_links":{"self":[{"href":"https:\/\/www.bbyhaber.com\/bby\/wp-json\/wp\/v2\/posts\/1202"}],"collection":[{"href":"https:\/\/www.bbyhaber.com\/bby\/wp-json\/wp\/v2\/posts"}],"about":[{"href":"https:\/\/www.bbyhaber.com\/bby\/wp-json\/wp\/v2\/types\/post"}],"author":[{"embeddable":true,"href":"https:\/\/www.bbyhaber.com\/bby\/wp-json\/wp\/v2\/users\/1"}],"replies":[{"embeddable":true,"href":"https:\/\/www.bbyhaber.com\/bby\/wp-json\/wp\/v2\/comments?post=1202"}],"version-history":[{"count":0,"href":"https:\/\/www.bbyhaber.com\/bby\/wp-json\/wp\/v2\/posts\/1202\/revisions"}],"wp:attachment":[{"href":"https:\/\/www.bbyhaber.com\/bby\/wp-json\/wp\/v2\/media?parent=1202"}],"wp:term":[{"taxonomy":"category","embeddable":true,"href":"https:\/\/www.bbyhaber.com\/bby\/wp-json\/wp\/v2\/categories?post=1202"},{"taxonomy":"post_tag","embeddable":true,"href":"https:\/\/www.bbyhaber.com\/bby\/wp-json\/wp\/v2\/tags?post=1202"}],"curies":[{"name":"wp","href":"https:\/\/api.w.org\/{rel}","templated":true}]}}