{"id":12019,"date":"2013-10-30T23:37:22","date_gmt":"2013-10-30T21:37:22","guid":{"rendered":"http:\/\/www.bbyhaber.com\/bby\/?p=12019"},"modified":"2013-10-30T23:37:22","modified_gmt":"2013-10-30T21:37:22","slug":"tasra-kutuphaneleri-sahipsiz-kaldi","status":"publish","type":"post","link":"https:\/\/www.bbyhaber.com\/bby\/2013\/10\/30\/tasra-kutuphaneleri-sahipsiz-kaldi","title":{"rendered":"Ta\u015fra k\u00fct\u00fcphaneleri sahipsiz kald\u0131"},"content":{"rendered":"<p style=\"text-align: justify;\">Bakanl\u0131\u011f\u0131n 2001-2011 y\u0131llar\u0131 aras\u0131nda daha iyi hizmet vermesi i\u00e7in belediyelere devretti\u011fi k\u00fct\u00fcphanelerde herhangi bir denetim yap\u0131lmazken, bu mekanlar\u0131n pek \u00e7o\u011fu personel eksikli\u011finden, binalar\u0131n ba\u015fka faaliyetler i\u00e7in kullan\u0131lmas\u0131ndan ve ilgisizlikten dolay\u0131 kapal\u0131. 1950&#8217;li y\u0131llarda gen\u00e7 bir k\u00fct\u00fcphaneci olan Mustafa G\u00fczelg\u00f6z, \u00dcrg\u00fcp Tahsina\u011fa K\u00fct\u00fcphanesi&#8217;nde g\u00f6reve ba\u015flar. Nev\u015fehir&#8217;de ula\u015f\u0131lmas\u0131 zor engebeli yollar\u0131 a\u015farak,<!--more--> k\u00fct\u00fcphaneden ald\u0131\u011f\u0131 kitaplar\u0131 civardaki k\u00f6ylerin halk\u0131na e\u015fekle ta\u015f\u0131d\u0131\u011f\u0131 i\u00e7in &#8220;Merkepli K\u00fct\u00fcphaneci&#8221; lakab\u0131yla an\u0131lmaya ba\u015flar. Nam\u0131 yurti\u00e7ine ve yurtd\u0131\u015f\u0131na yay\u0131lan G\u00fczelg\u00f6z, bu gayretinden \u00f6t\u00fcr\u00fc pek \u00e7ok \u00f6d\u00fcle lay\u0131k g\u00f6r\u00fcl\u00fcr. G\u00fczelg\u00f6z&#8217;\u00fcn bu hikayesi, Fakir Baykurt&#8217;un E\u015fekli K\u00fct\u00fcphaneci adl\u0131 roman\u0131na bile konu olur. 2005&#8217;te vefat eden Merkepli K\u00fct\u00fcphaneci&#8217;nin bu gayreti haf\u0131zalarda yerini koruyadursun, art\u0131k yak\u0131n zamanda \u00f6zellikle Anadolu&#8217;daki il\u00e7e ve beldelerde k\u00fct\u00fcphane bulmak giderek zorla\u015facak, zira K\u00fclt\u00fcr ve Turizm Bakanl\u0131\u011f\u0131&#8217;n\u0131n yerel y\u00f6netimlere devretti\u011fi k\u00fct\u00fcphaneler sahipsiz durumda.<\/p>\n<p style=\"text-align: justify;\">Resmi rakamlara g\u00f6re T\u00fcrkiye genelinde bakanl\u0131\u011fa ba\u011fl\u0131 hizmet vermekte iken 2001-20011 y\u0131llar\u0131 aras\u0131nda protokolle yerel y\u00f6netimlere devredilen k\u00fct\u00fcphane say\u0131s\u0131 321. Bu k\u00fct\u00fcphanelere ula\u015ft\u0131\u011f\u0131m\u0131zda ise pek \u00e7o\u011funun personel eksikli\u011finden, ilgisizlikten ve binalar\u0131n ba\u015fka faaliyetler i\u00e7in kullan\u0131lmas\u0131ndan dolay\u0131 kapal\u0131 durumda oldu\u011fu bilgisini edindik. Bu &#8216;tabela&#8217; k\u00fct\u00fcphaneleri belediyelerin y\u00f6netimine ge\u00e7tikten sonra herhangi bir denetime tabi tutulmam\u0131\u015f. Devredilen k\u00fct\u00fcphanelerde bir sistem b\u00fct\u00fcnl\u00fc\u011f\u00fcn\u00fcn olmamas\u0131, k\u00fct\u00fcphanelerin i\u015fleyi\u015fini aksat\u0131rken, belediyelerin ilgisizli\u011fi bu mekanlar\u0131 kaderleriyle ba\u015f ba\u015fa b\u0131rakm\u0131\u015f.<\/p>\n<p style=\"text-align: justify;\">Avrupa&#8217;n\u0131n pek \u00e7ok \u015fehrinde k\u00fct\u00fcphaneler yerel y\u00f6netimlere ba\u011fl\u0131 olarak faaliyet g\u00f6steriyor. Bakanl\u0131\u011f\u0131n k\u00fct\u00fcphaneleri yerel y\u00f6netimlere devretme karar\u0131nda bu \u00f6rneklerin de etkisi var. \u00c7\u00fcnk\u00fc b\u00fcy\u00fck\u015fehirlerdeki k\u00fct\u00fcphaneler, hem halk\u0131n ilgisi hem de personel ve imkan sa\u011fland\u0131\u011f\u0131 i\u00e7in faaliyetlerini kolayca s\u00fcrd\u00fcrebiliyor. Fakat ta\u015fra k\u00fct\u00fcphanelerini bakanl\u0131\u011f\u0131n takip etmesi ve geli\u015ftirmesi fiziki ve maddi zorluklar ta\u015f\u0131yor. Yerinden y\u00f6netim ilkesi gere\u011fi belediyelerin bu k\u00fct\u00fcphaneleri daha i\u015flevsel hale getirece\u011fi fikri teorik olarak do\u011fru g\u00f6r\u00fcnse de kitap ve k\u00fct\u00fcphaneye olan ilginin s\u0131n\u0131rl\u0131 oldu\u011fu \u00fclkemizde bu, prati\u011fe aktar\u0131lam\u0131yor. Oysa Avrupa&#8217;da en k\u00fc\u00e7\u00fck beldelerde bile zengin, bak\u0131ml\u0131 ve i\u015fleyen k\u00fct\u00fcphaneler bulunuyor. T\u00fcrkiye&#8217;de b\u00fcy\u00fck \u015fehirlerdeki k\u00fct\u00fcphaneler faaliyetlerini daha kolay s\u00fcrd\u00fcr\u00fcrken, Anadolu&#8217;daki pek \u00e7ok k\u00fct\u00fcphane s\u0131k\u0131nt\u0131 ya\u015f\u0131yor. K\u00fct\u00fcphaneler ve Yay\u0131mlar Genel M\u00fcd\u00fcr\u00fc Erkin Y\u0131lmaz, k\u00fct\u00fcphanelerin devredilmesinden sonra kendi y\u00f6netim alanlar\u0131ndan \u00e7\u0131kt\u0131\u011f\u0131n\u0131 belirterek, \u00f6n\u00fcm\u00fczdeki g\u00fcnlerde yeni bir devrin s\u00f6z konusu olmad\u0131\u011f\u0131n\u0131 s\u00f6yl\u00fcyor. K\u00fct\u00fcphaneler ve Yay\u0131mlar eski Genel M\u00fcd\u00fcr\u00fc Prof. Dr. Onur Bilge Kula, yap\u0131lan devirlerin siyasi bir karar \u00fczerine de\u011fil, gereklilikten do\u011fdu\u011funu fakat k\u00fct\u00fcphanelerin devrinden sonra bunlar\u0131n verimlili\u011fi ile ilgili herhangi bir denetim yap\u0131lmad\u0131\u011f\u0131n\u0131 ifade ediyor. T\u00fcrk K\u00fct\u00fcphaneciler Derne\u011fi Ba\u015fkan\u0131 Ali Fuat Kartal ise &#8220;Belediyelerin devredilen k\u00fct\u00fcphaneleri a\u00e7\u0131k tutmas\u0131 gerekiyor fakat kimi belediyeler g\u00fcc\u00fc olmad\u0131\u011f\u0131 i\u00e7in ilgilenemiyor ve hatta baz\u0131lar\u0131n\u0131 kapat\u0131yor.&#8221; diyor.<\/p>\n<p style=\"text-align: justify;\"><strong>DEV\u0130R, UZUN S\u00dcRE TARTI\u015eILDI<\/strong><\/p>\n<p style=\"text-align: justify;\">K\u00fct\u00fcphanelerin yerel y\u00f6netimlere devrinin hikayesi hayli eski. Devir, Atilla Ko\u00e7&#8217;un bakanl\u0131\u011f\u0131 s\u0131ras\u0131nda, 2004&#8217;teki Kamu Y\u00f6netimi Reformu Yasa Tasar\u0131s\u0131 kapsam\u0131nda g\u00fcndeme gelir. 2008&#8217;de ise Meclis&#8217;e gelen &#8220;K\u00fclt\u00fcr ve Turizm Bakanl\u0131\u011f\u0131&#8217;n\u0131n Baz\u0131 Ta\u015fra Kurulu\u015flar\u0131n\u0131n \u0130l \u00d6zel \u0130dareleri ve Belediyelere Devredilmesi \u0130le Baz\u0131 Kanun H\u00fckm\u00fcnde Kararnamelerde De\u011fi\u015fiklik Yap\u0131lmas\u0131na Dair Yasa Tasar\u0131s\u0131&#8221; ile k\u00fct\u00fcphanelerin devri konusunda \u0131srar s\u00fcrer, bakanl\u0131k pek \u00e7ok ele\u015ftiri al\u0131r. Eski K\u00fclt\u00fcr ve Turizm Bakan\u0131 Ertu\u011frul G\u00fcnay, 2008&#8217;de yapt\u0131\u011f\u0131 bir konu\u015fmas\u0131nda, &#8220;Elbette K\u00fclt\u00fcr Bakanl\u0131\u011f\u0131&#8217;n\u0131n k\u00fct\u00fcphaneleri tamam\u0131yla g\u00f6zden \u00e7\u0131karmas\u0131 gibi bir durum s\u00f6z konusu de\u011fildir. Milli K\u00fct\u00fcphaneler, yazma eserler, Milli K\u00fct\u00fcphanelerle ilgili b\u00fct\u00fcn bu a\u011f elbette K\u00fclt\u00fcr Bakanl\u0131\u011f\u0131 i\u00e7indedir ama Anadolu&#8217;da k\u00fct\u00fcphane de\u011fil, belki kitap evi, okuma evi denebilecek olan \u00e7ok say\u0131da do\u011frudan bakanl\u0131\u011fa ba\u011fl\u0131 \u00fcnite var. Acaba b\u00fct\u00fcn bunlar\u0131 bir yerel y\u00f6netim merkezindeki, \u00fccra k\u00f6\u015fesindeki okuma evi, kitapl\u0131k denecek \u015feyi buradan y\u00f6netmeye kalkmak do\u011fru mudur? Yoksa bir \u00f6l\u00e7\u00fcde oradaki yerel y\u00f6netimlerle, yerinden y\u00f6netim anlay\u0131\u015f\u0131yla payla\u015fmak, hizmeti daha halk\u0131n aya\u011f\u0131na g\u00f6t\u00fcrmek ve yerel kat\u0131l\u0131m\u0131 sa\u011flamak olmaz m\u0131?&#8221; der. G\u00fcndeme getirildi\u011fi g\u00fcnden itibaren pek \u00e7ok tart\u0131\u015fmay\u0131 beraberinde getiren bu devrin, \u00e7e\u015fitli d\u00f6nemlerde yasala\u015ft\u0131r\u0131lmas\u0131 giri\u015fiminde bulunulsa da tepkilerden dolay\u0131 bu ger\u00e7ekle\u015fmez. Bakanl\u0131k yasa ile ger\u00e7ekle\u015ftiremedi\u011fi bu devir i\u015flemi i\u00e7in protokol yoluna ba\u015fvurur. \u0130l k\u00fct\u00fcphanelerini kendi hizmet alan\u0131nda b\u0131rakan bakanl\u0131k, il\u00e7e ve beldelerdeki pek \u00e7ok k\u00fct\u00fcphaneyi yerel y\u00f6netimlere devreder. Bakanl\u0131k taraf\u0131ndan haz\u0131rlanan ve 11.1.2012 tarihinde Resmi Gazete&#8217;de yay\u0131mlanarak y\u00fcr\u00fcrl\u00fc\u011fe giren yeni Halk K\u00fct\u00fcphaneleri Y\u00f6netmeli\u011fi&#8217;nde k\u00fct\u00fcphanelerin devri ve denetimiyle ilgili \u015fu iki madde yer al\u0131yor: 1) &#8220;\u00c7e\u015fitli nedenlerle hizmet veremeyen k\u00fct\u00fcphaneler, hizmetlerini s\u00fcrd\u00fcrmesi ko\u015fuluyla, di\u011fer kamu kurum ve kurulu\u015flar\u0131na bir tutanak \u00e7er\u00e7evesinde bakanl\u0131k\u00e7a devredilebilir.&#8221; 2) &#8220;Devredilen k\u00fct\u00fcphaneler, il k\u00fclt\u00fcr ve turizm m\u00fcd\u00fcrl\u00fckleri ile il halk k\u00fct\u00fcphanesi m\u00fcd\u00fcrl\u00fckleri i\u015fbirli\u011fiyle izlenir. Tutanak ko\u015fullar\u0131n\u0131n yerine getirilmemesi durumunda, devredilen k\u00fct\u00fcphanenin her t\u00fcrl\u00fc ta\u015f\u0131n\u0131r\u0131 il i\u00e7inde ihtiyac\u0131 bulunan ba\u015fka k\u00fct\u00fcphanelere bakanl\u0131k onay\u0131 ile devredilir.&#8221;<\/p>\n<p style=\"text-align: justify;\"><strong>&#8220;RESM\u0130 OLARAK G\u00d6Z\u00dcK\u00dcYOR FAKAT B\u00d6YLE B\u0130R K\u00dcT\u00dcPHANE YOK&#8221;<\/strong><\/p>\n<p style=\"text-align: justify;\">Yerel y\u00f6netimlere devredilen k\u00fct\u00fcphanelere ula\u015ft\u0131\u011f\u0131m\u0131zda \u00fcz\u00fcc\u00fc bir tablo ile kar\u015f\u0131la\u015ft\u0131k. Telefonla ula\u015fabildi\u011fimiz g\u00f6revlilerden ald\u0131\u011f\u0131m\u0131z cevaplar \u015f\u00f6yle: \u0130zmir B\u00f6lcek \u0130l Halk K\u00fct\u00fcphanesi: &#8220;Bir y\u0131l kadar oldu kapanal\u0131, faal de\u011fil. Hem k\u00fct\u00fcphane memurumuz da emekli oldu. Yapacak bir \u015fey yok. Zaten belediyemiz de yak\u0131nda kapanacak.&#8221; Ayd\u0131n Horsunlu Halk K\u00fct\u00fcphanesi: &#8220;K\u00fct\u00fcphane ile ilgilenen bir arkada\u015f yok. Nas\u0131l bir kitap arad\u0131\u011f\u0131n\u0131z\u0131 bilmiyorum ama sizin i\u00e7in k\u00fct\u00fcphaneyi a\u00e7ar\u0131z. Arad\u0131\u011f\u0131n\u0131z kitab\u0131 kendiniz bulman\u0131z laz\u0131m.&#8221; Bayburt Arpal\u0131 Halk K\u00fct\u00fcphanesi: &#8220;Resmi olarak g\u00f6z\u00fck\u00fcyor, fakat yok b\u00f6yle bir k\u00fct\u00fcphane. Ad\u0131 var sadece, hi\u00e7 a\u00e7\u0131lmad\u0131.&#8221; Artvin Kendirli Halk K\u00fct\u00fcphanesi: &#8220;Saat 15.00 ile 17.00 aras\u0131nda hizmet veriyoruz, gelirseniz yard\u0131mc\u0131 oluruz.&#8221; Yozgat Eymir Halk K\u00fct\u00fcphanesi: &#8220;K\u00fct\u00fcphanemiz yok ki, belediyede vard\u0131 sonra t\u00fcm kitaplar\u0131n\u0131 okula b\u0131rakt\u0131, okul kullan\u0131yor \u015fimdi ama halk k\u00fct\u00fcphanesi yok art\u0131k.&#8221; Ankara Av\u015far Halk K\u00fct\u00fcphanesi: &#8220;Kitaplar duruyor ama k\u00fct\u00fcphane aktif de\u011fil. Bala il\u00e7esindeki k\u00fct\u00fcphaneye gidebilirsiniz.&#8221;<\/p>\n<p style=\"text-align: justify;\">Yerel y\u00f6netimlere devredilen k\u00fct\u00fcphanelerin durumlar\u0131n\u0131n pek i\u00e7 a\u00e7\u0131c\u0131 olmad\u0131\u011f\u0131 kesin. Sahipsiz kalan bu k\u00fct\u00fcphaneler bakanl\u0131k taraf\u0131ndan herhangi bir denetime tabi tutulmazken, belediyelerin de mevcut i\u015fleyi\u015fi, eleman yetersizli\u011fi ve maddi imkanlar\u0131 g\u00f6z \u00f6n\u00fcnde bulunduruldu\u011funda il\u00e7e ve beldelerde k\u00fct\u00fcphanelerin bir bir kaybolaca\u011f\u0131n\u0131 s\u00f6ylemek hi\u00e7 de zor olmasa gerek. Halk\u0131n k\u00fct\u00fcphanelere ilgisizli\u011fi de devam ettik\u00e7e k\u00fct\u00fcphaneler ta\u015fradan yava\u015f yava\u015f silinecek gibi g\u00f6r\u00fcn\u00fcyor. K\u00fc\u00e7\u00fck il\u00e7elerde, beldelerde bile fak\u00fcltelerin, meslek y\u00fcksekokullar\u0131n\u0131n a\u00e7\u0131ld\u0131\u011f\u0131n\u0131, buralarda y\u00fczlerce \u00f6\u011frencinin bulundu\u011funu d\u00fc\u015f\u00fcn\u00fcrsek, ortaya b\u00fcy\u00fck bir \u00e7eli\u015fki \u00e7\u0131k\u0131yor.<\/p>\n<p style=\"text-align: justify;\"><strong>Prof. Dr. Onur Bilge Kula-K\u00fct\u00fcphaneler ve Yay\u0131mlar eski Genel M\u00fcd\u00fcr\u00fc<\/strong> : Belediyelerdeki mevcut i\u015fleyi\u015f bu devre haz\u0131r de\u011fil<\/p>\n<p style=\"text-align: justify;\">&#8220;G\u00f6rev yapt\u0131\u011f\u0131m s\u00fcre i\u00e7erisinde yap\u0131lan devirler al\u0131nm\u0131\u015f bir siyasi karar \u00fczerine olmad\u0131. Bu tamamen gereklilikten olmu\u015ftur. Yerel y\u00f6netimlere devredilen k\u00fct\u00fcphanelerin say\u0131s\u0131 hi\u00e7 y\u00fcksek bir say\u0131da olmad\u0131, bu y\u00fczden k\u00fct\u00fcphanelerin devrinden sonra bunlar\u0131n verimlili\u011fi ile ilgili herhangi bir denetim de yap\u0131lmad\u0131. Hi\u00e7bir siyasi d\u00f6nemle ili\u015fkilendirmeden s\u00f6yl\u00fcyorum, Cumhuriyet d\u00f6neminde en az ilgilenilen kurumlar k\u00fct\u00fcphaneler olmu\u015ftur. 1100&#8217;den fazla k\u00fct\u00fcphane a\u00e7\u0131lm\u0131\u015f fakat gerek k\u00fct\u00fcphanelerin donan\u0131m\u0131, say\u0131s\u0131, halk\u0131n buralardan yararlanmas\u0131 ve personel say\u0131s\u0131 a\u00e7\u0131s\u0131ndan herhangi do\u011fru d\u00fcr\u00fcst bir \u00e7al\u0131\u015fma yap\u0131lmam\u0131\u015f. T\u00fcrkiye&#8217;de 330 k\u00fct\u00fcphaneci \u00e7al\u0131\u015f\u0131yor. N\u00fcfus ve k\u00fct\u00fcphaneci say\u0131s\u0131na bakt\u0131\u011f\u0131m\u0131zda b\u00fcy\u00fck bir orant\u0131s\u0131zl\u0131k \u00e7\u0131k\u0131yor. E\u011fitilmi\u015f, i\u015fini bilen ve seven bir kadro geli\u015ftirmek laz\u0131m. Bizdeki mevcut kadronun b\u00fcy\u00fck bir k\u0131sm\u0131 emeklilik a\u015famas\u0131na ge\u00e7mi\u015f. \u0130l\u00e7e k\u00fct\u00fcphanelerinin yerel y\u00f6netimlere devredilmesi \u00e7ok yanl\u0131\u015f bir d\u00fc\u015f\u00fcnce de\u011fil, fakat yerel y\u00f6netimler devrald\u0131klar\u0131 k\u00fct\u00fcphaneleri geli\u015ftirmeyi b\u0131rak\u0131n, varl\u0131\u011f\u0131n\u0131 s\u00fcrd\u00fcrmesine bile olanak haz\u0131rlam\u0131yorlar. Belediyelerdeki mevcut i\u015fleyi\u015f bu devre haz\u0131r de\u011fil, bu konuda milli bir politikam\u0131z\u0131n olmas\u0131 gerekir. Devredilen k\u00fct\u00fcphanelerin ne kadar\u0131 k\u00fct\u00fcphane olarak hizmet veriyor, hizmet verenler de ne kadar k\u00fct\u00fcphaneye uygun hizmet veriyor? Bu ikisinin yerinde g\u00f6zlemlenmesi ve bakanl\u0131\u011f\u0131n b\u00f6yle bir \u00e7al\u0131\u015fmay\u0131 gerekli g\u00f6rmesi gerekir.&#8221;<\/p>\n<p style=\"text-align: justify;\"><strong>Ali Fuat Kartal, T\u00fcrk K\u00fct\u00fcphaneciler Derne\u011fi: Yerel y\u00f6netimler k\u00fct\u00fcphaneleri kapatmak zorunda kal\u0131yor<\/strong><\/p>\n<p style=\"text-align: justify;\">&#8220;K\u00fct\u00fcphanelerin devri yerel y\u00f6netim anlay\u0131\u015f\u0131na uygun bir politika ve biz dernek olarak bu g\u00f6r\u00fc\u015f\u00fc savunuyoruz. Fakat baz\u0131 sorunlar var \u00fclkemiz a\u00e7\u0131s\u0131ndan. Bizde yerel y\u00f6netimler hen\u00fcz k\u00fct\u00fcphane olgusuna \u00e7ok yak\u0131n de\u011filler. \u015eu andaki kanunlara g\u00f6re belediyelerin k\u00fct\u00fcphane kurmas\u0131n\u0131n \u00f6n\u00fcnde herhangi bir engel yok ama bunun ba\u015far\u0131l\u0131 \u00f6rneklerini sadece \u0130stanbul ve Bursa gibi illerde g\u00f6rebiliyoruz. Onun d\u0131\u015f\u0131nda di\u011fer illerdeki belediyeler bu anlay\u0131\u015ftan uzak. K\u00fct\u00fcphanesi ile \u00f6v\u00fcnecek ba\u015fkanlar\u0131n oldu\u011fu bir \u00fclkeyi g\u00f6rebileceksek k\u00fct\u00fcphanelerin yerel y\u00f6netimlere devredilmesinin taraftar\u0131y\u0131z. Bakanl\u0131ktan yerel y\u00f6netimlere devreden k\u00fct\u00fcphanelerin dernek olarak pek \u00e7o\u011funu biliyoruz. Meslekta\u015flar\u0131m\u0131zla g\u00f6r\u00fc\u015ft\u00fc\u011f\u00fcm\u00fczde o k\u00fct\u00fcphanelerin tamam\u0131na yak\u0131n\u0131 \u015fu anda i\u015flemez, yani kapat\u0131lm\u0131\u015f durumda. Bakanl\u0131k buralara yeteri kadar eleman sa\u011flayamad\u0131\u011f\u0131 i\u00e7in yerel y\u00f6netimlerce buralar kapat\u0131lmak zorunda kald\u0131. Protokole g\u00f6re belediyelerin bu binalar\u0131 a\u00e7\u0131k tutmas\u0131 ve personel istihdam etmesi gerekiyor fakat kimi belediyelerin bu noktada g\u00fcc\u00fc olmad\u0131\u011f\u0131 i\u00e7in ilgilenilmiyor ve k\u00fct\u00fcphaneler kapat\u0131l\u0131yor. Halk\u0131n talebinin de bu k\u00fct\u00fcphanelerin kapanmas\u0131nda b\u00fcy\u00fck bir etkisi var. Halk\u0131n k\u00fct\u00fcphanelere sahip \u00e7\u0131kmas\u0131 laz\u0131m. Bu k\u00fclt\u00fcr maalesef hen\u00fcz bizde geli\u015fmedi. Biz dernek olarak her k\u00fct\u00fcphanede en az mesleki e\u011fitim alm\u0131\u015f bir k\u00fct\u00fcphanecinin olmas\u0131n\u0131 istiyoruz.&#8221;<\/p>\n<p style=\"text-align: justify;\"><strong>\u0130llere g\u00f6re yerel y\u00f6netime devredilen k\u00fct\u00fcphaneler<\/strong><\/p>\n<p style=\"text-align: justify;\">Adana: 10<\/p>\n<p style=\"text-align: justify;\">Ad\u0131yaman: 3<\/p>\n<p style=\"text-align: justify;\">Afyonkarahisar: 33<\/p>\n<p style=\"text-align: justify;\">Aksaray: 7<\/p>\n<p style=\"text-align: justify;\">Amasya: 7<\/p>\n<p style=\"text-align: justify;\">Ankara: 3<\/p>\n<p style=\"text-align: justify;\">Antalya: 11<\/p>\n<p style=\"text-align: justify;\">Artvin: 1<\/p>\n<p style=\"text-align: justify;\">Ayd\u0131n: 10<\/p>\n<p style=\"text-align: justify;\">Bal\u0131kesir: 4<\/p>\n<p style=\"text-align: justify;\">Bart\u0131n: 1<\/p>\n<p style=\"text-align: justify;\">Bayburt: 3<\/p>\n<p style=\"text-align: justify;\">Bilecik: 1<\/p>\n<p style=\"text-align: justify;\">Burdur: 1<\/p>\n<p style=\"text-align: justify;\">Bursa: 5<\/p>\n<p style=\"text-align: justify;\">\u00c7anakkale: 1<\/p>\n<p style=\"text-align: justify;\">Denizli: 11<\/p>\n<p style=\"text-align: justify;\">D\u00fczce: 1<\/p>\n<p style=\"text-align: justify;\">Edirne: 5<\/p>\n<p style=\"text-align: justify;\">Erzincan: 2<\/p>\n<p style=\"text-align: justify;\">Erzurum: 9<\/p>\n<p style=\"text-align: justify;\">Eski\u015fehir: 5<\/p>\n<p style=\"text-align: justify;\">Gaziantep: 1<\/p>\n<p style=\"text-align: justify;\">Giresun: 1<\/p>\n<p style=\"text-align: justify;\">Hatay: 2<\/p>\n<p style=\"text-align: justify;\">I\u011fd\u0131r: 2<\/p>\n<p style=\"text-align: justify;\">Isparta: 9<\/p>\n<p style=\"text-align: justify;\">\u0130stanbul: 4<\/p>\n<p style=\"text-align: justify;\">\u0130zmir: 5<\/p>\n<p style=\"text-align: justify;\">Kahramanmara\u015f: 1<\/p>\n<p style=\"text-align: justify;\">Karaman: 10<\/p>\n<p style=\"text-align: justify;\">Kastamonu: 1<\/p>\n<p style=\"text-align: justify;\">Kayseri: 7<\/p>\n<p style=\"text-align: justify;\">K\u0131r\u0131kkale: 3<\/p>\n<p style=\"text-align: justify;\">K\u0131rklareli: 1<\/p>\n<p style=\"text-align: justify;\">K\u0131r\u015fehir: 13<\/p>\n<p style=\"text-align: justify;\">Konya: 29<\/p>\n<p style=\"text-align: justify;\">K\u00fctahya: 7<\/p>\n<p style=\"text-align: justify;\">Malatya: 1<\/p>\n<p style=\"text-align: justify;\">Manisa: 6<\/p>\n<p style=\"text-align: justify;\">Mardin: 1<\/p>\n<p style=\"text-align: justify;\">Mersin: 5<\/p>\n<p style=\"text-align: justify;\">Mu\u011fla: 5<\/p>\n<p style=\"text-align: justify;\">Nev\u015fehir: 3<\/p>\n<p style=\"text-align: justify;\">Ni\u011fde: 7<\/p>\n<p style=\"text-align: justify;\">Ordu: 4<\/p>\n<p style=\"text-align: justify;\">Osmaniye: 2<\/p>\n<p style=\"text-align: justify;\">Rize: 2<\/p>\n<p style=\"text-align: justify;\">Sakarya: 3<\/p>\n<p style=\"text-align: justify;\">Samsun: 4<\/p>\n<p style=\"text-align: justify;\">Sivas: 1<\/p>\n<p style=\"text-align: justify;\">\u015eanl\u0131urfa: 2<\/p>\n<p style=\"text-align: justify;\">Tekirda\u011f: 1<\/p>\n<p style=\"text-align: justify;\">Tokat: 8<\/p>\n<p style=\"text-align: justify;\">Trabzon: 8<\/p>\n<p style=\"text-align: justify;\">Van: 2<\/p>\n<p style=\"text-align: justify;\">Yalova: 1<\/p>\n<p style=\"text-align: justify;\">Yozgat: 11<\/p>\n<p style=\"text-align: justify;\">Zonguldak: 4<\/p>\n<p style=\"text-align: justify;\"><strong>Y\u0131llara g\u00f6re T\u00fcrkiye&#8217;deki k\u00fct\u00fcphane say\u0131s\u0131<\/strong><\/p>\n<p style=\"text-align: justify;\">2000: 1.340<\/p>\n<p style=\"text-align: justify;\">2001: 1.350<\/p>\n<p style=\"text-align: justify;\">2002: 1.275<\/p>\n<p style=\"text-align: justify;\">2003: 1.350<\/p>\n<p style=\"text-align: justify;\">2004: 1.367<\/p>\n<p style=\"text-align: justify;\">2005: 1.144<\/p>\n<p style=\"text-align: justify;\">2006: 1.178<\/p>\n<p style=\"text-align: justify;\">2007: 1.162<\/p>\n<p style=\"text-align: justify;\">2008: 1.156<\/p>\n<p style=\"text-align: justify;\">2009: 1.149<\/p>\n<p style=\"text-align: justify;\">2010: 1.136<\/p>\n<p style=\"text-align: justify;\">2011: 1.118<\/p>\n<p style=\"text-align: justify;\">2012: 1.112<\/p>\n<p style=\"text-align: justify;\">Kaynak: http:\/\/www.memurlar.net<\/p>\n","protected":false},"excerpt":{"rendered":"<p>Bakanl\u0131\u011f\u0131n 2001-2011 y\u0131llar\u0131 aras\u0131nda daha iyi hizmet vermesi i\u00e7in belediyelere devretti\u011fi k\u00fct\u00fcphanelerde herhangi bir denetim yap\u0131lmazken, bu mekanlar\u0131n pek \u00e7o\u011fu personel eksikli\u011finden, binalar\u0131n ba\u015fka faaliyetler i\u00e7in kullan\u0131lmas\u0131ndan ve ilgisizlikten dolay\u0131 kapal\u0131. 1950&#8217;li y\u0131llarda gen\u00e7 bir k\u00fct\u00fcphaneci olan Mustafa G\u00fczelg\u00f6z, \u00dcrg\u00fcp Tahsina\u011fa K\u00fct\u00fcphanesi&#8217;nde g\u00f6reve ba\u015flar. Nev\u015fehir&#8217;de ula\u015f\u0131lmas\u0131 zor engebeli yollar\u0131 a\u015farak,<\/p>\n","protected":false},"author":1,"featured_media":0,"comment_status":"open","ping_status":"open","sticky":false,"template":"","format":"standard","meta":{"footnotes":""},"categories":[1],"tags":[848,368],"class_list":["post-12019","post","type-post","status-publish","format-standard","hentry","category-genel","tag-halk-kutuphaneleri","tag-halk-kutuphanelerinin-devri"],"_links":{"self":[{"href":"https:\/\/www.bbyhaber.com\/bby\/wp-json\/wp\/v2\/posts\/12019"}],"collection":[{"href":"https:\/\/www.bbyhaber.com\/bby\/wp-json\/wp\/v2\/posts"}],"about":[{"href":"https:\/\/www.bbyhaber.com\/bby\/wp-json\/wp\/v2\/types\/post"}],"author":[{"embeddable":true,"href":"https:\/\/www.bbyhaber.com\/bby\/wp-json\/wp\/v2\/users\/1"}],"replies":[{"embeddable":true,"href":"https:\/\/www.bbyhaber.com\/bby\/wp-json\/wp\/v2\/comments?post=12019"}],"version-history":[{"count":0,"href":"https:\/\/www.bbyhaber.com\/bby\/wp-json\/wp\/v2\/posts\/12019\/revisions"}],"wp:attachment":[{"href":"https:\/\/www.bbyhaber.com\/bby\/wp-json\/wp\/v2\/media?parent=12019"}],"wp:term":[{"taxonomy":"category","embeddable":true,"href":"https:\/\/www.bbyhaber.com\/bby\/wp-json\/wp\/v2\/categories?post=12019"},{"taxonomy":"post_tag","embeddable":true,"href":"https:\/\/www.bbyhaber.com\/bby\/wp-json\/wp\/v2\/tags?post=12019"}],"curies":[{"name":"wp","href":"https:\/\/api.w.org\/{rel}","templated":true}]}}