{"id":12016,"date":"2013-10-29T14:53:16","date_gmt":"2013-10-29T11:53:16","guid":{"rendered":"http:\/\/www.bbyhaber.com\/bby\/?p=12016"},"modified":"2017-01-11T15:01:28","modified_gmt":"2017-01-11T12:01:28","slug":"cigli-sehit-binbasi-erdogan-ozdemir-ortaokulu-kutuphanesi-hakkaricukurca","status":"publish","type":"post","link":"https:\/\/www.bbyhaber.com\/bby\/2013\/10\/29\/cigli-sehit-binbasi-erdogan-ozdemir-ortaokulu-kutuphanesi-hakkaricukurca","title":{"rendered":"\u00c7i\u011fli \u015eehit Binba\u015f\u0131 Erdo\u011fan \u00d6zdemir Ortaokulu K\u00fct\u00fcphanesi-Hakkari\/\u00c7ukurca"},"content":{"rendered":"<p style=\"text-align: justify;\">Siirt \u0130lk Halk K\u00fct\u00fcphanesi\u2019nde g\u00f6rev yapan meslekta\u015f\u0131m\u0131z Hasan OK, T\u00fcrkiye&#8217;nin en uzak \u015fehirlerinden Hakkari\/\u00c7ukurca&#8217;n\u0131n \u00c7i\u011fli \u015eehit Binba\u015f\u0131 Erdo\u011fan \u00d6zdemir Ortaokulu&#8217;na kitap toplama kampanyas\u0131\u00a0 ba\u015flatarak okulun k\u00fct\u00fcphanesini zenginle\u015ftirmi\u015ftir. Kampanyaya destek i\u00e7in emek ve \u00f6zveri dolu bir \u00e7al\u0131\u015fma y\u00fcr\u00fctm\u00fc\u015ft\u00fcr. \u0130stanbul \u00dcniversitesi Merkez K\u00fct\u00fcphanesi&#8217;nden kitap talebinde bulunmu\u015f<!--more--> ve k\u00fct\u00fcphane 4 koli kitap g\u00f6ndermi\u015ftir.\u00a0 1. Siirt\u00a0 Kitap Fuar\u0131\u2019n\u0131 da f\u0131rsata \u00e7eviren Ok, b\u00fct\u00fcn yay\u0131n evlerinden kitap talebinde bulunmu\u015f, Siirt&#8217;teki b\u00fct\u00fcn dershaneleri gezerek SBS\u2019ye y\u00f6nelik kitaplar istemi\u015f ve buralardan da toplam 6 koli kitap toplam\u0131\u015ft\u0131r.<\/p>\n<p style=\"text-align: justify;\">1. Siirt Kitap Fuar\u0131nda okul k\u00fct\u00fcphanesi i\u00e7in kitap toplamada yard\u0131m eden de\u011ferli arkada\u015flar\u0131m Zeynep Ayd\u0131n, Hazel Durmaz , Mehmet Inan ve lojistik deste\u011fi sa\u011flayan \u00d6zlem Bakan&#8217;a sonsuz te\u015fekk\u00fcrler . Ayr\u0131ca bize kitap g\u00f6nderen \u0130stanbul \u00dcniversitesi Merkez K\u00fct\u00fcphanesi \u00e7al\u0131\u015fanlar\u0131na \u00f6zellikle Sel\u00e7uk S\u00fczmeta\u015f ve \u00d6zhan Sa\u011fl\u0131k&#8217;a ayr\u0131ca te\u015fekk\u00fcrler.<\/p>\n<p><a href=\"http:\/\/www.bbyhaber.com\/bby\/wp-content\/uploads\/2013\/10\/1.jpg\"><img loading=\"lazy\" decoding=\"async\" class=\"alignnone\" src=\"http:\/\/www.bbyhaber.com\/bby\/wp-content\/uploads\/2013\/10\/1.jpg\" alt=\"\" width=\"159\" height=\"111\" \/><\/a> <a href=\"http:\/\/www.bbyhaber.com\/bby\/wp-content\/uploads\/2013\/10\/2.jpg\"><img loading=\"lazy\" decoding=\"async\" class=\"alignnone\" src=\"http:\/\/www.bbyhaber.com\/bby\/wp-content\/uploads\/2013\/10\/2.jpg\" alt=\"\" width=\"159\" height=\"111\" \/><\/a> <a href=\"http:\/\/www.bbyhaber.com\/bby\/wp-content\/uploads\/2013\/10\/3.jpg\"><img loading=\"lazy\" decoding=\"async\" class=\"alignnone\" src=\"http:\/\/www.bbyhaber.com\/bby\/wp-content\/uploads\/2013\/10\/3.jpg\" alt=\"\" width=\"159\" height=\"111\" \/><\/a><\/p>\n<p><a href=\"http:\/\/www.bbyhaber.com\/bby\/wp-content\/uploads\/2013\/10\/4.jpg\"><img loading=\"lazy\" decoding=\"async\" class=\"alignnone\" src=\"http:\/\/www.bbyhaber.com\/bby\/wp-content\/uploads\/2013\/10\/4.jpg\" alt=\"\" width=\"159\" height=\"111\" \/><\/a> <a href=\"http:\/\/www.bbyhaber.com\/bby\/wp-content\/uploads\/2013\/10\/5.jpg\"><img loading=\"lazy\" decoding=\"async\" class=\"alignnone\" src=\"http:\/\/www.bbyhaber.com\/bby\/wp-content\/uploads\/2013\/10\/5.jpg\" alt=\"\" width=\"159\" height=\"111\" \/><\/a> <a href=\"http:\/\/www.bbyhaber.com\/bby\/wp-content\/uploads\/2013\/10\/6.jpg\"><img loading=\"lazy\" decoding=\"async\" class=\"alignnone\" src=\"http:\/\/www.bbyhaber.com\/bby\/wp-content\/uploads\/2013\/10\/6.jpg\" alt=\"\" width=\"159\" height=\"111\" \/><\/a><\/p>\n<p>Kaynak: Hasan OK<\/p>\n","protected":false},"excerpt":{"rendered":"<p>Siirt \u0130lk Halk K\u00fct\u00fcphanesi\u2019nde g\u00f6rev yapan meslekta\u015f\u0131m\u0131z Hasan OK, T\u00fcrkiye&#8217;nin en uzak \u015fehirlerinden Hakkari\/\u00c7ukurca&#8217;n\u0131n \u00c7i\u011fli \u015eehit Binba\u015f\u0131 Erdo\u011fan \u00d6zdemir Ortaokulu&#8217;na kitap toplama kampanyas\u0131\u00a0 ba\u015flatarak okulun k\u00fct\u00fcphanesini zenginle\u015ftirmi\u015ftir. Kampanyaya destek i\u00e7in emek ve \u00f6zveri dolu bir \u00e7al\u0131\u015fma y\u00fcr\u00fctm\u00fc\u015ft\u00fcr. \u0130stanbul \u00dcniversitesi Merkez K\u00fct\u00fcphanesi&#8217;nden kitap talebinde bulunmu\u015f<\/p>\n","protected":false},"author":1,"featured_media":0,"comment_status":"open","ping_status":"open","sticky":false,"template":"","format":"standard","meta":{"footnotes":""},"categories":[1,1603],"tags":[],"class_list":["post-12016","post","type-post","status-publish","format-standard","hentry","category-genel","category-sehit-kutuphaneleri"],"_links":{"self":[{"href":"https:\/\/www.bbyhaber.com\/bby\/wp-json\/wp\/v2\/posts\/12016"}],"collection":[{"href":"https:\/\/www.bbyhaber.com\/bby\/wp-json\/wp\/v2\/posts"}],"about":[{"href":"https:\/\/www.bbyhaber.com\/bby\/wp-json\/wp\/v2\/types\/post"}],"author":[{"embeddable":true,"href":"https:\/\/www.bbyhaber.com\/bby\/wp-json\/wp\/v2\/users\/1"}],"replies":[{"embeddable":true,"href":"https:\/\/www.bbyhaber.com\/bby\/wp-json\/wp\/v2\/comments?post=12016"}],"version-history":[{"count":1,"href":"https:\/\/www.bbyhaber.com\/bby\/wp-json\/wp\/v2\/posts\/12016\/revisions"}],"predecessor-version":[{"id":20834,"href":"https:\/\/www.bbyhaber.com\/bby\/wp-json\/wp\/v2\/posts\/12016\/revisions\/20834"}],"wp:attachment":[{"href":"https:\/\/www.bbyhaber.com\/bby\/wp-json\/wp\/v2\/media?parent=12016"}],"wp:term":[{"taxonomy":"category","embeddable":true,"href":"https:\/\/www.bbyhaber.com\/bby\/wp-json\/wp\/v2\/categories?post=12016"},{"taxonomy":"post_tag","embeddable":true,"href":"https:\/\/www.bbyhaber.com\/bby\/wp-json\/wp\/v2\/tags?post=12016"}],"curies":[{"name":"wp","href":"https:\/\/api.w.org\/{rel}","templated":true}]}}