{"id":12010,"date":"2013-10-29T13:54:04","date_gmt":"2013-10-29T11:54:04","guid":{"rendered":"http:\/\/www.bbyhaber.com\/bby\/?p=12010"},"modified":"2014-01-01T21:29:30","modified_gmt":"2014-01-01T19:29:30","slug":"arsiv-emektarlarina-armagan","status":"publish","type":"post","link":"https:\/\/www.bbyhaber.com\/bby\/2013\/10\/29\/arsiv-emektarlarina-armagan","title":{"rendered":"Ar\u015fiv Emektarlar\u0131na Arma\u011fan"},"content":{"rendered":"<div id=\"stcpDiv\" style=\"text-align: justify;\">\n<div>\n<p><a href=\"http:\/\/www.bbyhaber.com\/bby\/wp-content\/uploads\/kitaptanitim-kitapkapaklari\/nizamettin-oguz-arsiv-emektarlarina-armagan.jpg\"><img loading=\"lazy\" decoding=\"async\" class=\"alignleft\" src=\"http:\/\/www.bbyhaber.com\/bby\/wp-content\/uploads\/kitaptanitim-kitapkapaklari\/nizamettin-oguz-arsiv-emektarlarina-armagan.jpg\" alt=\"\" width=\"207\" height=\"300\" \/><\/a>T\u00fcrk ar\u015fivcili\u011fine eme\u011fi ge\u00e7enlere\u2026Uzun ge\u00e7en bir \u00e7al\u0131\u015fma d\u00f6neminden sonra\u00a0Ar\u015fiv Emektarlar\u0131m\u0131z i\u00e7in haz\u0131rlad\u0131\u011f\u0131m\u0131z kitap tamamland\u0131. <strong>Kitap 7 Ekim 2013<\/strong> tarihinden itibaren <strong><em>\u00fccretsiz<\/em><\/strong> olarak \u00f6ncelikle yazarlar\u0131m\u0131zdan ba\u015flayarak da\u011f\u0131t\u0131lacak.<br \/>\nEme\u011fi ge\u00e7en herkeslere te\u015fekk\u00fcrler.<!--more--><\/p>\n<\/div>\n<div>\n<p><strong>Sunu\u015f<\/strong><\/p>\n<\/div>\n<p>Osmanl\u0131 Devleti, tarih boyunca kurulan T\u00fcrk devletleri i\u00e7inde kurumsalla\u015fma ve idari olarak en fazla geli\u015fme g\u00f6stermi\u015f T\u00fcrk devletlerinden biridir. Kurumsalla\u015fm\u0131\u015f idari yap\u0131n\u0131n izleri bu devletin kurumlar\u0131 vas\u0131tas\u0131yla kolayl\u0131kla izlenebilir. Bu kurumlardan biri de, 8 Kas\u0131m 1846 tarihinde kurulan ve temel fonksiyonu ar\u015fiv hizmetlerinin d\u00fczenlenmesi olan \u201cHazine-i Evrak\u201dt\u0131r. Kurulu\u015fundan itibaren pek \u00e7ok meslek mensubunun g\u00f6rev ald\u0131\u011f\u0131 bu ar\u015fiv kurumunun te\u015fekk\u00fcl\u00fcyle birlikte, Osmanl\u0131 d\u00f6nemi ar\u015fivcilik anlay\u0131\u015f\u0131n\u0131n daha profesyonel ve kurumsal bir kimli\u011fe kavu\u015ftu\u011fu s\u00f6ylenebilir.<\/p>\n<p>Hazine-i Evrak, Cumhuriyet\u2019in ilan\u0131ndan sonra de\u011fi\u015fik isimlerle faaliyet g\u00f6stermi\u015f ve 1986 y\u0131l\u0131ndan itibaren bu g\u00fcnk\u00fc isim ve yap\u0131s\u0131na ula\u015farak Devlet Ar\u015fivleri Genel M\u00fcd\u00fcrl\u00fc\u011f\u00fc ad\u0131n\u0131 alm\u0131\u015ft\u0131r. Ad\u0131ndan hareketle, devlet kurumlar\u0131 taraf\u0131ndan olu\u015fturulan ar\u015fivlerin tamam\u0131n\u0131n burada korundu\u011fu d\u00fc\u015f\u00fcn\u00fclebilirse de, gerek Osmanl\u0131 d\u00f6neminden kalma kurum ar\u015fivleri gerekse Cumhuriyet d\u00f6nemi kamu kurum ve kurulu\u015flar\u0131na ait ar\u015fivlerin Devlet Ar\u015fivleri Genel M\u00fcd\u00fcrl\u00fc\u011f\u00fc\u2019ne devri, \u2011\u00f6zellikle idari yap\u0131n\u0131n etkisiyle ve ar\u015fiv mevzuat\u0131yla verilmi\u015f olan \u00f6zel m\u00fcsaadeler gere\u011fince\u2011 halen m\u00fcmk\u00fcn olamam\u0131\u015ft\u0131r. Devlet Ar\u015fivleri Genel M\u00fcd\u00fcrl\u00fc\u011f\u00fc, s\u00f6z konusu nedenle, ayn\u0131 zamanda T\u00fcrkiye\u2019ye ait merkezi bir ar\u015fiv niteli\u011fine maalesef kavu\u015famam\u0131\u015ft\u0131r.<\/p>\n<p>T\u00fcrk ar\u015fivcili\u011finin b\u00fct\u00fcn y\u00f6nleriyle de\u011ferlendirilmesi, sorunlar\u0131n incelenmesi ve bunlara ili\u015fkin \u00e7\u00f6z\u00fcmlerin ortaya konulmas\u0131, hatta k\u0131sa, orta ve uzun vadeli stratejilerin belirlenmesi i\u00e7in, ilk kez 1998 y\u0131l\u0131nda \u201cMill\u00ee Ar\u015fiv \u015e\u00fbras\u0131\u201d toplanm\u0131\u015ft\u0131r. \u015e\u00fbra, al\u0131nan \u201cMill\u00ee Ar\u015fiv \u015e\u00fbras\u0131 en ge\u00e7 d\u00f6rt y\u0131lda bir toplanmal\u0131d\u0131r.\u201d karar\u0131na ra\u011fmen, maalesef \u015fimdiye kadar toplanamam\u0131\u015ft\u0131r. Beklenen o dur ki; T\u00fcrk ar\u015fivlerinin g\u00fcn\u00fcm\u00fcz ihtiya\u00e7lar\u0131na uygun olarak bir \u00e7at\u0131 alt\u0131nda toplanmas\u0131, yeniden yap\u0131land\u0131r\u0131lmas\u0131, geli\u015fen teknolojilere paralel olarak ar\u015fiv malzemelerinin say\u0131salla\u015ft\u0131r\u0131lmas\u0131 ve de\u011ferlendirilmesi; ar\u015fivcilik e\u011fitim-\u00f6\u011fretiminin g\u00fcn\u00fcm\u00fcz ihtiya\u00e7lar\u0131na cevap verebilecek \u015fekilde y\u00f6nlendirilmesi, mesleki yay\u0131n ve toplant\u0131 faaliyetlerinin T\u00fcrkiye\u2019nin ihtiya\u00e7lar\u0131na paralel bir \u015fekilde yeniden g\u00f6zden ge\u00e7irilmesi, ar\u015fiv \u00e7al\u0131\u015fanlar\u0131n\u0131n \u00f6zl\u00fck ve \u00e7al\u0131\u015fma \u015fartlar\u0131n\u0131n iyile\u015ftirilmesi gibi \u00e7ok temel mesleki konular\u0131n tart\u0131\u015f\u0131laca\u011f\u0131 Mill\u00ee Ar\u015fiv \u015e\u00fbras\u0131 en k\u0131sa zamanda yeniden toplanmal\u0131, hatta bu toplant\u0131lar -\u015e\u00fbra karar\u0131nda ifade edildi\u011fi \u00fczere- belli aral\u0131klarla tekrarlanmal\u0131d\u0131r.<\/p>\n<p>T\u00fcrkiye\u2019de uzun y\u0131llara dayanan sa\u011fl\u0131ks\u0131z ar\u015fiv politikalar\u0131, \u00fclkemize ait yukar\u0131da anlat\u0131lan sorunlar\u0131 \u00e7o\u011funlukla \u00e7\u00f6z\u00fcms\u00fcz, \u00e7\u00f6z\u00fclmeye \u00e7al\u0131\u015f\u0131lan sorunlar\u0131n ise yetersiz ve bazen de (sorunu) daha da derinle\u015ftiren etkiler b\u0131rakm\u0131\u015ft\u0131r. Mill\u00ee Ar\u015fiv Kanunu konusunda c\u0131l\u0131z ve akamete u\u011frayan gayretler, personel rejimi konusundaki eksiklikler, ulusal ve uluslararas\u0131 d\u00fczeyde yo\u011fun \u015fekilde ve farkl\u0131 mesleki konular\u0131n incelenmesine imk\u00e2n tan\u0131yacak mesleki toplant\u0131lar\u0131n yap\u0131lmas\u0131ndaki yetersizlik ve yay\u0131n \u00e7al\u0131\u015fmalar\u0131n\u0131n g\u00fcn\u00fcm\u00fcz d\u00fcnyas\u0131n\u0131n mesleki birikimini T\u00fcrkiye\u2019ye kazand\u0131rmak yerine daha \u00e7ok tarihi ar\u015fiv kaynaklar\u0131n\u0131n yeniden bas\u0131lmas\u0131 \u015feklinde g\u00f6r\u00fclen \u00e7abalar bunlar aras\u0131nda zikredilebileceklerin sadece baz\u0131lar\u0131d\u0131r. B\u00fct\u00fcn bunlar, gelecek nesillere aktar\u0131lmas\u0131 beklenen mill\u00ee ar\u015fiv miras\u0131na ili\u015fkin mesleki sorumlulu\u011fun yerine getirilmesinde etkin \u00e7al\u0131\u015fmalar\u0131n yap\u0131lamamas\u0131n\u0131n \u00f6n\u00fcndeki \u00f6nemli nedenler olarak g\u00f6r\u00fclebilir. Yine benzer nedenler, kurumlar\u0131n kendi b\u00fcnyelerindeki ar\u015fiv malzemelerinin yan\u0131 s\u0131ra bilgi, beceri ve yetenekleri birle\u015ftirip \u00e7a\u011f\u0131n ihtiya\u00e7lar\u0131na cevap verebilen, ge\u00e7mi\u015f temelli ve gelecek odakl\u0131 tek merkezli ar\u015fiv olu\u015fturma imk\u00e2n\u0131n\u0131 g\u00fc\u00e7le\u015ftirmektedir.<\/p>\n<p>B\u00fct\u00fcn bu olumsuz tabloya ra\u011fmen, g\u00fcn\u00fcm\u00fcz \u015fartlar\u0131na cevap verebilme kabiliyetine sahip Milli Ar\u015fiv Kanunu\u2019nun haz\u0131rlan\u0131p yasala\u015faca\u011f\u0131na olan inanc\u0131m\u0131z\u0131 muhafaza ediyoruz. Ayn\u0131 \u015fekilde, personel istihdam\u0131 ve y\u00f6netim kademesinin olu\u015fturulmas\u0131 konusunda mesleki kayg\u0131lar\u0131n da dikkate al\u0131naca\u011f\u0131 bir tayin, terfi ve atama politikas\u0131n\u0131n h\u00e2kim olaca\u011f\u0131na inan\u0131yoruz. Mesleki e\u011fitim-\u00f6\u011fretim sahas\u0131nda \u00e7al\u0131\u015fanlar\u0131n ve bu y\u00f6nde \u00e7aba sarf edenlerin mesleki geli\u015fmeleri iyi takip edip, e\u011fitim-\u00f6\u011fretim politikalar\u0131na ve m\u00fcfredatlar\u0131na buna ba\u011fl\u0131 olarak y\u00f6n vermekte daha gayretli olacaklar\u0131n\u0131 umuyoruz. Hem ar\u015fiv kurumlar\u0131 hem e\u011fitim kurumlar\u0131 hem de mesleki dernekler taraf\u0131ndan ger\u00e7ekle\u015ftirilmeye \u00e7al\u0131\u015f\u0131lan yay\u0131n ve toplant\u0131 faaliyetlerinin -k\u0131smen ba\u015far\u0131lm\u0131\u015f olsa da- her t\u00fcrl\u00fc kayg\u0131dan ar\u0131nd\u0131r\u0131lm\u0131\u015f ileri bir politika ile y\u00f6netilece\u011fi g\u00fcn\u00fc hasretle bekliyoruz\u2026<\/p>\n<p>Elinizdeki bu kitap, yukar\u0131da ifadeye \u00e7al\u0131\u015f\u0131lan kayg\u0131lar\u0131n bir par\u00e7a olsun y\u00fcrekten hissedilmesiyle ve bunun fiilen payla\u015f\u0131lmas\u0131yla ortaya \u00e7\u0131km\u0131\u015ft\u0131r. Yine bu kitap, yukar\u0131da bahsedilen her t\u00fcrl\u00fc olumsuz \u015fartlara ra\u011fmen, ar\u015fivcili\u011fe g\u00f6n\u00fcl vermi\u015f, elinden gelen fedak\u00e2rl\u0131\u011f\u0131 yapmaktan ka\u00e7\u0131nmam\u0131\u015f ve bu yolda b\u00fct\u00fcn \u00f6mr\u00fcn\u00fc t\u00fcketmi\u015f Bani\u2019lerimizi, art\u0131k aram\u0131zda olmayan ustalar\u0131m\u0131z\u0131, meslekta\u015flar\u0131m\u0131z\u0131, k\u0131saca y\u0131llarca kar\u015f\u0131l\u0131ks\u0131z ve \u00f6zverili bir \u015fekilde g\u00f6rev yapan \u201cAr\u015fiv Emektarlar\u0131m\u0131z\u0131\u201d y\u00e2d etmek i\u00e7in haz\u0131rlanm\u0131\u015ft\u0131r. Kendilerini rahmet ve minnetle an\u0131yoruz! Bu ustalar\u0131m\u0131zla olu\u015fan gelene\u011fin sonraki nesillere ta\u015f\u0131nmas\u0131nda fedak\u00e2rca rol alan ve bir \u00e7\u0131nar\u0131n g\u00f6vdesinde hayat bulan yaprak b\u00fct\u00fcnl\u00fc\u011f\u00fc i\u00e7inde hareket eden g\u00fcn\u00fcm\u00fcz ar\u015fivcilerine de, ayn\u0131 \u015fekilde sayg\u0131lar\u0131m\u0131z\u0131 sunuyoruz\u2026<\/p>\n<p>Kitab\u0131n haz\u0131rl\u0131k a\u015famas\u0131nda yap\u0131lan duyuruya; \u00fcniversite, ar\u015fiv ve k\u00fct\u00fcphanelerimiz ile \u00f6zel sekt\u00f6rde \u00e7al\u0131\u015fan ve bir k\u0131sm\u0131 emeklilik hayat\u0131n\u0131 ya\u015fayan bilim insan\u0131, uzman, y\u00f6netici ve \u00e7al\u0131\u015fan olumlu cevap vermi\u015f, de\u011ferli \u00e7al\u0131\u015fmalar\u0131n\u0131 \u201cAr\u015fiv Emektarlar\u0131\u201dna ithaf etmi\u015flerdir. Katk\u0131lar\u0131ndan dolay\u0131 kendilerine \u015f\u00fckranlar\u0131m\u0131z\u0131 sunuyoruz.<\/p>\n<p>Muhtevas\u0131nda konu s\u0131n\u0131rlamas\u0131na gidilmeyen bu arma\u011fan kitap; ar\u015fivcilik, k\u00fct\u00fcphanecilik ve tarih konular\u0131 ba\u015fta olmak \u00fczere \u00e7e\u015fitli alanlarla ilgili makalelerden olu\u015fmu\u015ftur. \u00d6nemli g\u00f6r\u00fclen \u00e7eviri niteli\u011findeki iki \u00e7al\u0131\u015fmaya da yer verilerek, muhtevan\u0131n zenginle\u015fmesi arzulanm\u0131\u015ft\u0131r. Bu kitapta yer alan makaleler, yazarlar\u0131n soyad\u0131na g\u00f6re alfabetik olarak s\u0131ralanm\u0131\u015ft\u0131r. Kaynak g\u00f6sterme ve kaynak\u00e7a olu\u015fturma gibi ortak olmas\u0131 gereken baz\u0131 uygulamalardan nadiren fedak\u00e2rl\u0131k edilmi\u015ftir. \u00d6zellikle \u00e7evirilerin ilk yay\u0131m \u00f6zelliklerinin bozulmas\u0131n\u0131n istenmemesi, baz\u0131 durumlarda da yazarlar\u0131n \u00f6zel isteklerinin geri \u00e7evrilememesi nedeniyle standart uygulamalardan zaman zaman uzakla\u015f\u0131lm\u0131\u015ft\u0131r. Bu nedenle, -genellikle tam aksi dikkat \u00e7ekse de- dipnot ve kaynak g\u00f6stermek, hatta kaynak\u00e7a olu\u015fturmak gibi yazarlar\u0131n kendi \u00f6zg\u00fcn d\u00fczenlerine baz\u0131 durumlarda m\u00fcdahale edilmemi\u015ftir. Kitap i\u00e7inde yer alan makalelerin \u00e7eviri izni ve \u00f6zg\u00fcn makalelerdeki bilgi ve kaynak g\u00f6sterme konular\u0131ndaki sorumluluklar, eserleri T\u00fcrk\u00e7eye \u00e7evirenlere ve makale yazarlar\u0131na b\u0131rak\u0131lm\u0131\u015ft\u0131r.<\/p>\n<p>Bu arma\u011fan kitab\u0131n\u0131n haz\u0131rlanmas\u0131nda en b\u00fcy\u00fck katk\u0131y\u0131 sa\u011flayan yazarlara, kitab\u0131n bas\u0131m\u0131nda maddi destek veren Bordo Dok\u00fcman Sistemleri Ticaret ve Sanayi A.\u015e.\u2019nin sahibi Say\u0131n Mehmet Tekin Haseki\u2019ye, kitab\u0131n kapak tasar\u0131m\u0131n\u0131 yapan Dr. Mehmet Fahri Furat\u2019a ve kitab\u0131n sade bir fikir iken bug\u00fcne kadar gelmesinde maddi ve manevi eme\u011fi ge\u00e7en herkese tekrar \u015f\u00fckranlar\u0131m\u0131z\u0131 arz ederiz.<\/p>\n<p>&nbsp;<\/p>\n<p>\u0130stanbul, Eyl\u00fcl 2013<\/p>\n<p align=\"right\">Nizamettin O\u011fuz \u2013 \u0130shak Keskin<\/p>\n<p align=\"right\">Kitapta yer alan ve Ar\u015fiv Emektarlar\u0131na Arma\u011fan edilen makaleler dizini:<\/p>\n<p>D\u00fcndar AL\u0130KILI\u00c7<br \/>\nT\u00fcrkiye\u2019de \u00d6zelle\u015ftirilen Kurumlara Y\u00f6nelik Ar\u015fiv Politikalar\u0131<\/p>\n<p>Do\u011fan ATILGAN<br \/>\nBilgi Hizmetlerinin Geli\u015fimi ve Ankara \u00dcniversitesi<\/p>\n<p>Bilgin AYDIN<br \/>\nXVI. Y\u00fczy\u0131l Divan-\u0131 H\u00fcm\u00e2yun Ruus Defterleri.<\/p>\n<p>Yahya BA\u015eKAN<br \/>\nT\u00fcrkler, Tarih, Sava\u015f ve Me\u015fr\u00fbiyet<\/p>\n<p>G\u00fclb\u00fcn BAYDUR \u2013 \u015eelale KORKUT<br \/>\n\u00d6zel Bir Ar\u015fiv \u0130\u00e7in Thesaurus Denemesi<\/p>\n<p>\u0130smet B\u0130NARK<br \/>\nDevlet Ar\u015fivimiz.<\/p>\n<p>\u0130smet B\u0130NARK<br \/>\nBulgaristan\u2019a Okka \u0130le Sat\u0131lan Ar\u015fiv Belgeleri<\/p>\n<p>Murat CANDEM\u0130R<br \/>\nHaydarpa\u015fa Liman ve R\u0131ht\u0131m\u0131 \u0130n\u015fas\u0131 \u0130mtiyaz\u0131n\u0131n B\u00fcrokratik Yolculu\u011fu<\/p>\n<p>Niyazi \u00c7\u0130\u00c7EK<br \/>\nA View of Bureaucratic Relations in the Transition Period from the Ottoman State to the Republic in Light of the Administrative Acts and Writings of the First Years of the Republic<\/p>\n<p>G\u00e9za D\u00c1VID<br \/>\nBir Macar Ar\u015fiv Emektar\u0131 ve Tarih\u00e7isi, Zolt\u00e1n D\u00e1vid (1923\u20131996)<\/p>\n<p>Muhammet Ali DEM\u0130R \u2013 Ali \u00d6ZT\u00dcRK<br \/>\nT\u00fcrkiye \u00dcniversitelerinde G\u00f6rme Engelli \u00d6\u011frencilere Osmanl\u0131 T\u00fcrk\u00e7esi \u00d6\u011fretimi: Kar\u015f\u0131la\u015f\u0131lan Sorunlar ve \u00c7\u00f6z\u00fcmlerine Y\u00f6nelik At\u0131lm\u0131\u015f Ad\u0131mlar.<\/p>\n<p>Murat ELMALI<br \/>\nEski Uygurca Bir Budist Hik\u00e2ye: Sena Upesena Hik\u00e2yesi<\/p>\n<p>Berndt FREDRIKSSON \/ \u00c7ev. Mehmet Fahri FURAT<br \/>\nPostmodern(istik) Ar\u015fiv Bilimi \u2013 Bir Bilimin Metodolojisinin<br \/>\nYeniden D\u00fc\u015f\u00fcn\u00fclmesi<\/p>\n<p>Mehmet Fahri FURAT \u2013 \u0130shak KESK\u0130N<br \/>\nAr\u015fiv Sergileri ve Planlama S\u00fcreci Hakk\u0131nda K\u0131sa Bir De\u011ferlendirme<\/p>\n<p>Ceyhan G\u00dcLER<br \/>\nBilgi Teknolojileri ve \u0130leti\u015fim Kurumu ve e-Devlet Uygulamalar\u0131na<br \/>\nY\u00f6nelik Faaliyetleri<\/p>\n<p>S\u00fcleyman Faruk G\u00d6NC\u00dcO\u011eLU<br \/>\n\u0130stanbul\u2019un \u0130ktisadi ve Sosyal Hayat\u0131 \u0130\u00e7erisinde<br \/>\nBah\u00e7ekap\u0131 Semti\u2019nin Yeri ve \u00d6nemi<\/p>\n<p>Mukadder G\u00dcNER\u0130<br \/>\n\u015eibl\u00ee\u2019nin Sefern\u00e2me-i R\u00fbm u \u015e\u00e2m u M\u0131sr Adl\u0131 Yap\u0131t\u0131na G\u00f6re \u0130stanbul K\u00fct\u00fcphanelerinin D\u00fcn\u00fc ve Bug\u00fcn\u00fc<\/p>\n<p>Asiye KAKIRMAN YILDIZ<br \/>\nK\u00fct\u00fcphanelerde Bilgi Y\u00f6netimi Stratejilerinin Belirlenmesinde<br \/>\nDijital Melezlerin Etkisi<\/p>\n<p>Esra G\u00f6k\u00e7en KAYGISIZ<br \/>\nBilgi Merkezlerinin Vizyon-Misyon \u0130fadelerinin \u0130ncelenmesi<\/p>\n<p>Hasan S. KESERO\u011eLU<br \/>\nAr\u015fivci Olmak<\/p>\n<p>\u0130shak KESK\u0130N<br \/>\nKutadgu Bilig\u2019de Devlet \u0130\u015flemlerinin Kay\u0131t Alt\u0131na Al\u0131nmas\u0131 ve K\u00e2tipler<\/p>\n<p>\u00d6zg\u00fcr K\u00dcLC\u00dc<br \/>\nOntolojik \u00c7al\u0131\u015fmalar Kapsam\u0131nda Elektronik Ar\u015fiv Kaynaklar\u0131n\u0131n Tan\u0131mlanmas\u0131 ve \u00dcstveri Alanlar\u0131n\u0131n Geli\u015ftirilmesi<\/p>\n<p>Talip MERT<br \/>\nZeka\u00ee Dede Efendi<\/p>\n<p>H\u00fcseyin ODABA\u015e \u2013 Kas\u0131m B\u0130N\u0130C\u0130<br \/>\n\u00d6\u011fretim Elemanlar\u0131n\u0131n A\u00e7\u0131k Eri\u015fime Kar\u015f\u0131 Tutumlar\u0131:<br \/>\nAtat\u00fcrk \u00dcniversitesi \u00d6rne\u011fi.<\/p>\n<p>\u015e. Nihal SOMER<br \/>\nFoto\u011frafik Malzeme: T\u00fcrler, Tahribat ve Fiziksel Koruma<\/p>\n<p>Bur\u00e7ak \u015eENT\u00dcRK<br \/>\nThe Swedish National Archives:\u00a0 From the User Point of View<\/p>\n<p>Acar TANLAK<br \/>\nBir CD Koleksiyoncusunun Ar\u015fivcilere ve\u00a0 Ar\u015fivcili\u011fe Dair Tavsiyeleri<\/p>\n<p>Alptekin TOSUN<br \/>\nRadyoloji B\u00f6l\u00fcm\u00fcnde Ar\u015fiv Y\u00f6netimi<\/p>\n<p>Bekir TOSUN<br \/>\nBilgi Toplumunda Ekonomi ve Sanal Organizasyonlar<\/p>\n<p>Mustafa Birol \u00dcLKER<br \/>\n\u0130sl\u00e2m Ara\u015ft\u0131rmalar\u0131 Merkezi K\u00fct\u00fcphanesi\u00a0 Ar\u015fiv-Dok\u00fcmantasyon Koleksiyonu ve Veri Tabanlar\u0131<\/p>\n<p>Ay\u015fe \u00dcST\u00dcN \u2013 I\u015f\u0131l \u0130lknur SERT<br \/>\n\u0130skenderiye K\u00fct\u00fcphanesi<\/p>\n<p>Arnold van GENNEP \/ \u00c7ev. Kenan YILDIZ<br \/>\nAra\u015ft\u0131rma Konusu veya Bitimsiz Folklor<\/p>\n<p>Murat YILMAZ<br \/>\nAr\u015fivciler ve K\u00fct\u00fcphaneciler T\u00fcccar m\u0131d\u0131r?<\/p>\n<p>Kaynak: http:\/\/www.oguz.gen.tr<\/p>\n<\/div>\n","protected":false},"excerpt":{"rendered":"<p>T\u00fcrk ar\u015fivcili\u011fine eme\u011fi ge\u00e7enlere\u2026Uzun ge\u00e7en bir \u00e7al\u0131\u015fma d\u00f6neminden sonra\u00a0Ar\u015fiv Emektarlar\u0131m\u0131z i\u00e7in haz\u0131rlad\u0131\u011f\u0131m\u0131z kitap tamamland\u0131. Kitap 7 Ekim 2013 tarihinden itibaren \u00fccretsiz olarak \u00f6ncelikle yazarlar\u0131m\u0131zdan ba\u015flayarak da\u011f\u0131t\u0131lacak. Eme\u011fi ge\u00e7en herkeslere te\u015fekk\u00fcrler.<\/p>\n","protected":false},"author":1,"featured_media":0,"comment_status":"open","ping_status":"open","sticky":false,"template":"","format":"standard","meta":{"footnotes":""},"categories":[],"tags":[1096,1408],"class_list":["post-12010","post","type-post","status-publish","format-standard","hentry","tag-arsivcilik","tag-kitap-tanitimlari"],"_links":{"self":[{"href":"https:\/\/www.bbyhaber.com\/bby\/wp-json\/wp\/v2\/posts\/12010"}],"collection":[{"href":"https:\/\/www.bbyhaber.com\/bby\/wp-json\/wp\/v2\/posts"}],"about":[{"href":"https:\/\/www.bbyhaber.com\/bby\/wp-json\/wp\/v2\/types\/post"}],"author":[{"embeddable":true,"href":"https:\/\/www.bbyhaber.com\/bby\/wp-json\/wp\/v2\/users\/1"}],"replies":[{"embeddable":true,"href":"https:\/\/www.bbyhaber.com\/bby\/wp-json\/wp\/v2\/comments?post=12010"}],"version-history":[{"count":0,"href":"https:\/\/www.bbyhaber.com\/bby\/wp-json\/wp\/v2\/posts\/12010\/revisions"}],"wp:attachment":[{"href":"https:\/\/www.bbyhaber.com\/bby\/wp-json\/wp\/v2\/media?parent=12010"}],"wp:term":[{"taxonomy":"category","embeddable":true,"href":"https:\/\/www.bbyhaber.com\/bby\/wp-json\/wp\/v2\/categories?post=12010"},{"taxonomy":"post_tag","embeddable":true,"href":"https:\/\/www.bbyhaber.com\/bby\/wp-json\/wp\/v2\/tags?post=12010"}],"curies":[{"name":"wp","href":"https:\/\/api.w.org\/{rel}","templated":true}]}}