{"id":11974,"date":"2013-10-21T09:21:14","date_gmt":"2013-10-21T06:21:14","guid":{"rendered":"http:\/\/www.bbyhaber.com\/bby\/?p=11974"},"modified":"2014-12-07T20:19:56","modified_gmt":"2014-12-07T18:19:56","slug":"4-tkd-kampus-sohbet-gunleri-23-ekim-2013","status":"publish","type":"post","link":"https:\/\/www.bbyhaber.com\/bby\/2013\/10\/21\/4-tkd-kampus-sohbet-gunleri-23-ekim-2013","title":{"rendered":"4.TKD Kamp\u00fcs Sohbet G\u00fcnleri-23 Ekim 2013"},"content":{"rendered":"<p style=\"text-align: justify;\"><img loading=\"lazy\" decoding=\"async\" class=\"alignleft\" src=\"http:\/\/www.bbyhaber.com\/bby\/wp-content\/uploads\/bby-forum-logolar\/tkdkampus.jpg\" alt=\"\" width=\"124\" height=\"93\" \/>T\u00fcrk K\u00fct\u00fcphaneciler Derne\u011fi&#8217;nin Gen\u00e7lik Grubu TKD Kamp\u00fcs&#8217;\u00fcn d\u00fczenledi\u011fi; mesleki sorunlar\/problemler, meslek hakk\u0131ndaki g\u00f6r\u00fc\u015fler ve mesle\u011fimizi ilgilendiren di\u011fer bir \u00e7ok konunun de\u011ferlendirildi\u011fi ve siz de\u011ferli kat\u0131l\u0131mc\u0131lar\u0131n da fikirlerinin al\u0131nd\u0131\u011f\u0131 \u201c<strong>TKD Kamp\u00fcs S\u00f6yle\u015fi G\u00fcnler<\/strong>i\u201d serisi devam ediyor.<!--more--><\/p>\n<p style=\"text-align: justify;\">\u201c<strong>TKD Kamp\u00fcs S\u00f6yle\u015fi G\u00fcnler<\/strong>i\u201dnin <strong>d\u00f6rd\u00fcnc\u00fc<\/strong> konu\u011fu bir d\u00f6nem TKD Ba\u015fkanl\u0131\u011f\u0131 yapan ve uzun s\u00fcre Milli K\u00fct\u00fcphane Ba\u015fkanl\u0131\u011f\u0131n\u0131 y\u00fcr\u00fctm\u00fc\u015f olan<strong> Say\u0131n Tuncel Acar<\/strong>.<\/p>\n<p style=\"text-align: justify;\">S\u00f6yle\u015fi; <strong>23 Ekim 2013<\/strong>, <strong>\u00c7ar\u015famba g\u00fcn\u00fc 19.00<\/strong>\u2019da <strong>T\u00fcrk K\u00fct\u00fcphaneciler Derne\u011fi Genel Merkezi<\/strong>\u2019nde yap\u0131lacakt\u0131r.<\/p>\n<p style=\"text-align: justify;\">T\u00fcm \u00f6\u011frenci ve meslekta\u015flar\u0131m\u0131z\u0131n bu keyif dolu s\u00f6yle\u015fiye kat\u0131l\u0131m\u0131n\u0131 dileriz.<\/p>\n<p style=\"text-align: justify;\">Konu\u00a0\u00a0\u00a0\u00a0 : &#8220;<span style=\"color: #0000ff;\"><strong>K\u00fct\u00fcphaneler ve k\u00fct\u00fcphaneci, her k\u00fct\u00fcphaneye bir k\u00fct\u00fcphaneci<\/strong><\/span>&#8221;<br \/>\nTarih\u00a0\u00a0\u00a0\u00a0\u00a0 : 23.10.2013<br \/>\nSaat\u00a0\u00a0\u00a0\u00a0\u00a0 : 19:00<br \/>\nAdres\u00a0\u00a0\u00a0 : TKD Genel Merkezi &#8211; Necatibey Cad., Elg\u00fcn Sok., 8\/8 K\u0131z\u0131lay &#8211; Ankara<br \/>\nTelefon\u00a0 :\u00a0 0 312 2301325<br \/>\n<a href=\"https:\/\/www.facebook.com\/events\/652248488139519\" target=\"_blank\">Facebook etkinlik sayfas\u0131<\/a><\/p>\n<p>&nbsp;<\/p>\n","protected":false},"excerpt":{"rendered":"<p>T\u00fcrk K\u00fct\u00fcphaneciler Derne\u011fi&#8217;nin Gen\u00e7lik Grubu TKD Kamp\u00fcs&#8217;\u00fcn d\u00fczenledi\u011fi; mesleki sorunlar\/problemler, meslek hakk\u0131ndaki g\u00f6r\u00fc\u015fler ve mesle\u011fimizi ilgilendiren di\u011fer bir \u00e7ok konunun de\u011ferlendirildi\u011fi ve siz de\u011ferli kat\u0131l\u0131mc\u0131lar\u0131n da fikirlerinin al\u0131nd\u0131\u011f\u0131 \u201cTKD Kamp\u00fcs S\u00f6yle\u015fi G\u00fcnleri\u201d serisi devam ediyor.<\/p>\n","protected":false},"author":1,"featured_media":0,"comment_status":"open","ping_status":"open","sticky":false,"template":"","format":"standard","meta":{"footnotes":""},"categories":[1],"tags":[1395,851],"class_list":["post-11974","post","type-post","status-publish","format-standard","hentry","category-genel","tag-bby-mesleki-etkinlikler-arsivi","tag-tkd-kampus"],"_links":{"self":[{"href":"https:\/\/www.bbyhaber.com\/bby\/wp-json\/wp\/v2\/posts\/11974"}],"collection":[{"href":"https:\/\/www.bbyhaber.com\/bby\/wp-json\/wp\/v2\/posts"}],"about":[{"href":"https:\/\/www.bbyhaber.com\/bby\/wp-json\/wp\/v2\/types\/post"}],"author":[{"embeddable":true,"href":"https:\/\/www.bbyhaber.com\/bby\/wp-json\/wp\/v2\/users\/1"}],"replies":[{"embeddable":true,"href":"https:\/\/www.bbyhaber.com\/bby\/wp-json\/wp\/v2\/comments?post=11974"}],"version-history":[{"count":0,"href":"https:\/\/www.bbyhaber.com\/bby\/wp-json\/wp\/v2\/posts\/11974\/revisions"}],"wp:attachment":[{"href":"https:\/\/www.bbyhaber.com\/bby\/wp-json\/wp\/v2\/media?parent=11974"}],"wp:term":[{"taxonomy":"category","embeddable":true,"href":"https:\/\/www.bbyhaber.com\/bby\/wp-json\/wp\/v2\/categories?post=11974"},{"taxonomy":"post_tag","embeddable":true,"href":"https:\/\/www.bbyhaber.com\/bby\/wp-json\/wp\/v2\/tags?post=11974"}],"curies":[{"name":"wp","href":"https:\/\/api.w.org\/{rel}","templated":true}]}}