{"id":11967,"date":"2013-10-20T16:23:32","date_gmt":"2013-10-20T13:23:32","guid":{"rendered":"http:\/\/www.bbyhaber.com\/bby\/?p=11967"},"modified":"2013-10-20T16:26:51","modified_gmt":"2013-10-20T13:26:51","slug":"mimari-ozellikleri-ile-turkiye%e2%80%99de-yapilacak-en-ilginc-kutuphane-binasi","status":"publish","type":"post","link":"https:\/\/www.bbyhaber.com\/bby\/2013\/10\/20\/mimari-ozellikleri-ile-turkiye%e2%80%99de-yapilacak-en-ilginc-kutuphane-binasi","title":{"rendered":"Mimari \u00f6zellikleri ile T\u00fcrkiye\u2019de yap\u0131lacak en ilgin\u00e7 k\u00fct\u00fcphane binas\u0131"},"content":{"rendered":"<p style=\"text-align: justify;\">Artvin \u00c7oruh \u00dcniversitesi&#8217;ne yap\u0131lacak k\u00fct\u00fcphane binas\u0131, \u00fcst \u00fcste duran kitaplar \u015feklindeki ilgin\u00e7 tasar\u0131m\u0131yla dikkat \u00e7ekiyor. Artvin \u00c7oruh \u00dcniversitesi taraf\u0131ndan yap\u0131m\u0131na onay verilen k\u00fct\u00fcphane projesi, mimari \u00f6zellikleriyle T\u00fcrkiye&#8217;de bir ilk olacak. Masan\u0131n \u00fczerinde \u00fcst \u00fcste da\u011f\u0131n\u0131k \u015fekilde duran kitaplar g\u00f6r\u00fcn\u00fcm\u00fcndeki k\u00fct\u00fcphane binas\u0131, 1600 metrekare alan \u00fczerine kurulacak ve yap\u0131m\u0131na 2014 y\u0131l\u0131 ba\u015f\u0131nda ba\u015flanacak. Mimar Ayta\u00e7 Aky\u00fcz,<!--more--> projenin T\u00fcrkiye&#8217;de bir ilk oldu\u011funu belirterek, &#8220;\u00dcniversite y\u00f6netimi bizden \u00e7ok farkl\u0131 bir yap\u0131 talep etti. Projeyi ilk yollad\u0131\u011f\u0131m\u0131zda \u00e7ok b\u00fcy\u00fck bir be\u011feni ile geri d\u00f6n\u00fc\u015f yapt\u0131lar. Sonra da \u00e7ok g\u00fczel bir sinerji ile projeyi tamamlad\u0131k&#8221; diye konu\u015ftu.<\/p>\n<p style=\"text-align: justify;\"><a href=\"http:\/\/www.bugun.com.tr\/newsFiles\/1\/1\/0\/0\/1\/0\/1\/0\/1\/1\/0\/1\/1\/1\/1\/1\/1\/0\/1\/file\/830970_735205.jpg\"><img loading=\"lazy\" decoding=\"async\" src=\"http:\/\/www.bugun.com.tr\/newsFiles\/1\/1\/0\/0\/1\/0\/1\/0\/1\/1\/0\/1\/1\/1\/1\/1\/1\/0\/1\/file\/830970_735205.jpg\" alt=\"\" width=\"162\" height=\"100\" \/><\/a><a href=\"http:\/\/www.bugun.com.tr\/newsFiles\/1\/1\/0\/0\/1\/0\/1\/0\/1\/1\/0\/1\/1\/1\/1\/1\/1\/0\/1\/file\/830970_735206.jpg\"><img loading=\"lazy\" decoding=\"async\" src=\"http:\/\/www.bugun.com.tr\/newsFiles\/1\/1\/0\/0\/1\/0\/1\/0\/1\/1\/0\/1\/1\/1\/1\/1\/1\/0\/1\/file\/830970_735206.jpg\" alt=\"\" width=\"148\" height=\"100\" \/><\/a><a href=\"http:\/\/www.bugun.com.tr\/newsFiles\/1\/1\/0\/0\/1\/0\/1\/0\/1\/1\/0\/1\/1\/1\/1\/1\/1\/0\/1\/file\/830970_735209.jpg\"><img loading=\"lazy\" decoding=\"async\" src=\"http:\/\/www.bugun.com.tr\/newsFiles\/1\/1\/0\/0\/1\/0\/1\/0\/1\/1\/0\/1\/1\/1\/1\/1\/1\/0\/1\/file\/830970_735209.jpg\" alt=\"\" width=\"143\" height=\"100\" \/><\/a><\/p>\n<p style=\"text-align: justify;\">&#8220;PROJEM\u0130Z T\u00dcRK\u0130YE&#8217;DE B\u0130R \u0130LK&#8221;<\/p>\n<p style=\"text-align: justify;\">Binan\u0131n yap\u0131m a\u015famas\u0131n\u0131n da zorlu olaca\u011f\u0131n\u0131 vurgulayan Aky\u00fcz, &#8220;Uygulamas\u0131 \u00e7ok zor bir yap\u0131. Burgu \u015feklinde \u00e7al\u0131\u015f\u0131yor ve bunun hesaplar\u0131n\u0131n yap\u0131lmas\u0131 bir statik\u00e7i i\u00e7in ger\u00e7ekten \u00e7ok zor. Ama sonunda ba\u015fard\u0131k. Bu anlamda da \u00e7ok \u00f6nemli bir proje olacak. Sadece mimarisiyle de\u011fil stati\u011fiyle de \u00e7ok \u00f6nemli bir yap\u0131. T\u00fcrkiye genelinde bunun kesinlikle bir \u00f6rne\u011fi yok. D\u00fcnya genelinde yapt\u0131\u011f\u0131m\u0131z ara\u015ft\u0131rmalarda da kesin olmamakla birlikte hen\u00fcz b\u00f6yle bir yap\u0131ya rastlamad\u0131k&#8221; ifadesini kulland\u0131.<\/p>\n<p style=\"text-align: justify;\">Projenin mimarlar\u0131ndan K\u00fcbra Akayd\u0131n ise, k\u00fct\u00fcphanenin d\u0131\u015f\u0131 kadar i\u00e7inin de etkileyici olaca\u011f\u0131n\u0131 belirterek, &#8220;Projenin i\u00e7erisinde dairesel bir galeri bo\u015flu\u011fu olacak ve insanlar burada tavandan sark\u0131t\u0131lan kitap \u015feklindeki ayd\u0131nlatmalar\u0131n alt\u0131nda kitap okuyacaklar. Binam\u0131z bin 600 metrekare \u00fczerine kuruluyor. Toplamda 6 bin 600 metrekare ve zemin art\u0131 d\u00f6rt kat \u015feklinde olacak&#8221; dedi.<\/p>\n<p style=\"text-align: justify;\">Kaynak: http:\/\/www.haberler.com<\/p>\n","protected":false},"excerpt":{"rendered":"<p>Artvin \u00c7oruh \u00dcniversitesi&#8217;ne yap\u0131lacak k\u00fct\u00fcphane binas\u0131, \u00fcst \u00fcste duran kitaplar \u015feklindeki ilgin\u00e7 tasar\u0131m\u0131yla dikkat \u00e7ekiyor. Artvin \u00c7oruh \u00dcniversitesi taraf\u0131ndan yap\u0131m\u0131na onay verilen k\u00fct\u00fcphane projesi, mimari \u00f6zellikleriyle T\u00fcrkiye&#8217;de bir ilk olacak. Masan\u0131n \u00fczerinde \u00fcst \u00fcste da\u011f\u0131n\u0131k \u015fekilde duran kitaplar g\u00f6r\u00fcn\u00fcm\u00fcndeki k\u00fct\u00fcphane binas\u0131, 1600 metrekare alan \u00fczerine kurulacak ve yap\u0131m\u0131na 2014 y\u0131l\u0131 ba\u015f\u0131nda ba\u015flanacak. Mimar Ayta\u00e7 Aky\u00fcz,<\/p>\n","protected":false},"author":1,"featured_media":0,"comment_status":"open","ping_status":"open","sticky":false,"template":"","format":"standard","meta":{"footnotes":""},"categories":[1],"tags":[],"class_list":["post-11967","post","type-post","status-publish","format-standard","hentry","category-genel"],"_links":{"self":[{"href":"https:\/\/www.bbyhaber.com\/bby\/wp-json\/wp\/v2\/posts\/11967"}],"collection":[{"href":"https:\/\/www.bbyhaber.com\/bby\/wp-json\/wp\/v2\/posts"}],"about":[{"href":"https:\/\/www.bbyhaber.com\/bby\/wp-json\/wp\/v2\/types\/post"}],"author":[{"embeddable":true,"href":"https:\/\/www.bbyhaber.com\/bby\/wp-json\/wp\/v2\/users\/1"}],"replies":[{"embeddable":true,"href":"https:\/\/www.bbyhaber.com\/bby\/wp-json\/wp\/v2\/comments?post=11967"}],"version-history":[{"count":0,"href":"https:\/\/www.bbyhaber.com\/bby\/wp-json\/wp\/v2\/posts\/11967\/revisions"}],"wp:attachment":[{"href":"https:\/\/www.bbyhaber.com\/bby\/wp-json\/wp\/v2\/media?parent=11967"}],"wp:term":[{"taxonomy":"category","embeddable":true,"href":"https:\/\/www.bbyhaber.com\/bby\/wp-json\/wp\/v2\/categories?post=11967"},{"taxonomy":"post_tag","embeddable":true,"href":"https:\/\/www.bbyhaber.com\/bby\/wp-json\/wp\/v2\/tags?post=11967"}],"curies":[{"name":"wp","href":"https:\/\/api.w.org\/{rel}","templated":true}]}}