{"id":11948,"date":"2013-10-04T19:47:27","date_gmt":"2013-10-04T16:47:27","guid":{"rendered":"http:\/\/www.bbyhaber.com\/bby\/?p=11948"},"modified":"2013-10-04T19:47:44","modified_gmt":"2013-10-04T16:47:44","slug":"izmirde-3-kutuphane-yenilendi","status":"publish","type":"post","link":"https:\/\/www.bbyhaber.com\/bby\/2013\/10\/04\/izmirde-3-kutuphane-yenilendi","title":{"rendered":"\u0130zmir&#8217;de 3 K\u00fct\u00fcphane Yenilendi"},"content":{"rendered":"<p style=\"text-align: justify;\"><img loading=\"lazy\" decoding=\"async\" class=\"alignleft\" src=\"http:\/\/www.haber35.com.tr\/images\/haberler\/izmirde_uc_kutuphane_yenilendi_h138258.jpg\" alt=\"\" width=\"221\" height=\"127\" \/>\u0130zmir \u0130l K\u00fclt\u00fcr ve Turizm M\u00fcd\u00fcr\u00fc Abd\u00fclaziz Ediz, ildeki 3 k\u00fct\u00fcphanenin yenilendi\u011fini belirterek, &#8220;Kentteki bir\u00e7ok k\u00fct\u00fcphaneyi yenileyip okuyucular\u0131n hizmetine sunma \u00e7al\u0131\u015fmalar\u0131m\u0131z var&#8221; dedi. Ediz, d\u00fczenledi\u011fi bas\u0131n toplant\u0131s\u0131nda, 38 k\u00fct\u00fcphanenin bulundu\u011fu \u0130zmir&#8217;de 2012 y\u0131l\u0131n\u0131 k\u00fct\u00fcphanelerin iyile\u015ftirilmesi i\u00e7in kulland\u0131klar\u0131n\u0131 belirtti. K\u00fct\u00fcphanelerin tamir, onar\u0131m, bak\u0131m ve yeni d\u00fczenlemeleri i\u00e7in<!--more--> 1 milyon 500 bin lira harcama yapt\u0131klar\u0131n\u0131 dile getiren Ediz, Bay\u0131nd\u0131r, Bornova, \u00c7e\u015fme, \u00d6demi\u015f, Bergama ve Tire&#8217;de halk k\u00fct\u00fcphanelerindeki \u00e7al\u0131\u015fmalar\u0131 anlatt\u0131.<\/p>\n<p style=\"text-align: justify;\">Ediz, \u015f\u00f6yle konu\u015ftu:<\/p>\n<p style=\"text-align: justify;\">&#8220;Tire K\u00fct\u00fcphanesi, \u00e7ok ayd\u0131nl\u0131k, rahat ve \u015feffaf yeni bir k\u00fct\u00fcphane haline getirildi. Bay\u0131nd\u0131r&#8217;daki k\u00fct\u00fcphanede yetersizdi ve \u00e7al\u0131\u015fmalar sonucu 4 odal\u0131 yeni restore edilen bir mekan olu\u015fturuldu. Bu k\u00fct\u00fcphanenin b\u00fct\u00fcn malzemeleri yeni temin edildi. \u00c7ocuklar\u0131m\u0131z\u0131n rahat\u00e7a kullanacaklar\u0131 bir alan haline getirdik. \u00d6demi\u015f&#8217;te k\u00fclt\u00fcr merkezi olarak tahsis edilen yerin malzemeleri yeniden tahsis edildi. Bu k\u00fct\u00fcphaneyi 2013 e\u011fitim d\u00f6nemine haz\u0131r hale getirdik. Bornova&#8217;daki k\u00fct\u00fcphanede t\u00fcm bak\u0131m yap\u0131larak yeni bir k\u00fct\u00fcphane olu\u015fturuldu. \u00c7e\u015fme&#8217;de ayn\u0131 \u015fekilde. Bu sene Bay\u0131nd\u0131r, Bornova, \u00c7e\u015fme, \u00d6demi\u015f ve Tire k\u00fct\u00fcphanelerini \u00e7ocuklar\u0131n rahat\u00e7a vakit ge\u00e7irebilece\u011fi yerler haline getirdik. \u0130zmir&#8217;de bir\u00e7ok k\u00fct\u00fcphaneyi yenileyip okuyucular\u0131n hizmetine sunma gibi \u00e7al\u0131\u015fmalar\u0131m\u0131z var.&#8221;<\/p>\n<p style=\"text-align: justify;\">Kentteki 38 k\u00fct\u00fcphanede 125 kadrolu \u00e7al\u0131\u015fan\u0131n oldu\u011funu, bu say\u0131y\u0131 145&#8217;e \u00e7\u0131kard\u0131klar\u0131n\u0131 kaydeden Ediz, Kar\u015f\u0131yaka ve Torbal\u0131 k\u00fct\u00fcphanelerinin bak\u0131m, tadilat ve onar\u0131m i\u015flemlerinin de gelecek y\u0131l tamamlanaca\u011f\u0131n\u0131 s\u00f6yledi.<\/p>\n<p style=\"text-align: justify;\">Kaynak: http:\/\/www.haber35.com.tr<\/p>\n","protected":false},"excerpt":{"rendered":"<p>\u0130zmir \u0130l K\u00fclt\u00fcr ve Turizm M\u00fcd\u00fcr\u00fc Abd\u00fclaziz Ediz, ildeki 3 k\u00fct\u00fcphanenin yenilendi\u011fini belirterek, &#8220;Kentteki bir\u00e7ok k\u00fct\u00fcphaneyi yenileyip okuyucular\u0131n hizmetine sunma \u00e7al\u0131\u015fmalar\u0131m\u0131z var&#8221; dedi. Ediz, d\u00fczenledi\u011fi bas\u0131n toplant\u0131s\u0131nda, 38 k\u00fct\u00fcphanenin bulundu\u011fu \u0130zmir&#8217;de 2012 y\u0131l\u0131n\u0131 k\u00fct\u00fcphanelerin iyile\u015ftirilmesi i\u00e7in kulland\u0131klar\u0131n\u0131 belirtti. K\u00fct\u00fcphanelerin tamir, onar\u0131m, bak\u0131m ve yeni d\u00fczenlemeleri i\u00e7in<\/p>\n","protected":false},"author":1,"featured_media":0,"comment_status":"open","ping_status":"open","sticky":false,"template":"","format":"standard","meta":{"footnotes":""},"categories":[1],"tags":[848],"class_list":["post-11948","post","type-post","status-publish","format-standard","hentry","category-genel","tag-halk-kutuphaneleri"],"_links":{"self":[{"href":"https:\/\/www.bbyhaber.com\/bby\/wp-json\/wp\/v2\/posts\/11948"}],"collection":[{"href":"https:\/\/www.bbyhaber.com\/bby\/wp-json\/wp\/v2\/posts"}],"about":[{"href":"https:\/\/www.bbyhaber.com\/bby\/wp-json\/wp\/v2\/types\/post"}],"author":[{"embeddable":true,"href":"https:\/\/www.bbyhaber.com\/bby\/wp-json\/wp\/v2\/users\/1"}],"replies":[{"embeddable":true,"href":"https:\/\/www.bbyhaber.com\/bby\/wp-json\/wp\/v2\/comments?post=11948"}],"version-history":[{"count":0,"href":"https:\/\/www.bbyhaber.com\/bby\/wp-json\/wp\/v2\/posts\/11948\/revisions"}],"wp:attachment":[{"href":"https:\/\/www.bbyhaber.com\/bby\/wp-json\/wp\/v2\/media?parent=11948"}],"wp:term":[{"taxonomy":"category","embeddable":true,"href":"https:\/\/www.bbyhaber.com\/bby\/wp-json\/wp\/v2\/categories?post=11948"},{"taxonomy":"post_tag","embeddable":true,"href":"https:\/\/www.bbyhaber.com\/bby\/wp-json\/wp\/v2\/tags?post=11948"}],"curies":[{"name":"wp","href":"https:\/\/api.w.org\/{rel}","templated":true}]}}