{"id":1194,"date":"2010-11-28T16:26:23","date_gmt":"2010-11-28T16:26:23","guid":{"rendered":"http:\/\/www.bbyhaber.com\/bby\/?p=1194"},"modified":"2012-05-15T11:15:34","modified_gmt":"2012-05-15T11:15:34","slug":"ogretmenlerden-koy-okuluna-kutuphane-van","status":"publish","type":"post","link":"https:\/\/www.bbyhaber.com\/bby\/2010\/11\/28\/ogretmenlerden-koy-okuluna-kutuphane-van","title":{"rendered":"\u00d6\u011fretmenlerden k\u00f6y okuluna k\u00fct\u00fcphane-Van"},"content":{"rendered":"<p style=\"text-align: justify;\" align=\"justify\">Ba\u015fkale Ayy\u0131ld\u0131z \u0130lk\u00f6\u011fretim Okulu y\u00f6netimi taraf\u0131ndan ba\u015flat\u0131lan, K\u00fct\u00fcphanesi Olmayan K\u00f6y Okullar\u0131na K\u00fct\u00fcphane kurulmas\u0131 projesi kapsam\u0131nda okullar\u0131na ba\u011f\u0131\u015flanan kitaplar\u0131 k\u00fct\u00fcphanesi olmayan k\u00f6ylere da\u011f\u0131tt\u0131lar. Ba\u015fkale Ayy\u0131ld\u0131z \u0130lk\u00f6\u011fretim Okulu ve Gaziantep T\u00fcrk \u00dcniversiteli Kad\u0131nlar Derne\u011fi&#8217;nin ortak projesi sonucu toplanan kitaplar ve k\u00fct\u00fcphane malzemeleri Ba\u015fkale Ayy\u0131ld\u0131z \u0130lk\u00f6\u011fretim Okulu&#8217;na ula\u015ft\u0131. Kitaplar ve malzemeler okullara g\u00f6re ayarland\u0131ktan sonra Ba\u015fkale Ayy\u0131ld\u0131z \u0130lk\u00f6\u011fretim Okulu M\u00fcd\u00fcr\u00fc ve \u00d6\u011fretmenleri taraf\u0131ndan al\u0131narak k\u00f6y okullar\u0131na da\u011f\u0131t\u0131ld\u0131.<!--more--><\/p>\n<p style=\"text-align: justify;\" align=\"justify\">Ekecek K\u00f6y\u00fc \u0130lk\u00f6\u011fretim Okulu&#8217;na giden \u00f6\u011fretmenler burada \u00f6\u011frencilerle g\u00f6r\u00fc\u015ft\u00fckten sonra k\u00fct\u00fcphanesi olmayan k\u00f6y okunla k\u00fct\u00fcphane kurup kitaplar\u0131n\u0131 teslim etti. Fakir ve ihtiyac\u0131 olan \u00f6\u011frencilere de k\u0131yafetler da\u011f\u0131t\u0131ld\u0131. \u00d6\u011frenciler, Ba\u015fkale Ayy\u0131ld\u0131z \u0130lk\u00f6\u011fretim Okulu \u00f6\u011fretmenlere te\u015fekk\u00fcr etti.<\/p>\n<p style=\"text-align: justify;\" align=\"justify\">Ba\u015fkale Ayy\u0131ld\u0131z \u0130lk\u00f6\u011fretim Okulu M\u00fcd\u00fcr\u00fc Serdal Y\u0131ld\u0131z, &#8220;Kampanyada toplad\u0131\u011f\u0131m\u0131z kitap ve k\u0131rtasiye malzemelerle okulumuzun ihtiyac\u0131n\u0131 kar\u015f\u0131lad\u0131k. Milli E\u011fitim M\u00fcd\u00fcr\u00fc Adil Demir ile yapt\u0131\u011f\u0131m\u0131z g\u00f6r\u00fc\u015fmeler sonucu ihtiya\u00e7 fazlas\u0131 malzemeleri ise ihtiyac\u0131 olan okullara ve k\u00fct\u00fcphanesi olmayan k\u00f6y okullar\u0131na da\u011f\u0131tmaya karar verdik. Belirledi\u011fimiz 5 k\u00f6y okulundan bir tanesi olan Ekecek k\u00f6y\u00fcne ilk k\u00fct\u00fcphaneyi kurduk, di\u011fer okullar\u0131m\u0131z\u0131n k\u00fct\u00fcphanelerini de kuraca\u011f\u0131z. Bizlere destek veren T\u00fcrk \u00dcniversiteli Kad\u0131nlar Derne\u011fi \u0130stanbul, Antalya ve Gaziantep \u015fubesi yetkililerine te\u015fekk\u00fcr ederim.&#8221;\u00a0<strong><\/strong><\/p>\n<p style=\"text-align: justify;\">Kaynak: <a href=\"http:\/\/www.dikkathaber.com\/\" target=\"_blank\">http:\/\/www.dikkathaber.com<\/a><\/p>\n","protected":false},"excerpt":{"rendered":"<p>Ba\u015fkale Ayy\u0131ld\u0131z \u0130lk\u00f6\u011fretim Okulu y\u00f6netimi taraf\u0131ndan ba\u015flat\u0131lan, K\u00fct\u00fcphanesi Olmayan K\u00f6y Okullar\u0131na K\u00fct\u00fcphane kurulmas\u0131 projesi kapsam\u0131nda okullar\u0131na ba\u011f\u0131\u015flanan kitaplar\u0131 k\u00fct\u00fcphanesi olmayan k\u00f6ylere da\u011f\u0131tt\u0131lar. Ba\u015fkale Ayy\u0131ld\u0131z \u0130lk\u00f6\u011fretim Okulu ve Gaziantep T\u00fcrk \u00dcniversiteli Kad\u0131nlar Derne\u011fi&#8217;nin ortak projesi sonucu toplanan kitaplar ve k\u00fct\u00fcphane malzemeleri Ba\u015fkale Ayy\u0131ld\u0131z \u0130lk\u00f6\u011fretim Okulu&#8217;na ula\u015ft\u0131. Kitaplar ve malzemeler okullara g\u00f6re ayarland\u0131ktan sonra Ba\u015fkale Ayy\u0131ld\u0131z \u0130lk\u00f6\u011fretim [&hellip;]<\/p>\n","protected":false},"author":1,"featured_media":0,"comment_status":"open","ping_status":"open","sticky":false,"template":"","format":"standard","meta":{"footnotes":""},"categories":[1,1498],"tags":[],"class_list":["post-1194","post","type-post","status-publish","format-standard","hentry","category-genel","category-koy-kutuphaneleri"],"_links":{"self":[{"href":"https:\/\/www.bbyhaber.com\/bby\/wp-json\/wp\/v2\/posts\/1194"}],"collection":[{"href":"https:\/\/www.bbyhaber.com\/bby\/wp-json\/wp\/v2\/posts"}],"about":[{"href":"https:\/\/www.bbyhaber.com\/bby\/wp-json\/wp\/v2\/types\/post"}],"author":[{"embeddable":true,"href":"https:\/\/www.bbyhaber.com\/bby\/wp-json\/wp\/v2\/users\/1"}],"replies":[{"embeddable":true,"href":"https:\/\/www.bbyhaber.com\/bby\/wp-json\/wp\/v2\/comments?post=1194"}],"version-history":[{"count":0,"href":"https:\/\/www.bbyhaber.com\/bby\/wp-json\/wp\/v2\/posts\/1194\/revisions"}],"wp:attachment":[{"href":"https:\/\/www.bbyhaber.com\/bby\/wp-json\/wp\/v2\/media?parent=1194"}],"wp:term":[{"taxonomy":"category","embeddable":true,"href":"https:\/\/www.bbyhaber.com\/bby\/wp-json\/wp\/v2\/categories?post=1194"},{"taxonomy":"post_tag","embeddable":true,"href":"https:\/\/www.bbyhaber.com\/bby\/wp-json\/wp\/v2\/tags?post=1194"}],"curies":[{"name":"wp","href":"https:\/\/api.w.org\/{rel}","templated":true}]}}