{"id":11929,"date":"2013-10-04T13:29:28","date_gmt":"2013-10-04T10:29:28","guid":{"rendered":"http:\/\/www.bbyhaber.com\/bby\/?p=11929"},"modified":"2015-09-30T13:05:28","modified_gmt":"2015-09-30T10:05:28","slug":"20132-kpss-tercihlerinde-kurumlar-icin-son-gun","status":"publish","type":"post","link":"https:\/\/www.bbyhaber.com\/bby\/2013\/10\/04\/20132-kpss-tercihlerinde-kurumlar-icin-son-gun","title":{"rendered":"2013\/2 KPSS tercihlerinde, kurumlar i\u00e7in son g\u00fcn"},"content":{"rendered":"<p style=\"text-align: justify;\"><img loading=\"lazy\" decoding=\"async\" class=\"alignleft\" src=\"http:\/\/www.bbyhaber.com\/bby\/wp-content\/uploads\/dosyalar\/kpss\/resimler\/bbykpss.jpg\" alt=\"\" width=\"70\" height=\"70\" \/>Kamu kurumlar\u0131n\u0131n 2013\/2 yerle\u015ftirmesinde kullan\u0131lmak \u00fczere\u00a0Devlet Personel Ba\u015fkanl\u0131\u011f\u0131&#8217;na <strong>kadro bildirim tarihi<\/strong> <span style=\"color: #ff0000;\"><strong>12 A\u011fustos-4 Ekim<\/strong><\/span> olarak yer almaktad\u0131r; yani bug\u00fcn kontenjan talepleri i\u00e7in son g\u00fcn. Daha \u00f6nceki atama d\u00f6nemlerinde <a href=\"http:\/\/www.bbyhaber.com\/bby\/2013\/07\/11\/kpss-tercih-kilavuzundaki-4101-nitelik-koduna-dair-bilgilendirme-ali-fuat-kartal\/\" target=\"_blank\"><span style=\"color: #0000ff;\"><strong>4101 kodu<\/strong><\/span><\/a> ile b\u00f6l\u00fcm\u00fcm\u00fcze ayr\u0131lan kontenjanlar\u0131m\u0131z bo\u015f kalm\u0131\u015f ve meslekta\u015flar\u0131m\u0131z ma\u011fdur edilmi\u015fti.<!--more--> TKD Ba\u015fkan\u0131, ilgili kurumlar\u0131 durum hakk\u0131nda bilgilendirmi\u015f ve sorunun \u00f6n\u00fcm\u00fczdeki atama d\u00f6nemlerinde ortadan kald\u0131r\u0131laca\u011f\u0131n\u0131 <a href=\"http:\/\/www.bbyhaber.com\/bby\/2013\/07\/11\/kpss-tercih-kilavuzundaki-4101-nitelik-koduna-dair-bilgilendirme-ali-fuat-kartal\/\" target=\"_blank\">bildirmi\u015fti<\/a>; kadro talebinde bulunan kurumlar umar\u0131z bir daha hata yapmaz ve kadrolar\u0131m\u0131z\u0131n bo\u015f kalmas\u0131na sebep olmazlar.<\/p>\n<p style=\"text-align: justify;\"><span style=\"color: #0000ff;\"><strong><a title=\"2012 KPSS s\u0131nav sonucuna g\u00f6re BBY puan s\u0131ralamas\u0131n\u0131 kendiniz olu\u015fturmak istermisiniz\" href=\"http:\/\/www.bbyhaber.com\/bby\/2012\/08\/14\/2012-kpss-bby-puan-siralamasi\/\" target=\"_blank\"><span style=\"color: #0000ff;\">2012 KPSS BBY Puan S\u0131ralamas\u0131 i\u00e7in t\u0131klay\u0131n\u0131z.<\/span><\/a><\/strong><\/span><\/p>\n<p style=\"text-align: justify;\"><strong><a href=\"http:\/\/www.bbyhaber.com\/bby\/2013\/07\/04\/2013-1-kpss-atama-sonuclarina-gore-min-max-bilgi-ve-belge-yonetimi-puanlari\/\" target=\"_blank\"><span style=\"color: #0000ff;\">2013\/1 Atanan Max. \u2013 Min. Taban Puanlar\u0131 i\u00e7in t\u0131klay\u0131n\u0131z<\/span><\/a><\/strong><\/p>\n<table width=\"520\" border=\"1\" cellspacing=\"0\" cellpadding=\"0\">\n<tbody>\n<tr>\n<td colspan=\"3\" width=\"600\">\n<p align=\"center\"><strong><span style=\"color: #ff0000;\">2014 KPSS Takvimi<\/span><\/strong><\/p>\n<\/td>\n<\/tr>\n<tr>\n<td valign=\"top\" width=\"202\"><\/td>\n<td width=\"202\">\n<p align=\"center\">Ba\u015fvuru Tarihi<\/p>\n<\/td>\n<td width=\"203\">\n<p align=\"center\">S\u0131nav Tarihi<\/p>\n<\/td>\n<\/tr>\n<tr>\n<td width=\"202\">Kamu Personel Se\u00e7me S\u0131nav\u0131 2014-KPSS Lisans<\/td>\n<td width=\"202\">\n<p align=\"center\">&#8212;-<\/p>\n<\/td>\n<td width=\"202\">\n<p align=\"center\"><strong>05.07.2014 &#8212; 06.07.2014<\/strong><\/p>\n<\/td>\n<\/tr>\n<\/tbody>\n<\/table>\n<table width=\"519\" border=\"1\" cellspacing=\"0\" cellpadding=\"0\">\n<tbody>\n<tr>\n<td colspan=\"3\" valign=\"top\" width=\"600\">\n<p align=\"center\"><span style=\"color: #0000ff;\"><strong>2013 KPSS Yerle\u015ftirme Takvimi<\/strong><\/span><\/p>\n<\/td>\n<\/tr>\n<tr>\n<td valign=\"top\" width=\"198\"><\/td>\n<td valign=\"top\" width=\"201\">\n<p align=\"center\">DPB taraf\u0131ndan kamu kurum ve kurulu\u015flar\u0131ndan yerle\u015ftirme taleplerinin toplanmas\u0131<\/p>\n<\/td>\n<td width=\"208\">\n<p align=\"center\">\u00d6SYM Ba\u015fkanl\u0131\u011f\u0131nca tercihlerin al\u0131nmas\u0131<\/p>\n<\/td>\n<\/tr>\n<tr>\n<td width=\"198\"><del>2013\/1<\/del><\/td>\n<td width=\"201\">\n<p align=\"center\"><del><span style=\"color: #000000;\"><span style=\"color: #000000;\">04 Mart &#8211; 24 May\u0131s 2013<\/span><\/span><\/del><\/p>\n<\/td>\n<td width=\"208\">\n<p align=\"center\"><del><span style=\"color: #000000;\">24 Haziran &#8211; 03 Temmuz 2013<\/span><\/del><\/p>\n<\/td>\n<\/tr>\n<tr>\n<td width=\"198\">2013\/2<\/td>\n<td width=\"201\">\n<p align=\"center\"><strong>12 A\u011fustos &#8211; 04 Ekim 2013<\/strong><\/p>\n<\/td>\n<td width=\"208\">\n<p align=\"center\"><strong>18 Kas\u0131m &#8211; 27 Kas\u0131m 2013<\/strong><\/p>\n<\/td>\n<\/tr>\n<\/tbody>\n<\/table>\n","protected":false},"excerpt":{"rendered":"<p>Kamu kurumlar\u0131n\u0131n 2013\/2 yerle\u015ftirmesinde kullan\u0131lmak \u00fczere\u00a0Devlet Personel Ba\u015fkanl\u0131\u011f\u0131&#8217;na kadro bildirim tarihi 12 A\u011fustos-4 Ekim olarak yer almaktad\u0131r; yani bug\u00fcn kontenjan talepleri i\u00e7in son g\u00fcn. Daha \u00f6nceki atama d\u00f6nemlerinde 4101 kodu ile b\u00f6l\u00fcm\u00fcm\u00fcze ayr\u0131lan kontenjanlar\u0131m\u0131z bo\u015f kalm\u0131\u015f ve meslekta\u015flar\u0131m\u0131z ma\u011fdur edilmi\u015fti.<\/p>\n","protected":false},"author":1,"featured_media":0,"comment_status":"open","ping_status":"open","sticky":false,"template":"","format":"standard","meta":{"footnotes":""},"categories":[31],"tags":[],"class_list":["post-11929","post","type-post","status-publish","format-standard","hentry","category-bbykpss"],"_links":{"self":[{"href":"https:\/\/www.bbyhaber.com\/bby\/wp-json\/wp\/v2\/posts\/11929"}],"collection":[{"href":"https:\/\/www.bbyhaber.com\/bby\/wp-json\/wp\/v2\/posts"}],"about":[{"href":"https:\/\/www.bbyhaber.com\/bby\/wp-json\/wp\/v2\/types\/post"}],"author":[{"embeddable":true,"href":"https:\/\/www.bbyhaber.com\/bby\/wp-json\/wp\/v2\/users\/1"}],"replies":[{"embeddable":true,"href":"https:\/\/www.bbyhaber.com\/bby\/wp-json\/wp\/v2\/comments?post=11929"}],"version-history":[{"count":1,"href":"https:\/\/www.bbyhaber.com\/bby\/wp-json\/wp\/v2\/posts\/11929\/revisions"}],"predecessor-version":[{"id":25003,"href":"https:\/\/www.bbyhaber.com\/bby\/wp-json\/wp\/v2\/posts\/11929\/revisions\/25003"}],"wp:attachment":[{"href":"https:\/\/www.bbyhaber.com\/bby\/wp-json\/wp\/v2\/media?parent=11929"}],"wp:term":[{"taxonomy":"category","embeddable":true,"href":"https:\/\/www.bbyhaber.com\/bby\/wp-json\/wp\/v2\/categories?post=11929"},{"taxonomy":"post_tag","embeddable":true,"href":"https:\/\/www.bbyhaber.com\/bby\/wp-json\/wp\/v2\/tags?post=11929"}],"curies":[{"name":"wp","href":"https:\/\/api.w.org\/{rel}","templated":true}]}}