{"id":11900,"date":"2013-09-30T21:07:58","date_gmt":"2013-09-30T18:07:58","guid":{"rendered":"http:\/\/www.bbyhaber.com\/bby\/?p=11900"},"modified":"2013-09-30T21:08:12","modified_gmt":"2013-09-30T18:08:12","slug":"10-yildir-kapali-olan-kutuphane-acilmayi-bekliyor-samsun","status":"publish","type":"post","link":"https:\/\/www.bbyhaber.com\/bby\/2013\/09\/30\/10-yildir-kapali-olan-kutuphane-acilmayi-bekliyor-samsun","title":{"rendered":"10 y\u0131ld\u0131r kapal\u0131 olan k\u00fct\u00fcphane a\u00e7\u0131lmay\u0131 bekliyor-Samsun"},"content":{"rendered":"<p style=\"text-align: justify;\"><img loading=\"lazy\" decoding=\"async\" class=\"alignleft\" src=\"http:\/\/www.mersinim.net\/images\/haberler\/10_yildir_kapali_olan_kutuphane_acilmayi_bekliyor_h67665.jpg\" alt=\"\" width=\"215\" height=\"104\" \/>Samsun\u2019un Terme il\u00e7esindeki halk k\u00fct\u00fcphanesi, 10 y\u0131ld\u0131r a\u00e7\u0131lmay\u0131 bekliyor. Halk, g\u00f6revli eksikli\u011finden dolay\u0131 kapal\u0131 duran k\u00fct\u00fcphanenin a\u00e7\u0131lmas\u0131n\u0131 istiyor. Kamil K\u0131l\u0131\u00e7 isimli vatanda\u015f, 30 bin n\u00fcfuslu il\u00e7edeki k\u00fct\u00fcphanenin kapal\u0131 olmas\u0131n\u0131 anlayamad\u0131\u011f\u0131n\u0131 s\u00f6yledi. K\u0131l\u0131\u00e7, &#8220;Ben \u00f6\u011frencilik hayat\u0131mda k\u00fct\u00fcphaneye gider, kitaplar\u0131 kar\u0131\u015ft\u0131r\u0131r,<!--more--> ara\u015ft\u0131rmalar\u0131m\u0131z ve \u00f6devlerimizi \u00f6yle yapard\u0131k. Fakat \u015fimdi \u00e7ocuklar\u0131m\u0131z bundan mahrum kalmakta. Bir ara a\u00e7\u0131ld\u0131 fakat 2 y\u0131ld\u0131r kapal\u0131 olan halk k\u00fct\u00fcphanesinin tekrar hizmete a\u00e7\u0131lmas\u0131n\u0131 istiyorum.\u201d dedi.<\/p>\n<p style=\"text-align: justify;\">Terme&#8217;den daha k\u00fc\u00e7\u00fck yerlerde k\u00fct\u00fcphanenin faal oldu\u011funu belirten K\u0131l\u0131\u00e7, \u201cK\u00fct\u00fcphaneler cazip hale getirilmeli, i\u00e7erisine bilgisayarlar konulmal\u0131, farkl\u0131 uygulamalarla \u00f6\u011frencilerimiz kitaplarla bulu\u015fturulmal\u0131.\u201d diye konu\u015ftu.<\/p>\n<p style=\"text-align: justify;\">&#8216;Yeni e\u011fitim d\u00f6neminde belki a\u00e7\u0131lm\u0131\u015ft\u0131r&#8217; diye arkada\u015flar\u0131yla k\u00fct\u00fcphaneye gelen Ramazan Nas, yurtta kalan ve evinde bilgisayar imkan\u0131 olmayanlar i\u00e7in buran\u0131n uygun hale getirilmesini talep etti. Nas, internet kefelere gitmek, har\u00e7l\u0131klar\u0131n\u0131 oralarda harcamak istemediklerini dile getirdi. \u00d6zel \u0130dare binas\u0131ndaki kapal\u0131 k\u00fct\u00fcphanenin, Samsun \u0130l K\u00fclt\u00fcr ve Turizm M\u00fcd\u00fcrl\u00fc\u011f\u00fc&#8217;ne ba\u011fl\u0131 olarak faaliyet g\u00f6sterdi\u011fi bildirildi.<\/p>\n<p style=\"text-align: justify;\">Kaynak: http:\/\/www.mersinim.net\/<\/p>\n<p style=\"text-align: justify;\">\n","protected":false},"excerpt":{"rendered":"<p>Samsun\u2019un Terme il\u00e7esindeki halk k\u00fct\u00fcphanesi, 10 y\u0131ld\u0131r a\u00e7\u0131lmay\u0131 bekliyor. Halk, g\u00f6revli eksikli\u011finden dolay\u0131 kapal\u0131 duran k\u00fct\u00fcphanenin a\u00e7\u0131lmas\u0131n\u0131 istiyor. Kamil K\u0131l\u0131\u00e7 isimli vatanda\u015f, 30 bin n\u00fcfuslu il\u00e7edeki k\u00fct\u00fcphanenin kapal\u0131 olmas\u0131n\u0131 anlayamad\u0131\u011f\u0131n\u0131 s\u00f6yledi. K\u0131l\u0131\u00e7, &#8220;Ben \u00f6\u011frencilik hayat\u0131mda k\u00fct\u00fcphaneye gider, kitaplar\u0131 kar\u0131\u015ft\u0131r\u0131r,<\/p>\n","protected":false},"author":1,"featured_media":0,"comment_status":"open","ping_status":"open","sticky":false,"template":"","format":"standard","meta":{"footnotes":""},"categories":[1,1582],"tags":[],"class_list":["post-11900","post","type-post","status-publish","format-standard","hentry","category-genel","category-kapali-kutuphaneler"],"_links":{"self":[{"href":"https:\/\/www.bbyhaber.com\/bby\/wp-json\/wp\/v2\/posts\/11900"}],"collection":[{"href":"https:\/\/www.bbyhaber.com\/bby\/wp-json\/wp\/v2\/posts"}],"about":[{"href":"https:\/\/www.bbyhaber.com\/bby\/wp-json\/wp\/v2\/types\/post"}],"author":[{"embeddable":true,"href":"https:\/\/www.bbyhaber.com\/bby\/wp-json\/wp\/v2\/users\/1"}],"replies":[{"embeddable":true,"href":"https:\/\/www.bbyhaber.com\/bby\/wp-json\/wp\/v2\/comments?post=11900"}],"version-history":[{"count":0,"href":"https:\/\/www.bbyhaber.com\/bby\/wp-json\/wp\/v2\/posts\/11900\/revisions"}],"wp:attachment":[{"href":"https:\/\/www.bbyhaber.com\/bby\/wp-json\/wp\/v2\/media?parent=11900"}],"wp:term":[{"taxonomy":"category","embeddable":true,"href":"https:\/\/www.bbyhaber.com\/bby\/wp-json\/wp\/v2\/categories?post=11900"},{"taxonomy":"post_tag","embeddable":true,"href":"https:\/\/www.bbyhaber.com\/bby\/wp-json\/wp\/v2\/tags?post=11900"}],"curies":[{"name":"wp","href":"https:\/\/api.w.org\/{rel}","templated":true}]}}