{"id":11862,"date":"2013-09-27T00:44:59","date_gmt":"2013-09-26T21:44:59","guid":{"rendered":"http:\/\/www.bbyhaber.com\/bby\/?p=11862"},"modified":"2013-09-27T00:45:19","modified_gmt":"2013-09-26T21:45:19","slug":"duayen-kutuphaneci-son-yolculuguna-ugurlandi","status":"publish","type":"post","link":"https:\/\/www.bbyhaber.com\/bby\/2013\/09\/27\/duayen-kutuphaneci-son-yolculuguna-ugurlandi","title":{"rendered":"Duayen k\u00fct\u00fcphaneci, son yolculu\u011funa u\u011furland\u0131"},"content":{"rendered":"<p style=\"text-align: justify;\"><img loading=\"lazy\" decoding=\"async\" class=\"alignleft\" src=\"http:\/\/www.stargundem.com\/resimler\/590000\/591301.jpg\" alt=\"\" width=\"300\" height=\"144\" \/>T\u00fcrk k\u00fct\u00fcphanecili\u011finin \u00f6nemli isimlerinden, Milli K\u00fct\u00fcphane eski Ba\u015fkan\u0131 DR. M\u00dcJGAN CUMBUR, ebedi yolculu\u011funa u\u011furland\u0131. Hac\u0131 Bayram-\u0131 Veli Camii&#8217;nde d\u00fczenlenen cenaze t\u00f6renine K\u00fclt\u00fcr ve Turizm Bakan\u0131 \u00d6mer \u00c7elik&#8217;i temsilen M\u00fcste\u015far \u00d6zg\u00fcr \u00d6zaslan, Cumhurba\u015fkanl\u0131\u011f\u0131 Genel Sekreteri Prof. Dr. Mustafa \u0130sen, T\u00fcrk Kad\u0131nlar\u0131 K\u00fclt\u00fcr Derne\u011fi Genel Ba\u015fkan\u0131 Emine Ba\u011fl\u0131, T\u00fcrk K\u00fct\u00fcphaneciler Derne\u011fi Ba\u015fkan\u0131 Ali Fuat Kartal ile Bakanl\u0131k b\u00fcrokratlar\u0131 kat\u0131ld\u0131.<!--more--><\/p>\n<p style=\"text-align: justify;\">K\u00fclt\u00fcr ve Turizm Bakan\u0131 \u00d6mer \u00c7elik&#8217;in Adana program\u0131 nedeniyle cenaze t\u00f6renine kat\u0131lamad\u0131\u011f\u0131n\u0131 bildiren M\u00fcste\u015far \u00d6zg\u00fcr \u00d6zaslan, cenazede yapt\u0131\u011f\u0131 a\u00e7\u0131klamada Bakanl\u0131\u011fa ve k\u00fclt\u00fcr sanat hayat\u0131na \u00f6rnek ya\u015fam tarz\u0131yla \u00f6nemli hizmetler veren duayen k\u00fct\u00fcphanecinin sayg\u0131yla an\u0131laca\u011f\u0131n\u0131 s\u00f6yledi.<\/p>\n<p style=\"text-align: justify;\">Edebiyat, k\u00fclt\u00fcr-sanat gibi pek \u00e7ok alanda, \u00e7ok y\u00f6nl\u00fc eserleri ve \u00e7al\u0131\u015fmalar\u0131 bulunan Cumbur&#8217;un takdire lay\u0131k oldu\u011funu belirten Bakanl\u0131k M\u00fcste\u015far\u0131, &#8220;Baz\u0131 \u015fah\u0131slar vard\u0131r ak\u0131llara kurumlar gelir, baz\u0131 kurumlar vard\u0131r \u015fah\u0131slar akla gelir.&#8221; dedi.<\/p>\n<p style=\"text-align: justify;\">T\u00fcrk edebiyat\u0131n\u0131n \u00f6nemli \u015fahsiyetlerinin tan\u0131t\u0131lmas\u0131nda \u00f6zellikle 1950&#8217;li y\u0131llardan sonra \u00e7ok de\u011ferli emekleri olan e\u011fitimcinin b\u00f6yle bir isim oldu\u011funu belirten \u00d6zaslan, Milli K\u00fct\u00fcphane i\u00e7inde M\u00fcjgan Cumbur ad\u0131na bir salon oldu\u011funu ve bundan sonra da kendisiyle ilgili \u00e7e\u015fitli etkinlikler d\u00fczenleyeceklerini s\u00f6yledi.<\/p>\n<p style=\"text-align: justify;\">Milli k\u00fct\u00fcphanenin kurulu\u015fu ve yeni binas\u0131n\u0131n yap\u0131lmas\u0131nda Cumbur&#8217;un \u00f6nemli hizmetleri oldu\u011funa vurgu yapan T\u00fcrk Kad\u0131nlar\u0131 K\u00fclt\u00fcr Derne\u011fi Genel Ba\u015fkan\u0131 Emine Ba\u011fl\u0131 ise \u00f6\u011frencisi oldu\u011funu belirtti\u011fi M\u00fcjgan Cumbur&#8217;un gerek derneklerinde, gerekse kendi evinde Osmanl\u0131ca kurslar\u0131 veren nadide e\u011fitimcilerden biri oldu\u011funu kaydetti.<\/p>\n<p style=\"text-align: justify;\">DR. M\u00dcJGAN CUMBUR<\/p>\n<p style=\"text-align: justify;\">\u0130stanbul&#8217;da 1926 y\u0131l\u0131nda do\u011fan Dr. M\u00fcjgan Cumbur, Dil Tarih ve Co\u011frafya Fak\u00fcltesi T\u00fcrk Dili ve Edebiyat\u0131 b\u00f6l\u00fcm\u00fcn\u00fc bitirdi. 1952 y\u0131l\u0131nda doktoras\u0131n\u0131 tamamlayarak edebiyat doktoru unvan\u0131n\u0131 alan Cumbur, fak\u00fcltede k\u00fct\u00fcphaneci olarak g\u00f6reve ba\u015flad\u0131.<\/p>\n<p style=\"text-align: justify;\">Milli K\u00fct\u00fcphane&#8217;ye 1954 y\u0131l\u0131nda naklen ge\u00e7erek burada \u00e7e\u015fitli g\u00f6revlerde bulunan e\u011fitimci, 1965 y\u0131l\u0131nda Milli K\u00fct\u00fcphane Genel M\u00fcd\u00fcrl\u00fc\u011f\u00fc g\u00f6revine atand\u0131.<\/p>\n<p style=\"text-align: justify;\">K\u00fclt\u00fcr Bakanl\u0131\u011f\u0131 Bakanl\u0131k M\u00fc\u015favirli\u011fi g\u00f6revine 1978 y\u0131l\u0131nda atanan M\u00fcjgan Cumbur, 1980 ve 1987 y\u0131llar\u0131 aras\u0131nda Milli K\u00fct\u00fcphane Ba\u015fkanl\u0131\u011f\u0131 g\u00f6revinde bulunduktan sonra 11.12.1987 tarihinde kurumdan emekli oldu.<\/p>\n<p style=\"text-align: justify;\">K\u00fct\u00fcphanecilik alan\u0131nda pek \u00e7ok \u00f6\u011frenci yeti\u015ftiren e\u011fitimcinin pek \u00e7ok eseri bulunmakta olup, ayr\u0131ca \u00e7e\u015fitli gazete ve dergilerde yay\u0131nlanm\u0131\u015f makale ve yaz\u0131lar\u0131 mevcut.<\/p>\n<p>Kaynak: http:\/\/www.stargundem.com<\/p>\n","protected":false},"excerpt":{"rendered":"<p>T\u00fcrk k\u00fct\u00fcphanecili\u011finin \u00f6nemli isimlerinden, Milli K\u00fct\u00fcphane eski Ba\u015fkan\u0131 DR. M\u00dcJGAN CUMBUR, ebedi yolculu\u011funa u\u011furland\u0131. Hac\u0131 Bayram-\u0131 Veli Camii&#8217;nde d\u00fczenlenen cenaze t\u00f6renine K\u00fclt\u00fcr ve Turizm Bakan\u0131 \u00d6mer \u00c7elik&#8217;i temsilen M\u00fcste\u015far \u00d6zg\u00fcr \u00d6zaslan, Cumhurba\u015fkanl\u0131\u011f\u0131 Genel Sekreteri Prof. Dr. Mustafa \u0130sen, T\u00fcrk Kad\u0131nlar\u0131 K\u00fclt\u00fcr Derne\u011fi Genel Ba\u015fkan\u0131 Emine Ba\u011fl\u0131, T\u00fcrk K\u00fct\u00fcphaneciler Derne\u011fi Ba\u015fkan\u0131 Ali Fuat Kartal ile Bakanl\u0131k [&hellip;]<\/p>\n","protected":false},"author":1,"featured_media":0,"comment_status":"open","ping_status":"open","sticky":false,"template":"","format":"standard","meta":{"footnotes":""},"categories":[1],"tags":[],"class_list":["post-11862","post","type-post","status-publish","format-standard","hentry","category-genel"],"_links":{"self":[{"href":"https:\/\/www.bbyhaber.com\/bby\/wp-json\/wp\/v2\/posts\/11862"}],"collection":[{"href":"https:\/\/www.bbyhaber.com\/bby\/wp-json\/wp\/v2\/posts"}],"about":[{"href":"https:\/\/www.bbyhaber.com\/bby\/wp-json\/wp\/v2\/types\/post"}],"author":[{"embeddable":true,"href":"https:\/\/www.bbyhaber.com\/bby\/wp-json\/wp\/v2\/users\/1"}],"replies":[{"embeddable":true,"href":"https:\/\/www.bbyhaber.com\/bby\/wp-json\/wp\/v2\/comments?post=11862"}],"version-history":[{"count":0,"href":"https:\/\/www.bbyhaber.com\/bby\/wp-json\/wp\/v2\/posts\/11862\/revisions"}],"wp:attachment":[{"href":"https:\/\/www.bbyhaber.com\/bby\/wp-json\/wp\/v2\/media?parent=11862"}],"wp:term":[{"taxonomy":"category","embeddable":true,"href":"https:\/\/www.bbyhaber.com\/bby\/wp-json\/wp\/v2\/categories?post=11862"},{"taxonomy":"post_tag","embeddable":true,"href":"https:\/\/www.bbyhaber.com\/bby\/wp-json\/wp\/v2\/tags?post=11862"}],"curies":[{"name":"wp","href":"https:\/\/api.w.org\/{rel}","templated":true}]}}