{"id":1186,"date":"2011-11-18T14:22:47","date_gmt":"2011-11-18T14:22:47","guid":{"rendered":"http:\/\/www.bbyhaber.com\/bby\/?p=1186"},"modified":"2012-09-07T17:55:44","modified_gmt":"2012-09-07T14:55:44","slug":"igdirda-turkiye-okuyor-kampanyasina-destek","status":"publish","type":"post","link":"https:\/\/www.bbyhaber.com\/bby\/2011\/11\/18\/igdirda-turkiye-okuyor-kampanyasina-destek","title":{"rendered":"I\u011fd\u0131r&#8217;da &#8220;T\u00fcrkiye Okuyor&#8221; Kampanyas\u0131na Destek"},"content":{"rendered":"<p style=\"text-align: justify;\">I\u011fd\u0131r&#8217;da y\u00fcr\u00fct\u00fclen &#8220;T\u00fcrkiye Okuyor&#8221; kampanyas\u0131na destek i\u00e7in okul k\u00fct\u00fcphanesine kitap ba\u011f\u0131\u015f\u0131 yap\u0131ld\u0131. Vali Amir \u00c7i\u00e7ek&#8217;in e\u015fi H\u00fclya \u00c7i\u00e7ek ile T\u00fcrk Kad\u0131nlar Birli\u011fi Derne\u011fi Ba\u015fkan\u0131 Sabiha Sever taraf\u0131ndan y\u00fcr\u00fct\u00fclen kampanya kapsam\u0131nda, 125. Y\u0131l Anadolu Lisesi k\u00fct\u00fcphanesine kitap deste\u011finde bulunuldu. Okul k\u00fct\u00fcphanesini gezen \u00c7i\u00e7ek, burada yapt\u0131\u011f\u0131 konu\u015fmada, okulun k\u00fct\u00fcphanesinde kitab\u0131n az oldu\u011funu belirterek, kampanya sayesinde okul k\u00fct\u00fcphanesinin kitaba kavu\u015ftu\u011funu s\u00f6yledi.<!--more--><\/p>\n<p style=\"text-align: justify;\">\u00a0\u00c7ocuklar\u0131n art\u0131k \u00f6devlerini k\u00fct\u00fcphanelerde haz\u0131rlayabilece\u011fini ifade eden \u00c7i\u00e7ek, &#8220;\u0130nternet ortam\u0131ndan \u00f6dev \u00e7\u0131karmas\u0131n. K\u00fct\u00fcphane ortam\u0131 ba\u015fka bir \u015feydir. B\u00fct\u00fcn \u00f6\u011frencilerin k\u00fct\u00fcphanelerden faydalanmas\u0131n\u0131 sa\u011flayaca\u011f\u0131z. Kitap kampanyam\u0131z sadece bu okulumuzda de\u011fil, b\u00fct\u00fcn okullarda devam edecektir&#8221; dedi. Okul M\u00fcd\u00fcr\u00fc Mehmet \u015eent\u00fcrk de k\u00fct\u00fcphaneyi \u00e7ok ama\u00e7l\u0131 kullanacaklar\u0131n\u0131 belirterek, &#8220;K\u00fct\u00fcphanemizden hafta sonlar\u0131 da \u00e7evrede oturan vatanda\u015flar\u0131m\u0131z da faydalanacak. Amac\u0131m\u0131z, toplumun her kesimine okuma al\u0131\u015fkanl\u0131\u011f\u0131n\u0131n kazand\u0131r\u0131lmas\u0131 ve bu al\u0131\u015fkanl\u0131\u011f\u0131n geli\u015ftirilmesini sa\u011flamakt\u0131r&#8221; diye konu\u015ftu.<\/p>\n<p>Kaynak: http:\/\/www.haberler.com\/<\/p>\n","protected":false},"excerpt":{"rendered":"<p>I\u011fd\u0131r&#8217;da y\u00fcr\u00fct\u00fclen &#8220;T\u00fcrkiye Okuyor&#8221; kampanyas\u0131na destek i\u00e7in okul k\u00fct\u00fcphanesine kitap ba\u011f\u0131\u015f\u0131 yap\u0131ld\u0131. Vali Amir \u00c7i\u00e7ek&#8217;in e\u015fi H\u00fclya \u00c7i\u00e7ek ile T\u00fcrk Kad\u0131nlar Birli\u011fi Derne\u011fi Ba\u015fkan\u0131 Sabiha Sever taraf\u0131ndan y\u00fcr\u00fct\u00fclen kampanya kapsam\u0131nda, 125. Y\u0131l Anadolu Lisesi k\u00fct\u00fcphanesine kitap deste\u011finde bulunuldu. Okul k\u00fct\u00fcphanesini gezen \u00c7i\u00e7ek, burada yapt\u0131\u011f\u0131 konu\u015fmada, okulun k\u00fct\u00fcphanesinde kitab\u0131n az oldu\u011funu belirterek, kampanya sayesinde okul k\u00fct\u00fcphanesinin [&hellip;]<\/p>\n","protected":false},"author":1,"featured_media":0,"comment_status":"open","ping_status":"open","sticky":false,"template":"","format":"standard","meta":{"footnotes":""},"categories":[],"tags":[845,154],"class_list":["post-1186","post","type-post","status-publish","format-standard","hentry","tag-okul-kutuphaneleri","tag-turkiye-okuyor"],"_links":{"self":[{"href":"https:\/\/www.bbyhaber.com\/bby\/wp-json\/wp\/v2\/posts\/1186"}],"collection":[{"href":"https:\/\/www.bbyhaber.com\/bby\/wp-json\/wp\/v2\/posts"}],"about":[{"href":"https:\/\/www.bbyhaber.com\/bby\/wp-json\/wp\/v2\/types\/post"}],"author":[{"embeddable":true,"href":"https:\/\/www.bbyhaber.com\/bby\/wp-json\/wp\/v2\/users\/1"}],"replies":[{"embeddable":true,"href":"https:\/\/www.bbyhaber.com\/bby\/wp-json\/wp\/v2\/comments?post=1186"}],"version-history":[{"count":0,"href":"https:\/\/www.bbyhaber.com\/bby\/wp-json\/wp\/v2\/posts\/1186\/revisions"}],"wp:attachment":[{"href":"https:\/\/www.bbyhaber.com\/bby\/wp-json\/wp\/v2\/media?parent=1186"}],"wp:term":[{"taxonomy":"category","embeddable":true,"href":"https:\/\/www.bbyhaber.com\/bby\/wp-json\/wp\/v2\/categories?post=1186"},{"taxonomy":"post_tag","embeddable":true,"href":"https:\/\/www.bbyhaber.com\/bby\/wp-json\/wp\/v2\/tags?post=1186"}],"curies":[{"name":"wp","href":"https:\/\/api.w.org\/{rel}","templated":true}]}}