{"id":11859,"date":"2013-09-26T11:35:50","date_gmt":"2013-09-26T08:35:50","guid":{"rendered":"http:\/\/www.bbyhaber.com\/bby\/?p=11859"},"modified":"2013-09-26T11:36:01","modified_gmt":"2013-09-26T08:36:01","slug":"kutuphanenin-kapatilmasina-tepki-bandirma","status":"publish","type":"post","link":"https:\/\/www.bbyhaber.com\/bby\/2013\/09\/26\/kutuphanenin-kapatilmasina-tepki-bandirma","title":{"rendered":"K\u00fct\u00fcphanenin kapat\u0131lmas\u0131na tepki-Band\u0131rma"},"content":{"rendered":"<p style=\"text-align: justify;\"><img loading=\"lazy\" decoding=\"async\" class=\"alignleft\" src=\"http:\/\/ilkhabergazetesi.tv\/wordpress\/wp-content\/uploads\/2013\/09\/ktphn.jpg\" alt=\"\" width=\"202\" height=\"121\" \/>Band\u0131rma \u0130l\u00e7e Kaymakaml\u0131\u011f\u0131, il\u00e7e halk k\u00fct\u00fcphanesinde g\u00f6revli bir memuru t\u00fcketici hakem heyetine komisyonunda g\u00f6revlendirildi. Bu geli\u015fmelerden sonra personel say\u0131s\u0131n\u0131n yetersiz oldu\u011funu gerek\u00e7e g\u00f6steren Band\u0131rma \u0130l\u00e7e Halk K\u00fct\u00fcphanesi M\u00fcd\u00fcrl\u00fc\u011f\u00fc Pazartesi g\u00fcnleri k\u00fct\u00fcphanenin kapat\u0131lmas\u0131na karar verdi. Band\u0131rma \u0130l\u00e7e Halk K\u00fct\u00fcphanesi\u2019nin pazartesi g\u00fcnleri kapat\u0131lmas\u0131na siyasi partilerin il\u00e7e ba\u015fkanlar\u0131ndan tepki geldi.<!--more--><\/p>\n<p style=\"text-align: justify;\">CHP Band\u0131rma \u0130l\u00e7e Ba\u015fkan\u0131 Atilla Atakay, kitaplar\u0131n okurlar\u0131n eline ge\u00e7mesini engelleyen hi\u00e7bir neden ve bahaneyi kabul etmediklerini s\u00f6yledi. Okullar\u0131n a\u00e7\u0131ld\u0131\u011f\u0131 \u015fu g\u00fcnlerde k\u00fct\u00fcphane ortam\u0131na ve kitaplara \u00f6\u011frencilerin ihtiya\u00e7lar\u0131n\u0131n oldu\u011funun alt\u0131n\u0131 \u00e7izen Atakay, Band\u0131rma \u0130l\u00e7e Halk K\u00fct\u00fcphanesi\u2019nin Pazartesi g\u00fcnleri de a\u00e7\u0131k tutulmas\u0131 gerekti\u011fini dile getirdi.<\/p>\n<p style=\"text-align: justify;\">Atakay, \u201cBand\u0131rma Halk K\u00fct\u00fcphanesinde kitap say\u0131s\u0131ndaki yetersizlik bir kenarda dururken personel yetersizli\u011fi gerek\u00e7e g\u00f6sterilerek k\u00fct\u00fcphanenin pazartesi g\u00fcnleri kapat\u0131lmas\u0131 yurtta\u015flar\u0131m\u0131z\u0131n bilgi almas\u0131na ve kitaba vurulan prangad\u0131r. K\u00fclt\u00fcr ve Turizm Bakanl\u0131\u011f\u0131 harekete ge\u00e7erek k\u00fct\u00fcphaneye gerekli personel atamas\u0131n\u0131 yaparak k\u00fct\u00fcphanenin yeniden s\u00fcrekli a\u00e7\u0131k hale getirmelidir. Zincirli K\u00fct\u00fcphane olmaz. Muas\u0131r medeniyetler seviyesine ge\u00e7meyi hedefleyen bir \u00fclkeye k\u00fct\u00fcphanenin kapal\u0131 tutulmas\u0131 yak\u0131\u015fmamaktad\u0131r \u201d dedi.<\/p>\n<p>Kaynak:http:\/\/ilkhabergazetesi.tv<\/p>\n","protected":false},"excerpt":{"rendered":"<p>Band\u0131rma \u0130l\u00e7e Kaymakaml\u0131\u011f\u0131, il\u00e7e halk k\u00fct\u00fcphanesinde g\u00f6revli bir memuru t\u00fcketici hakem heyetine komisyonunda g\u00f6revlendirildi. Bu geli\u015fmelerden sonra personel say\u0131s\u0131n\u0131n yetersiz oldu\u011funu gerek\u00e7e g\u00f6steren Band\u0131rma \u0130l\u00e7e Halk K\u00fct\u00fcphanesi M\u00fcd\u00fcrl\u00fc\u011f\u00fc Pazartesi g\u00fcnleri k\u00fct\u00fcphanenin kapat\u0131lmas\u0131na karar verdi. Band\u0131rma \u0130l\u00e7e Halk K\u00fct\u00fcphanesi\u2019nin pazartesi g\u00fcnleri kapat\u0131lmas\u0131na siyasi partilerin il\u00e7e ba\u015fkanlar\u0131ndan tepki geldi.<\/p>\n","protected":false},"author":1,"featured_media":0,"comment_status":"open","ping_status":"open","sticky":false,"template":"","format":"standard","meta":{"footnotes":""},"categories":[1,1582],"tags":[],"class_list":["post-11859","post","type-post","status-publish","format-standard","hentry","category-genel","category-kapali-kutuphaneler"],"_links":{"self":[{"href":"https:\/\/www.bbyhaber.com\/bby\/wp-json\/wp\/v2\/posts\/11859"}],"collection":[{"href":"https:\/\/www.bbyhaber.com\/bby\/wp-json\/wp\/v2\/posts"}],"about":[{"href":"https:\/\/www.bbyhaber.com\/bby\/wp-json\/wp\/v2\/types\/post"}],"author":[{"embeddable":true,"href":"https:\/\/www.bbyhaber.com\/bby\/wp-json\/wp\/v2\/users\/1"}],"replies":[{"embeddable":true,"href":"https:\/\/www.bbyhaber.com\/bby\/wp-json\/wp\/v2\/comments?post=11859"}],"version-history":[{"count":0,"href":"https:\/\/www.bbyhaber.com\/bby\/wp-json\/wp\/v2\/posts\/11859\/revisions"}],"wp:attachment":[{"href":"https:\/\/www.bbyhaber.com\/bby\/wp-json\/wp\/v2\/media?parent=11859"}],"wp:term":[{"taxonomy":"category","embeddable":true,"href":"https:\/\/www.bbyhaber.com\/bby\/wp-json\/wp\/v2\/categories?post=11859"},{"taxonomy":"post_tag","embeddable":true,"href":"https:\/\/www.bbyhaber.com\/bby\/wp-json\/wp\/v2\/tags?post=11859"}],"curies":[{"name":"wp","href":"https:\/\/api.w.org\/{rel}","templated":true}]}}