{"id":11840,"date":"2013-09-23T12:52:03","date_gmt":"2013-09-23T09:52:03","guid":{"rendered":"http:\/\/www.bbyhaber.com\/bby\/?p=11840"},"modified":"2013-09-23T12:59:11","modified_gmt":"2013-09-23T09:59:11","slug":"halk-kutuphanesi-halka-kapali-izmir","status":"publish","type":"post","link":"https:\/\/www.bbyhaber.com\/bby\/2013\/09\/23\/halk-kutuphanesi-halka-kapali-izmir","title":{"rendered":"Halk k\u00fct\u00fcphanesi halka kapal\u0131!-\u0130zmir"},"content":{"rendered":"<p style=\"text-align: justify;\"><img loading=\"lazy\" decoding=\"async\" class=\"alignleft\" src=\"http:\/\/www.yerelgundem.com\/uploads\/haberler\/2013\/09\/23\/8fe0279_o.jpg\" alt=\"\" width=\"256\" height=\"141\" \/>CHP \u0130zmir Milletvekili Birg\u00fcl Ayman G\u00fcler yar\u0131m asra yak\u0131n tarihli k\u00fct\u00fcphaneye ev sahipli\u011fi yapan, nam\u0131 \u0130zmir\u2019in \u00e7ok uzaklar\u0131na ula\u015fan Urla\u2019n\u0131n Bademler K\u00f6y\u00fc\u2019n\u00fc ziyaret etti. G\u00fcler\u2019e ziyaretinde CHP Urla \u0130l\u00e7e Ba\u015fkan\u0131 Yusuf Baratal\u0131 ve gazeteci\/yazar Recai Seyho\u011flu e\u015flik etti. Bademler K\u00f6y\u00fc\u2019nde ev, esnaf ve kahvehane ziyaretleri ile yurtta\u015flarla bir araya gelen G\u00fcler, sorunlar\u0131 dinledi yerinde incelemelerde bulundu. <!--more-->Bademler K\u00f6y\u00fc K\u00fct\u00fcphanesi 10 bine yak\u0131n kitap ile okuyucular\u0131na hizmet vermeye \u00e7al\u0131\u015f\u0131yor. K\u00fct\u00fcphane memurunun emekli olmas\u0131 nedeni ile yakla\u015f\u0131k bir y\u0131la yak\u0131n zamand\u0131r kapal\u0131 durumda olan k\u00fct\u00fcphanenin kap\u0131s\u0131na zincir vurulmu\u015f durumda. Bademler K\u00f6y\u00fc ziyaretinde, zincir vurulan k\u00fct\u00fcphane kap\u0131s\u0131n\u0131 inceleyen G\u00fcler g\u00f6rd\u00fc\u011f\u00fc manzara kar\u015f\u0131s\u0131nda \u015fa\u015fk\u0131na d\u00f6nd\u00fc\u011f\u00fcn\u00fc s\u00f6yledi. H\u00fck\u00fcmeti sert bir dille ele\u015ftiren G\u00fcler, \u201cKap\u0131s\u0131na zincirle kilit vurulmu\u015f bir k\u00fct\u00fcphane ancak AKP iktidar\u0131na yak\u0131\u015f\u0131r. Bir k\u00fct\u00fcphaneyi kapatmak ne personel eksikli\u011fi ile ne de tadilat bahanesi ile a\u00e7\u0131klanabilir. \u00c7al\u0131\u015fan memurun emekliye ayr\u0131lmas\u0131yla aylard\u0131r kapal\u0131 duran Bademler Halk K\u00fct\u00fcphanesi&#8217;ne ge\u00e7ti\u011fimiz g\u00fcnlerde Urla \u0130l\u00e7e Halk K\u00fct\u00fcphanesi&#8217;nden\u00a0 birisi geldiyse de,\u00a0 k\u00fct\u00fcphane ancak bir hafta a\u00e7\u0131k kalabildi\u201d dedi.<\/p>\n<p style=\"text-align: justify;\">\u201cZincirli k\u00fct\u00fcphane olmaz!\u201d<\/p>\n<p style=\"text-align: justify;\">K\u00fct\u00fcphanelerin, K\u00fclt\u00fcr ve Turizm Bakanl\u0131\u011f\u0131\u2019n\u0131n sorumlulu\u011funda oldu\u011funu hat\u0131rlatan G\u00fcler, \u201c 10 y\u0131ll\u0131k AKP iktidar\u0131nda k\u00fct\u00fcphaneler s\u00fcrekli olarak azald\u0131. 76 milyon n\u00fcfuslu \u00fclkemizde toplam 1069 k\u00fct\u00fcphane var. Kom\u015fular\u0131m\u0131zla bu say\u0131y\u0131 k\u0131yaslad\u0131\u011f\u0131m\u0131zda ortaya \u00e7\u0131kan sonu\u00e7lar i\u00e7 ac\u0131t\u0131c\u0131. 10 milyon n\u00fcfusa sahip Bulgaristan&#8217;da 5 bin halk k\u00fct\u00fcphanesi var. K\u00fct\u00fcphane say\u0131m\u0131z\u0131n azl\u0131\u011f\u0131ndan dolay\u0131 k\u00fct\u00fcphaneci say\u0131m\u0131z da dolay\u0131s\u0131yla \u00e7ok az. K\u00fct\u00fcphanecili\u011fe, bilgi ve belge y\u00f6netimi mezunu olanlar\u0131n istihdam edilmesi de bu vesile ile pek m\u00fcmk\u00fcn olmuyor. K\u00fct\u00fcphanelerimizdeki kitap yetersizli\u011fi bir yerde dururken AKP iktidar\u0131 taraf\u0131ndan var olan k\u00fct\u00fcphanelerimizin de kap\u0131s\u0131na kilit vurulmaya \u00e7al\u0131\u015f\u0131l\u0131yor. E\u011fitim dinselle\u015ftirilmeye \u00e7al\u0131\u015f\u0131ld\u0131\u011f\u0131 bir d\u00f6nemde k\u00fct\u00fcphanelerin kapat\u0131lmas\u0131 ya da kapal\u0131 tutulmas\u0131 manidar! K\u00fct\u00fcphanelerin kapal\u0131 olmas\u0131 yurtta\u015flar\u0131m\u0131z\u0131n bilgi almas\u0131na ve kitaba vurulan prangad\u0131r. K\u00fclt\u00fcr ve Turizm Bakanl\u0131\u011f\u0131 derhal harekete ge\u00e7erek Bademler K\u00f6y\u00fc K\u00fct\u00fcphanesi\u2019ni yeniden s\u00fcrekli a\u00e7\u0131k hale getirmelidir. Zincirli K\u00fct\u00fcphane olmaz\u201d dedi.<\/p>\n<p style=\"text-align: justify;\">\u201cKiraz, Karaburun ve Dikili \u0130l\u00e7e Halk K\u00fct\u00fcphaneleri de kapal\u0131\u201d<\/p>\n<p style=\"text-align: justify;\">K\u00fct\u00fcphanelerin kapal\u0131 olmas\u0131n\u0131 durumu muas\u0131r medeniyetler seviyesini ge\u00e7meyi kendine \u00fclk\u00fc edinmi\u015f bir \u00fclkeye yak\u0131\u015fmad\u0131\u011f\u0131n\u0131 s\u00f6yleyen G\u00fcler, \u201cPersonel yetersizli\u011fi nedeniyle Kiraz, Karaburun ve Dikili \u0130l\u00e7e Halk K\u00fct\u00fcphaneleri de kapal\u0131. Bademler&#8217;deki k\u00fct\u00fcphanede tadilat yap\u0131lacaksa, zaman kaybedilmeden yap\u0131lmal\u0131d\u0131r. Tadilat esnas\u0131nda da k\u00fct\u00fcphanenin i\u015fler halde olmas\u0131 da m\u00fcmk\u00fcn mertebe sa\u011flanmal\u0131d\u0131r. Kitaplar\u0131n okurlar\u0131n eline ge\u00e7mesini engelleyen hi\u00e7bir neden ve bahaneyi kabul etmiyorum. Okullar\u0131n a\u00e7\u0131ld\u0131\u011f\u0131 bu g\u00fcnlerde k\u00fct\u00fcphane ortam\u0131na ve kitaplara \u00f6\u011frencilerimizin ne kadar ihtiyac\u0131 oldu\u011fu ortada\u201d dedi.<\/p>\n<p style=\"text-align: justify;\">CHP\u2019li G\u00fcler Bademli ziyaretinde arkeolog Musa Baran taraf\u0131ndan a\u00e7\u0131lan, T\u00fcrkiye\u2019nin ilk oyuncak m\u00fczesini de gezdi. G\u00fcler ziyaretleri aras\u0131nda G\u00fcmr\u00fck ve Tekel Eski Bakanlar\u0131ndan Mahmut T\u00fcrkmeno\u011flu\u2019nun mezar\u0131 da yer ald\u0131.<\/p>\n<p style=\"text-align: justify;\">Kaynak: http:\/\/www.yerelgundem.com\/<\/p>\n","protected":false},"excerpt":{"rendered":"<p>CHP \u0130zmir Milletvekili Birg\u00fcl Ayman G\u00fcler yar\u0131m asra yak\u0131n tarihli k\u00fct\u00fcphaneye ev sahipli\u011fi yapan, nam\u0131 \u0130zmir\u2019in \u00e7ok uzaklar\u0131na ula\u015fan Urla\u2019n\u0131n Bademler K\u00f6y\u00fc\u2019n\u00fc ziyaret etti. G\u00fcler\u2019e ziyaretinde CHP Urla \u0130l\u00e7e Ba\u015fkan\u0131 Yusuf Baratal\u0131 ve gazeteci\/yazar Recai Seyho\u011flu e\u015flik etti. Bademler K\u00f6y\u00fc\u2019nde ev, esnaf ve kahvehane ziyaretleri ile yurtta\u015flarla bir araya gelen G\u00fcler, sorunlar\u0131 dinledi yerinde incelemelerde [&hellip;]<\/p>\n","protected":false},"author":1,"featured_media":0,"comment_status":"open","ping_status":"open","sticky":false,"template":"","format":"standard","meta":{"footnotes":""},"categories":[1,1582],"tags":[],"class_list":["post-11840","post","type-post","status-publish","format-standard","hentry","category-genel","category-kapali-kutuphaneler"],"_links":{"self":[{"href":"https:\/\/www.bbyhaber.com\/bby\/wp-json\/wp\/v2\/posts\/11840"}],"collection":[{"href":"https:\/\/www.bbyhaber.com\/bby\/wp-json\/wp\/v2\/posts"}],"about":[{"href":"https:\/\/www.bbyhaber.com\/bby\/wp-json\/wp\/v2\/types\/post"}],"author":[{"embeddable":true,"href":"https:\/\/www.bbyhaber.com\/bby\/wp-json\/wp\/v2\/users\/1"}],"replies":[{"embeddable":true,"href":"https:\/\/www.bbyhaber.com\/bby\/wp-json\/wp\/v2\/comments?post=11840"}],"version-history":[{"count":0,"href":"https:\/\/www.bbyhaber.com\/bby\/wp-json\/wp\/v2\/posts\/11840\/revisions"}],"wp:attachment":[{"href":"https:\/\/www.bbyhaber.com\/bby\/wp-json\/wp\/v2\/media?parent=11840"}],"wp:term":[{"taxonomy":"category","embeddable":true,"href":"https:\/\/www.bbyhaber.com\/bby\/wp-json\/wp\/v2\/categories?post=11840"},{"taxonomy":"post_tag","embeddable":true,"href":"https:\/\/www.bbyhaber.com\/bby\/wp-json\/wp\/v2\/tags?post=11840"}],"curies":[{"name":"wp","href":"https:\/\/api.w.org\/{rel}","templated":true}]}}