{"id":11836,"date":"2013-09-23T11:07:59","date_gmt":"2013-09-23T08:07:59","guid":{"rendered":"http:\/\/www.bbyhaber.com\/bby\/?p=11836"},"modified":"2013-11-23T14:41:11","modified_gmt":"2013-11-23T12:41:11","slug":"tubitak-ulakbim-dergipark-projesi","status":"publish","type":"post","link":"https:\/\/www.bbyhaber.com\/bby\/2013\/09\/23\/tubitak-ulakbim-dergipark-projesi","title":{"rendered":"T\u00dcB\u0130TAK ULAKBiM DergiPark Projesi"},"content":{"rendered":"<p style=\"text-align: justify;\"><a href=\"http:\/\/www.bbyhaber.com\/bby\/wp-content\/uploads\/2013\/09\/tubitak-openaccess.jpg\"><img loading=\"lazy\" decoding=\"async\" class=\"alignleft size-medium wp-image-11838\" title=\"tubitak-openaccess\" src=\"http:\/\/www.bbyhaber.com\/bby\/wp-content\/uploads\/2013\/09\/tubitak-openaccess.jpg\" alt=\"\" width=\"238\" height=\"95\" \/><\/a>T\u00dcB\u0130TAK Ulusal Akademik A\u011f ve Bilgi Merkezi (ULAKBiM) b\u00fcnyesinde, <strong>Eyl\u00fcl 2013<\/strong> tarihi itibariyle T\u00fcrkiye&#8217;de yay\u0131mlanan akademik dergiler i\u00e7in yeni bir hizmet ba\u015flatm\u0131\u015ft\u0131r. <strong>DergiPark Projesi<\/strong> ad\u0131 alt\u0131nda y\u00fcr\u00fct\u00fclecek bu \u00e7al\u0131\u015fma ile ulusal akademik dergilerin elektronik ortamda yay\u0131mlanmas\u0131 i\u00e7in uluslararas\u0131 kullan\u0131m\u0131 olan, bar\u0131nd\u0131rma ve s\u00fcre\u00e7 y\u00f6netimi hizmeti sunulacakt\u0131r. B\u00f6ylece dergilerin merkezi bir y\u00f6netim sistemi \u00fczerinden, uluslararas\u0131 standartlarda eri\u015fime a\u00e7\u0131lmas\u0131 sa\u011flanacakt\u0131r.<!--more--><\/p>\n<p style=\"text-align: justify;\">T\u00dcB\u0130TAK ULAKB\u0130M taraf\u0131ndan, her t\u00fcrl\u00fc teknik altyap\u0131 ve deste\u011fin \u00fccretsiz ve kesintisiz olarak sunulaca\u011f\u0131 bu hizmet ile akademik dergilerimiz hem kaliteli bir yay\u0131n ya\u015fam\u0131na kavu\u015facak hem de kolayla\u015fan dizinleme \u00e7al\u0131\u015fmalar\u0131yla uluslararas\u0131 ortamlarda ula\u015f\u0131labilir olacakt\u0131r.<\/p>\n<p style=\"text-align: justify;\"><strong>A\u00e7\u0131k Dergi Sistemleri<\/strong>, dergi y\u00f6netimi i\u00e7in harcanacak zaman\u0131 ve enerjiyi azalt\u0131p, daha kaliteli bir edit\u00f6ryal s\u00fcrecin ger\u00e7ekle\u015ftirilmesine imkan veren bir yap\u0131 ile dergilerin elektronik ortamda y\u00f6netilmesine arac\u0131l\u0131k etmektedir. Dergiler i\u00e7in bu sistemde yer almak, dergi kalitesini y\u00fckseltmek a\u00e7\u0131s\u0131ndan \u00e7ok \u00f6nemlidir.<\/p>\n<p style=\"text-align: justify;\">\u00dclkemizde g\u00f6n\u00fcll\u00fcl\u00fck esas\u0131na dayanan dergi yay\u0131mlama \u00e7al\u0131\u015fmalar\u0131nda, personel ve b\u00fct\u00e7e yetersizli\u011fi y\u00fcz\u00fcnden pek \u00e7ok sorun ya\u015fanmaktad\u0131r. Ayr\u0131ca teknik altyap\u0131 eksikli\u011fi y\u00fcz\u00fcnden g\u00fcncellemelerin ve geli\u015fmelerin h\u0131zl\u0131 takip edilememesi de s\u00f6z konusudur. Bu sebeplerle yay\u0131mlanan dergilerin hedeflenen kullan\u0131c\u0131ya eri\u015fimi de dar alanlarla s\u0131n\u0131rl\u0131 kalmaktad\u0131r.<\/p>\n<p style=\"text-align: justify;\">T\u00dcB\u0130TAK ULAKB\u0130M, akademik dergilerinin yay\u0131mlanmas\u0131 i\u00e7in g\u00f6n\u00fcll\u00fcl\u00fckle y\u00fcr\u00fct\u00fclen bu \u00e7abalara uluslararas\u0131\u0131 standartlarda, <strong>a\u00e7\u0131k eri\u015fim<\/strong> sistemlerinde dizinlenmeye imkan veren yaz\u0131l\u0131mlar kullanarak, g\u00fcncelleme, yedekleme, vb. konular\u0131nda teknik destek, sistemin kullan\u0131lmas\u0131 ile ilgili e\u011fitim ve rehberlik hizmetlerini \u00fccretsiz olarak sunacakt\u0131r.<\/p>\n<p style=\"text-align: justify;\">Ama\u00e7, T\u00fcrkiye&#8217;de kaliteli dergi yay\u0131mc\u0131l\u0131\u011f\u0131n\u0131n geli\u015fmesine katk\u0131da bulunmak ve standartlara uygun uluslararas\u0131 bir sistemin yayg\u0131n ve ileri d\u00fczeyde kullan\u0131m\u0131n\u0131 sa\u011flamakt\u0131r.<\/p>\n<p style=\"text-align: justify;\">Projenin, 100 (y\u00fcz) adet dergiyle \u00e7al\u0131\u015fmalara ba\u015flamas\u0131, k\u0131sa s\u00fcre i\u00e7erisinde T\u00fcrkiye&#8217;deki t\u00fcm akademik dergileri kapsayacak \u015fekilde geni\u015fletilmesi planlanm\u0131\u015ft\u0131r.<\/p>\n<p style=\"text-align: justify;\">DergiPark Projesi&#8217;nde T\u00fcrk K\u00fct\u00fcphanecili\u011fi Dergisi&#8217;nin de yer\u00a0 almas\u0131 amac\u0131yla T\u00dcB\u0130TAK ULAKB\u0130M, T\u00fcrk K\u00fct\u00fcphanecili\u011fi Dergisi Edit\u00f6rl\u00fc\u011f\u00fc&#8217;ne bir davet yaz\u0131s\u0131 g\u00f6ndermi\u015ftir.<\/p>\n<p style=\"text-align: justify;\"><a href=\"http:\/\/dergipark.ulakbim.gov.tr\/\" target=\"_blank\">T\u00dcB\u0130TAK ULAKB\u0130M DergiPark sitesi i\u00e7in t\u0131klay\u0131n\u0131z<\/a><\/p>\n","protected":false},"excerpt":{"rendered":"<p>T\u00dcB\u0130TAK Ulusal Akademik A\u011f ve Bilgi Merkezi (ULAKBiM) b\u00fcnyesinde, Eyl\u00fcl 2013 tarihi itibariyle T\u00fcrkiye&#8217;de yay\u0131mlanan akademik dergiler i\u00e7in yeni bir hizmet ba\u015flatm\u0131\u015ft\u0131r. DergiPark Projesi ad\u0131 alt\u0131nda y\u00fcr\u00fct\u00fclecek bu \u00e7al\u0131\u015fma ile ulusal akademik dergilerin elektronik ortamda yay\u0131mlanmas\u0131 i\u00e7in uluslararas\u0131 kullan\u0131m\u0131 olan, bar\u0131nd\u0131rma ve s\u00fcre\u00e7 y\u00f6netimi hizmeti sunulacakt\u0131r. B\u00f6ylece dergilerin merkezi bir y\u00f6netim sistemi \u00fczerinden, uluslararas\u0131 standartlarda [&hellip;]<\/p>\n","protected":false},"author":1,"featured_media":0,"comment_status":"open","ping_status":"open","sticky":false,"template":"","format":"standard","meta":{"footnotes":""},"categories":[1473,1,1501],"tags":[504],"class_list":["post-11836","post","type-post","status-publish","format-standard","hentry","category-acik-erisim","category-genel","category-open-access","tag-dergipark"],"_links":{"self":[{"href":"https:\/\/www.bbyhaber.com\/bby\/wp-json\/wp\/v2\/posts\/11836"}],"collection":[{"href":"https:\/\/www.bbyhaber.com\/bby\/wp-json\/wp\/v2\/posts"}],"about":[{"href":"https:\/\/www.bbyhaber.com\/bby\/wp-json\/wp\/v2\/types\/post"}],"author":[{"embeddable":true,"href":"https:\/\/www.bbyhaber.com\/bby\/wp-json\/wp\/v2\/users\/1"}],"replies":[{"embeddable":true,"href":"https:\/\/www.bbyhaber.com\/bby\/wp-json\/wp\/v2\/comments?post=11836"}],"version-history":[{"count":0,"href":"https:\/\/www.bbyhaber.com\/bby\/wp-json\/wp\/v2\/posts\/11836\/revisions"}],"wp:attachment":[{"href":"https:\/\/www.bbyhaber.com\/bby\/wp-json\/wp\/v2\/media?parent=11836"}],"wp:term":[{"taxonomy":"category","embeddable":true,"href":"https:\/\/www.bbyhaber.com\/bby\/wp-json\/wp\/v2\/categories?post=11836"},{"taxonomy":"post_tag","embeddable":true,"href":"https:\/\/www.bbyhaber.com\/bby\/wp-json\/wp\/v2\/tags?post=11836"}],"curies":[{"name":"wp","href":"https:\/\/api.w.org\/{rel}","templated":true}]}}