{"id":11825,"date":"2013-09-20T21:26:36","date_gmt":"2013-09-20T18:26:36","guid":{"rendered":"http:\/\/www.bbyhaber.com\/bby\/?p=11825"},"modified":"2013-09-20T21:26:45","modified_gmt":"2013-09-20T18:26:45","slug":"siverekte-iki-kutuphane-acildi","status":"publish","type":"post","link":"https:\/\/www.bbyhaber.com\/bby\/2013\/09\/20\/siverekte-iki-kutuphane-acildi","title":{"rendered":"Siverek&#8217;te \u0130ki K\u00fct\u00fcphane A\u00e7\u0131ld\u0131"},"content":{"rendered":"<p style=\"text-align: justify;\"><img loading=\"lazy\" decoding=\"async\" class=\"alignleft\" src=\"http:\/\/cdn.haberfx.net\/images\/news\/641563.jpg\" alt=\"\" width=\"209\" height=\"125\" \/>A\u00e7\u0131l\u0131\u015f t\u00f6renine \u015eanl\u0131urfa Valisi Celalettin G\u00fcven\u00e7, \u015eanl\u0131urfa Milletvekili Zeynep Uslu Karahan, Siverek Kaymakam\u0131 Hamza Erkal, Siverek Belediye Ba\u015fkan\u0131 Ali Murat Bucak, \u015eanl\u0131urfa \u0130l M\u00fcft\u00fcs\u00fc \u0130hsan A\u00e7\u0131k, daire amirleri, STK temsilcileri, \u00f6\u011fretmen, \u00f6\u011frenciler ve mahalle sakinleri kat\u0131ld\u0131.<!--more--><\/p>\n<p style=\"text-align: justify;\">&#8220;Kitap olmadan, k\u00fct\u00fcphane olmadan e\u011fitim olamaz&#8221;<\/p>\n<p style=\"text-align: justify;\">A\u00e7\u0131l\u0131\u015f konu\u015fmas\u0131n\u0131 yapan Siverek Kaymakam\u0131 Hamza Erkal, a\u00e7\u0131l\u0131\u015f\u0131n\u0131 yapacaklar\u0131 k\u00fct\u00fcphanenin e\u011fitimin en \u00f6nemli par\u00e7alar\u0131ndan biri oldu\u011funa dikkat \u00e7ekerek, &#8220;Kitap olmadan, k\u00fct\u00fcphane olmadan e\u011fitim olamaz. Biz \u00f6\u011frencilerimize her \u015feyden \u00f6nce kitap okumay\u0131 \u00f6\u011fretmeliyiz. Kitaplarla b\u00fct\u00fcnle\u015ftirmeyiz. Bug\u00fcn biz bu program\u0131m\u0131zda dikkat ederseniz a\u011fa\u00e7lara, merdivenlere, koridorlara hepsine kitaplar ast\u0131k. Bu kitaplar\u0131n on kat\u0131n\u0131 on be\u015f kat\u0131n\u0131 \u00f6\u011frencilerimize da\u011f\u0131taca\u011f\u0131z.&#8221;dedi.<\/p>\n<p>Kaynak: http:\/\/www.haberfx.net<\/p>\n","protected":false},"excerpt":{"rendered":"<p>A\u00e7\u0131l\u0131\u015f t\u00f6renine \u015eanl\u0131urfa Valisi Celalettin G\u00fcven\u00e7, \u015eanl\u0131urfa Milletvekili Zeynep Uslu Karahan, Siverek Kaymakam\u0131 Hamza Erkal, Siverek Belediye Ba\u015fkan\u0131 Ali Murat Bucak, \u015eanl\u0131urfa \u0130l M\u00fcft\u00fcs\u00fc \u0130hsan A\u00e7\u0131k, daire amirleri, STK temsilcileri, \u00f6\u011fretmen, \u00f6\u011frenciler ve mahalle sakinleri kat\u0131ld\u0131.<\/p>\n","protected":false},"author":1,"featured_media":0,"comment_status":"open","ping_status":"open","sticky":false,"template":"","format":"standard","meta":{"footnotes":""},"categories":[1],"tags":[],"class_list":["post-11825","post","type-post","status-publish","format-standard","hentry","category-genel"],"_links":{"self":[{"href":"https:\/\/www.bbyhaber.com\/bby\/wp-json\/wp\/v2\/posts\/11825"}],"collection":[{"href":"https:\/\/www.bbyhaber.com\/bby\/wp-json\/wp\/v2\/posts"}],"about":[{"href":"https:\/\/www.bbyhaber.com\/bby\/wp-json\/wp\/v2\/types\/post"}],"author":[{"embeddable":true,"href":"https:\/\/www.bbyhaber.com\/bby\/wp-json\/wp\/v2\/users\/1"}],"replies":[{"embeddable":true,"href":"https:\/\/www.bbyhaber.com\/bby\/wp-json\/wp\/v2\/comments?post=11825"}],"version-history":[{"count":0,"href":"https:\/\/www.bbyhaber.com\/bby\/wp-json\/wp\/v2\/posts\/11825\/revisions"}],"wp:attachment":[{"href":"https:\/\/www.bbyhaber.com\/bby\/wp-json\/wp\/v2\/media?parent=11825"}],"wp:term":[{"taxonomy":"category","embeddable":true,"href":"https:\/\/www.bbyhaber.com\/bby\/wp-json\/wp\/v2\/categories?post=11825"},{"taxonomy":"post_tag","embeddable":true,"href":"https:\/\/www.bbyhaber.com\/bby\/wp-json\/wp\/v2\/tags?post=11825"}],"curies":[{"name":"wp","href":"https:\/\/api.w.org\/{rel}","templated":true}]}}