{"id":11822,"date":"2013-09-20T21:23:13","date_gmt":"2013-09-20T18:23:13","guid":{"rendered":"http:\/\/www.bbyhaber.com\/bby\/?p=11822"},"modified":"2013-09-20T21:23:27","modified_gmt":"2013-09-20T18:23:27","slug":"kutuphane-acilisi-yapan-vali-ciddiye-alinmamaktan-yakindi-giresun","status":"publish","type":"post","link":"https:\/\/www.bbyhaber.com\/bby\/2013\/09\/20\/kutuphane-acilisi-yapan-vali-ciddiye-alinmamaktan-yakindi-giresun","title":{"rendered":"K\u00fct\u00fcphane A\u00e7\u0131l\u0131\u015f\u0131 Yapan Vali Ciddiye Al\u0131nmamaktan Yak\u0131nd\u0131-Giresun"},"content":{"rendered":"<p style=\"text-align: justify;\">Giresun Cumhuriyet Ortaokulu&#8217;nda y\u0131llar \u00f6nce e\u011fitim alm\u0131\u015f olan Merhume Emine Durukan Bulutay ad\u0131na e\u015fi Prof. Dr.Tuncer Bulutay taraf\u0131ndan yapt\u0131r\u0131lan &#8220;Emine Durukan Bulutay Modern K\u00fct\u00fcphane&#8221; a\u00e7\u0131l\u0131\u015f\u0131 bug\u00fcn yap\u0131ld\u0131. Milli E\u011fitim M\u00fcd\u00fcr\u00fc Necati Akkurt, Okul M\u00fcd\u00fcr\u00fc Ahmet Hamdi Kara ve k\u00fct\u00fcphane&#8217;yi yapt\u0131ran Prof. Dr. Tuncer Bulutay&#8217;\u0131n yapt\u0131klar\u0131 a\u00e7\u0131l\u0131\u015f konu\u015fmalar\u0131nda kitap ve K\u00fct\u00fcphane&#8217;nin \u00f6nemine vurgu yap\u0131ld\u0131.<!--more--><\/p>\n<p style=\"text-align: justify;\">Son olarak konu\u015fma yapan Giresun Valisi Hasan Karahan, kitap ve k\u00fct\u00fcphane ile ilgili pek \u00e7ok \u015fey s\u00f6ylendi\u011fini ifade ederek &#8220;Ama maalesef anla\u015f\u0131lan o ki bu \u00e7okta ciddiye al\u0131nm\u0131yor. O y\u00fczden ben \u00e7ok fazla bir \u015fey s\u00f6ylemeyece\u011fim. K\u00fct\u00fcphanenin a\u00e7\u0131l\u0131\u015f\u0131nda eme\u011fi ge\u00e7enleri kutluyorum. K\u00fct\u00fcphaneyi okulumuza sa\u011flayan hocam\u0131za te\u015fekk\u00fcr ederken, merhume e\u015fini rahmet ve sayg\u0131yla anarak ruhu \u015fad olsun diyorum&#8221; dedi.<\/p>\n<p style=\"text-align: justify;\">Konu\u015fmalar\u0131n ard\u0131ndan Vali Karahan ve Milli E\u011fitim M\u00fcd\u00fcr\u00fc Akkurt k\u00fct\u00fcphanenin yap\u0131m\u0131n\u0131 sa\u011flayan Prof. Dr.Tuncer Bulutay&#8217;a plaket takdim ettikten sonra beraber &#8216;Emine Durukan Bulutay Modern K\u00fct\u00fcphane&#8217;nin a\u00e7\u0131l\u0131\u015f\u0131 yapt\u0131lar.<\/p>\n<p style=\"text-align: justify;\">A\u00e7\u0131l\u0131\u015f\u0131n ard\u0131ndan Vali Karahan k\u00fct\u00fcphaneyi gezerek \u00f6\u011frencilerin okudu\u011fu kitaplar\u0131 inceledi.<\/p>\n<p style=\"text-align: justify;\">Kaynak:http:\/\/www.haberler.com<\/p>\n","protected":false},"excerpt":{"rendered":"<p>Giresun Cumhuriyet Ortaokulu&#8217;nda y\u0131llar \u00f6nce e\u011fitim alm\u0131\u015f olan Merhume Emine Durukan Bulutay ad\u0131na e\u015fi Prof. Dr.Tuncer Bulutay taraf\u0131ndan yapt\u0131r\u0131lan &#8220;Emine Durukan Bulutay Modern K\u00fct\u00fcphane&#8221; a\u00e7\u0131l\u0131\u015f\u0131 bug\u00fcn yap\u0131ld\u0131. Milli E\u011fitim M\u00fcd\u00fcr\u00fc Necati Akkurt, Okul M\u00fcd\u00fcr\u00fc Ahmet Hamdi Kara ve k\u00fct\u00fcphane&#8217;yi yapt\u0131ran Prof. Dr. Tuncer Bulutay&#8217;\u0131n yapt\u0131klar\u0131 a\u00e7\u0131l\u0131\u015f konu\u015fmalar\u0131nda kitap ve K\u00fct\u00fcphane&#8217;nin \u00f6nemine vurgu yap\u0131ld\u0131.<\/p>\n","protected":false},"author":1,"featured_media":0,"comment_status":"open","ping_status":"open","sticky":false,"template":"","format":"standard","meta":{"footnotes":""},"categories":[1],"tags":[],"class_list":["post-11822","post","type-post","status-publish","format-standard","hentry","category-genel"],"_links":{"self":[{"href":"https:\/\/www.bbyhaber.com\/bby\/wp-json\/wp\/v2\/posts\/11822"}],"collection":[{"href":"https:\/\/www.bbyhaber.com\/bby\/wp-json\/wp\/v2\/posts"}],"about":[{"href":"https:\/\/www.bbyhaber.com\/bby\/wp-json\/wp\/v2\/types\/post"}],"author":[{"embeddable":true,"href":"https:\/\/www.bbyhaber.com\/bby\/wp-json\/wp\/v2\/users\/1"}],"replies":[{"embeddable":true,"href":"https:\/\/www.bbyhaber.com\/bby\/wp-json\/wp\/v2\/comments?post=11822"}],"version-history":[{"count":0,"href":"https:\/\/www.bbyhaber.com\/bby\/wp-json\/wp\/v2\/posts\/11822\/revisions"}],"wp:attachment":[{"href":"https:\/\/www.bbyhaber.com\/bby\/wp-json\/wp\/v2\/media?parent=11822"}],"wp:term":[{"taxonomy":"category","embeddable":true,"href":"https:\/\/www.bbyhaber.com\/bby\/wp-json\/wp\/v2\/categories?post=11822"},{"taxonomy":"post_tag","embeddable":true,"href":"https:\/\/www.bbyhaber.com\/bby\/wp-json\/wp\/v2\/tags?post=11822"}],"curies":[{"name":"wp","href":"https:\/\/api.w.org\/{rel}","templated":true}]}}