{"id":11819,"date":"2013-09-20T10:36:26","date_gmt":"2013-09-20T07:36:26","guid":{"rendered":"http:\/\/www.bbyhaber.com\/bby\/?p=11819"},"modified":"2015-09-10T09:48:03","modified_gmt":"2015-09-10T06:48:03","slug":"duayen-kutuphaneci-m-turker-acaroglu-99-yasinda","status":"publish","type":"post","link":"https:\/\/www.bbyhaber.com\/bby\/2013\/09\/20\/duayen-kutuphaneci-m-turker-acaroglu-99-yasinda","title":{"rendered":"Duayen K\u00fct\u00fcphaneci M. T\u00fcrker Acaro\u011flu 99 Ya\u015f\u0131nda!"},"content":{"rendered":"<p style=\"text-align: justify;\">M. T\u00fcrker Acaro\u011flu Kitapl\u0131\u011f\u0131 a\u00e7\u0131l\u0131yor. Duayen K\u00fct\u00fcphaneci, \u00e7evirmen, yazar, emekli derleme m\u00fcd\u00fcr\u00fc M. T\u00fcrker Acaro\u011flu 99 ya\u015f\u0131nda. Maltepe \u00dcniversitesi duayen k\u00fct\u00fcphanecinin 99. ya\u015f g\u00fcn\u00fcn\u00fc Acaro\u011flu\u2019nun ad\u0131n\u0131n verildi\u011fi bir kitapl\u0131k a\u00e7\u0131l\u0131\u015f\u0131 ile kutlayacak. Duayen K\u00fct\u00fcphaneci M. T\u00fcrker Acaro\u011flu taraf\u0131ndan Maltepe \u00dcniverstesi K\u00fct\u00fcphane ve Dok\u00fcmantasyon Daire Ba\u015fkanl\u0131\u011f\u0131\u2019na ba\u011f\u0131\u015flanan nadir eser niteli\u011findeki 4 bin kitaptan olu\u015fan \u00f6zel kitapl\u0131\u011f\u0131 Acaro\u011flu\u2019nun 99. ya\u015f g\u00fcn\u00fc an\u0131s\u0131na t\u00f6renle a\u00e7\u0131lacak. A\u00e7\u0131l\u0131\u015fta ayr\u0131ca Maltepe \u00dcniversitesi ve M. T\u00fcrker Acaro\u011flu aras\u0131nda \u201cK\u00fct\u00fcphane Ba\u011f\u0131\u015f Protokol\u00fc\u201d imzalanacakt\u0131r.<!--more--><\/p>\n<div>\n<div dir=\"ltr\">\n<div style=\"text-align: justify;\">\u00c7o\u011fu yazarlar\u0131ndan imzal\u0131 edebiyat, tarih, tiyatro, sinema, bas\u0131n tarihi, felsefe, teoloji, siyaset bilim konular\u0131nda \u00e7ok \u00f6zel bir koleksiyondan olu\u015fan M. T\u00fcrker Acaro\u011flu Kitapl\u0131\u011f\u0131 \u201cArsis Grup\u201d sponsorlu\u011funda \u201cEasyClean\u201d markal\u0131 kitap sterilizasyon cihaz\u0131 ile bakterilerden ar\u0131nd\u0131r\u0131lm\u0131\u015f ve temizleme i\u015flemi ger\u00e7ekle\u015ftirilmi\u015ftir.<strong>20 Eyl\u00fcl 2013 Cuma g\u00fcn\u00fc saat 14.30<\/strong>\u2019da ger\u00e7ekle\u015fecek T\u00fcrker Acaro\u011flu Kitapl\u0131\u011f\u0131 A\u00e7\u0131l\u0131\u015f\u0131 ve M. T\u00fcrker Acaro\u011flu 99. Ya\u015f G\u00fcn\u00fc Kutlamas\u0131nda sizleri de aram\u0131zda g\u00f6rmekten mutluluk duyaca\u011f\u0131z.<\/div>\n<\/div>\n<\/div>\n<div>\n<div dir=\"ltr\">\n<div>Yer : Maltepe \u00dcniversitesi K\u00fct\u00fcphanesi<br \/>\nTarih : 20 Eyl\u00fcl 2013 Cuma<br \/>\nSaat : 14:30<br \/>\nAdres: Marmara E\u011fitim K\u00f6y\u00fc 34857 Ba\u015f\u0131b\u00fcy\u00fck \u2013 Maltepe \/ \u0130STANBUL<br \/>\nTel : 0216 626 10 50 \/ 2024 &#8211; 2036<br \/>\nK\u00fct\u00fcphane dahili: 2051<br \/>\nUla\u015f\u0131m i\u00e7in:\u00a0<a href=\"http:\/\/upload.facebook.com\/l.php?u=http%3A%2F%2Fwww.maltepe.edu.tr%2Ftr%2Filetisim&amp;h=SAQH67OyEAQGf3b3x44z8uQ9Vxq1N-lBKFbg32zOjBSiqcg&amp;s=1\" rel=\"nofollow nofollow\" target=\"_blank\">http:\/\/www.maltepe.edu.<wbr>tr\/tr\/iletisim<\/wbr><\/a><\/div>\n<div>Kaynak:<strong><br \/>\nAyd\u0131n \u0130leri<\/strong><\/div>\n<div><strong>Maltepe \u00dcniversitesi<\/strong><\/div>\n<div><strong>K\u00fct\u00fcphane ve Dok\u00fcmantasyon Daire Ba\u015fkan\u0131<\/strong><\/div>\n<div><a href=\"mailto:aydinileri@maltepe.edu.tr\" target=\"_blank\">aydinileri@maltepe.edu.tr<\/a><\/p>\n<div><a href=\"mailto:kutuphane@maltepe.edu.tr\" target=\"_blank\">kutuphane@maltepe.edu.tr<\/a><\/div>\n<\/div>\n<\/div>\n<\/div>\n","protected":false},"excerpt":{"rendered":"<p>M. T\u00fcrker Acaro\u011flu Kitapl\u0131\u011f\u0131 a\u00e7\u0131l\u0131yor. Duayen K\u00fct\u00fcphaneci, \u00e7evirmen, yazar, emekli derleme m\u00fcd\u00fcr\u00fc M. T\u00fcrker Acaro\u011flu 99 ya\u015f\u0131nda. Maltepe \u00dcniversitesi duayen k\u00fct\u00fcphanecinin 99. ya\u015f g\u00fcn\u00fcn\u00fc Acaro\u011flu\u2019nun ad\u0131n\u0131n verildi\u011fi bir kitapl\u0131k a\u00e7\u0131l\u0131\u015f\u0131 ile kutlayacak. Duayen K\u00fct\u00fcphaneci M. T\u00fcrker Acaro\u011flu taraf\u0131ndan Maltepe \u00dcniverstesi K\u00fct\u00fcphane ve Dok\u00fcmantasyon Daire Ba\u015fkanl\u0131\u011f\u0131\u2019na ba\u011f\u0131\u015flanan nadir eser niteli\u011findeki 4 bin kitaptan olu\u015fan \u00f6zel kitapl\u0131\u011f\u0131 [&hellip;]<\/p>\n","protected":false},"author":1,"featured_media":0,"comment_status":"open","ping_status":"open","sticky":false,"template":"","format":"standard","meta":{"footnotes":""},"categories":[1476,1],"tags":[503],"class_list":["post-11819","post","type-post","status-publish","format-standard","hentry","category-aydin-ileri","category-genel","tag-m-turker-acaroglu"],"_links":{"self":[{"href":"https:\/\/www.bbyhaber.com\/bby\/wp-json\/wp\/v2\/posts\/11819"}],"collection":[{"href":"https:\/\/www.bbyhaber.com\/bby\/wp-json\/wp\/v2\/posts"}],"about":[{"href":"https:\/\/www.bbyhaber.com\/bby\/wp-json\/wp\/v2\/types\/post"}],"author":[{"embeddable":true,"href":"https:\/\/www.bbyhaber.com\/bby\/wp-json\/wp\/v2\/users\/1"}],"replies":[{"embeddable":true,"href":"https:\/\/www.bbyhaber.com\/bby\/wp-json\/wp\/v2\/comments?post=11819"}],"version-history":[{"count":0,"href":"https:\/\/www.bbyhaber.com\/bby\/wp-json\/wp\/v2\/posts\/11819\/revisions"}],"wp:attachment":[{"href":"https:\/\/www.bbyhaber.com\/bby\/wp-json\/wp\/v2\/media?parent=11819"}],"wp:term":[{"taxonomy":"category","embeddable":true,"href":"https:\/\/www.bbyhaber.com\/bby\/wp-json\/wp\/v2\/categories?post=11819"},{"taxonomy":"post_tag","embeddable":true,"href":"https:\/\/www.bbyhaber.com\/bby\/wp-json\/wp\/v2\/tags?post=11819"}],"curies":[{"name":"wp","href":"https:\/\/api.w.org\/{rel}","templated":true}]}}